{"id":205420,"date":"2022-09-26T20:24:32","date_gmt":"2022-09-27T01:24:32","guid":{"rendered":"http:\/\/vertienteglobal.com\/?p=205420"},"modified":"2022-09-27T16:19:14","modified_gmt":"2022-09-27T21:19:14","slug":"asume-la-sedarpe-linda-saray-cobos-castro","status":"publish","type":"post","link":"http:\/\/vertienteglobal.com\/?p=205420","title":{"rendered":"Asume la SEDARPE Linda Saray Cobos Castro"},"content":{"rendered":"\n<div class=\"twitterbutton\" style=\"float: right; padding-left: 5px;\"><a href=\"http:\/\/twitter.com\/share\" class=\"twitter-share-button\" data-count=\"horizontal\" data-text=\"Asume la SEDARPE Linda Saray Cobos Castro\" data-via=\"https:\/\/twitter.com\/VertienteGloba1\" data-url=\"http:\/\/vertienteglobal.com\/?p=205420\" data-lang=\"es\" data-related=\"Informaci\u00f3n general:S\u00edguenos para que est\u00e9ss informado\"><\/a><\/div>\n<figure class=\"wp-block-image size-large\"><img loading=\"lazy\" decoding=\"async\" width=\"1024\" height=\"591\" src=\"http:\/\/vertienteglobal.com\/wp-content\/uploads\/2022\/09\/SEDARPE-Nombramiento-01-1024x591.jpeg\" alt=\"\" class=\"wp-image-205421\" srcset=\"http:\/\/vertienteglobal.com\/wp-content\/uploads\/2022\/09\/SEDARPE-Nombramiento-01-1024x591.jpeg 1024w, http:\/\/vertienteglobal.com\/wp-content\/uploads\/2022\/09\/SEDARPE-Nombramiento-01-300x173.jpeg 300w, http:\/\/vertienteglobal.com\/wp-content\/uploads\/2022\/09\/SEDARPE-Nombramiento-01-150x87.jpeg 150w, http:\/\/vertienteglobal.com\/wp-content\/uploads\/2022\/09\/SEDARPE-Nombramiento-01-768x443.jpeg 768w, http:\/\/vertienteglobal.com\/wp-content\/uploads\/2022\/09\/SEDARPE-Nombramiento-01.jpeg 1280w\" sizes=\"auto, (max-width: 1024px) 100vw, 1024px\" \/><\/figure>\n\n\n\n<p>(Redacci\u00f3n)<\/p>\n\n\n\n<p>Llama a trabajar con honestidad, eficiencia y profesionalismo para avanzar en la transformaci\u00f3n del proyecto de gobierno de Mara Lezama<\/p>\n\n\n\n<p>Chetumal, Quintana Roo 26 de septiembre de 2022.- En representaci\u00f3n de la gobernadora de Quintana Roo, Mara Lezama, la Secretaria de Gobierno, Mar\u00eda Cristina Torres G\u00f3mez dio posesi\u00f3n a la Secretaria de Desarrollo Agropecuario, Rural y Pesca (SEDARPE), Linda Saray Cobos Castro, en sustituci\u00f3n de Luis Torres, como parte de los nombramientos de la nueva administraci\u00f3n estatal de entrega recepci\u00f3n.<\/p>\n\n\n\n<p>Ante la Secretaria Estatal de la Contralor\u00eda, Reyna Arceo Rosado, de la Secretaria T\u00e9cnica de la Auditor\u00eda Superior de Quintana Roo, Mar\u00eda del Pilar Ayala Ram\u00edrez y personal de la SEDARPE, se\u00f1al\u00f3 que como aliada del pueblo pondr\u00e1 todo su empe\u00f1o y profesionalismo para trabajar con honestidad y eficiencia para darle resultados a la gente del campo.<\/p>\n\n\n\n<p>Dijo que llega a la SEDARPE a servir al pueblo como parte del proyecto que representa nuestra gobernadora Mara Lezama para la transformaci\u00f3n de Quintana Roo.<\/p>\n\n\n\n<figure class=\"wp-block-image size-large\"><img loading=\"lazy\" decoding=\"async\" width=\"585\" height=\"390\" src=\"http:\/\/vertienteglobal.com\/wp-content\/uploads\/2022\/09\/SEDARPE-Nombramiento-02-585x390-1.jpeg\" alt=\"\" class=\"wp-image-205422\" srcset=\"http:\/\/vertienteglobal.com\/wp-content\/uploads\/2022\/09\/SEDARPE-Nombramiento-02-585x390-1.jpeg 585w, http:\/\/vertienteglobal.com\/wp-content\/uploads\/2022\/09\/SEDARPE-Nombramiento-02-585x390-1-300x200.jpeg 300w, http:\/\/vertienteglobal.com\/wp-content\/uploads\/2022\/09\/SEDARPE-Nombramiento-02-585x390-1-150x100.jpeg 150w\" sizes=\"auto, (max-width: 585px) 100vw, 585px\" \/><\/figure>\n","protected":false},"excerpt":{"rendered":"<p>(Redacci\u00f3n) Llama a trabajar con honestidad, eficiencia y profesionalismo para avanzar en la transformaci\u00f3n del proyecto de gobierno de Mara Lezama Chetumal, Quintana Roo 26 de septiembre de 2022.- En representaci\u00f3n de la gobernadora de Quintana Roo, Mara Lezama, la Secretaria de Gobierno, Mar\u00eda Cristina Torres G\u00f3mez dio posesi\u00f3n a la Secretaria de Desarrollo Agropecuario, [&hellip;]<\/p>\n","protected":false},"author":1,"featured_media":205421,"comment_status":"open","ping_status":"open","sticky":false,"template":"","format":"standard","meta":{"footnotes":""},"categories":[3],"tags":[],"class_list":["post-205420","post","type-post","status-publish","format-standard","has-post-thumbnail","hentry","category-quintana-roo","entry","has-media"],"jetpack_featured_media_url":"http:\/\/vertienteglobal.com\/wp-content\/uploads\/2022\/09\/SEDARPE-Nombramiento-01.jpeg","_links":{"self":[{"href":"http:\/\/vertienteglobal.com\/index.php?rest_route=\/wp\/v2\/posts\/205420","targetHints":{"allow":["GET"]}}],"collection":[{"href":"http:\/\/vertienteglobal.com\/index.php?rest_route=\/wp\/v2\/posts"}],"about":[{"href":"http:\/\/vertienteglobal.com\/index.php?rest_route=\/wp\/v2\/types\/post"}],"author":[{"embeddable":true,"href":"http:\/\/vertienteglobal.com\/index.php?rest_route=\/wp\/v2\/users\/1"}],"replies":[{"embeddable":true,"href":"http:\/\/vertienteglobal.com\/index.php?rest_route=%2Fwp%2Fv2%2Fcomments&post=205420"}],"version-history":[{"count":0,"href":"http:\/\/vertienteglobal.com\/index.php?rest_route=\/wp\/v2\/posts\/205420\/revisions"}],"wp:featuredmedia":[{"embeddable":true,"href":"http:\/\/vertienteglobal.com\/index.php?rest_route=\/wp\/v2\/media\/205421"}],"wp:attachment":[{"href":"http:\/\/vertienteglobal.com\/index.php?rest_route=%2Fwp%2Fv2%2Fmedia&parent=205420"}],"wp:term":[{"taxonomy":"category","embeddable":true,"href":"http:\/\/vertienteglobal.com\/index.php?rest_route=%2Fwp%2Fv2%2Fcategories&post=205420"},{"taxonomy":"post_tag","embeddable":true,"href":"http:\/\/vertienteglobal.com\/index.php?rest_route=%2Fwp%2Fv2%2Ftags&post=205420"}],"curies":[{"name":"wp","href":"https:\/\/api.w.org\/{rel}","templated":true}]}}