{"id":205139,"date":"2022-09-17T16:24:00","date_gmt":"2022-09-17T21:24:00","guid":{"rendered":"http:\/\/vertienteglobal.com\/?p=205139"},"modified":"2022-09-17T16:47:27","modified_gmt":"2022-09-17T21:47:27","slug":"jorge-ortiz-de-pinedo-que-es-el-epoc-la-dura-enfermedad-que-padece","status":"publish","type":"post","link":"http:\/\/vertienteglobal.com\/?p=205139","title":{"rendered":"Jorge Ort\u00edz de Pinedo: \u00bfqu\u00e9 es el EPOC, la dura enfermedad que padece?"},"content":{"rendered":"\n<div class=\"twitterbutton\" style=\"float: right; padding-left: 5px;\"><a href=\"http:\/\/twitter.com\/share\" class=\"twitter-share-button\" data-count=\"horizontal\" data-text=\"Jorge Ort\u00edz de Pinedo: \u00bfqu\u00e9 es el EPOC, la dura enfermedad que padece?\" data-via=\"https:\/\/twitter.com\/VertienteGloba1\" data-url=\"http:\/\/vertienteglobal.com\/?p=205139\" data-lang=\"es\" data-related=\"Informaci\u00f3n general:S\u00edguenos para que est\u00e9ss informado\"><\/a><\/div>\n<figure class=\"wp-block-image size-large\"><img loading=\"lazy\" decoding=\"async\" width=\"660\" height=\"330\" src=\"http:\/\/vertienteglobal.com\/wp-content\/uploads\/2022\/09\/f1280x720-23939_155614_5720-660x330-1.jpg\" alt=\"\" class=\"wp-image-205140\" srcset=\"http:\/\/vertienteglobal.com\/wp-content\/uploads\/2022\/09\/f1280x720-23939_155614_5720-660x330-1.jpg 660w, http:\/\/vertienteglobal.com\/wp-content\/uploads\/2022\/09\/f1280x720-23939_155614_5720-660x330-1-300x150.jpg 300w, http:\/\/vertienteglobal.com\/wp-content\/uploads\/2022\/09\/f1280x720-23939_155614_5720-660x330-1-150x75.jpg 150w\" sizes=\"auto, (max-width: 660px) 100vw, 660px\" \/><\/figure>\n\n\n\n<p>(Redacci\u00f3n)<\/p>\n\n\n\n<p>Ortiz de Pinedo decidi\u00f3 ser sincero ante las preguntas de la periodista Matilde Obreg\u00f3n, para la plataforma Youtube, y a sus 74 a\u00f1os, dijo que su estado de salud es muy grave<\/p>\n\n\n\n<p>Ciudad de M\u00e9xico 17 de septiembre 2022.-El actor Jorge Ortiz de Pinedo es muy famoso uno de sus programas m\u00e1s exitoso fue \u2018Cero en Conducta\u2019, pero muchos actores de ah\u00ed quedaron en el olvido, adem\u00e1s, el comediante sufre EPOC desde hace a\u00f1os, por lo que dijo est\u00e1 condenado a morir.<\/p>\n\n\n\n<p>\u00bfQu\u00e9 es el EPOC, la enfermedad que padece Jorge Ortiz de Pinedo?<\/p>\n\n\n\n<p>As\u00ed, el actor y productor de Televisa, Jorge Ortiz de Pinedo, decidi\u00f3 hablar sobre su Enfermedad Pulmonar Obstructiva Cr\u00f3nica (EPOC) que padece desde hace a\u00f1os, lo cual lo condena morir en los pr\u00f3ximos a\u00f1os, de acuerdo con su testimonio.<\/p>\n\n\n\n<p>Ortiz de Pinedo decidi\u00f3 ser sincero ante las preguntas de la periodista Matilde Obreg\u00f3n, para la plataforma Youtube, y a sus 74 a\u00f1os, dijo que su estado de salud es muy grave.<\/p>\n\n\n\n<p>Primero, el EPOC es un conjunto de enfermedades pulmonares que obstruyen la circulaci\u00f3n del aire y dificultan la respiraci\u00f3n. As\u00ed, el actor comenz\u00f3 a tener problemas de c\u00e1ncer en 2014 y desde entonces, la enfermedad se agrav\u00f3.<\/p>\n\n\n\n<p>\u201cAgradezco la salud que tengo, que no es buena. No es buena porque me dio hace 8 a\u00f1os c\u00e1ncer, me detectaron un tumor en un pulm\u00f3n izquierdo, en el l\u00f3bulo superior y me lo quitaron completo el l\u00f3bulo\u201d, explic\u00f3.<\/p>\n\n\n\n<p>\u00bfPor qu\u00e9 Jorge Ortiz de Pinedo padece EPOC?<\/p>\n\n\n\n<p>Luego de revelar sus problemas de salud, Jorge Ortiz de Pinedo explic\u00f3 la importante raz\u00f3n por la que desarroll\u00f3 EPOC y el tratamiento que comenz\u00f3 a seguir.<\/p>\n\n\n\n<p>\u201cEse susto que pas\u00e9 me provoc\u00f3 diabetes, soy diab\u00e9tico. Y por haber fumado 47 a\u00f1os de mi vida tengo EPOC, la enfermedad pulmonar cr\u00f3nica\u201d, indic\u00f3 a la presentadora.<\/p>\n\n\n\n<p>Ante esto, Ortiz de Pinedo dijo que le cuesta mucho trabajo respirar con normalidad, y se le complica m\u00e1s al vivir en la Ciudad de M\u00e9xico por los niveles de contaminaci\u00f3n que hay.<\/p>\n\n\n\n<p>\u201cEstoy condenado a morir un d\u00eda asfixiado porque no voy a poder respirar, eso es una condena, es natural\u201d, afirm\u00f3.<\/p>\n\n\n\n<p>Ante su problema, Ortiz de Pinedo pidi\u00f3 a los fumadores ser m\u00e1s conscientes de los da\u00f1os, pues \u00e9l fue testigo de la muerte de sus amigos por c\u00e1ncer pulmonar y es por esto que decidi\u00f3 dear el tabaco tras d\u00e9cadas de haber tenido el cigarro como un h\u00e1bito.(Fuente:Radio F\u00f3rmula)<\/p>\n","protected":false},"excerpt":{"rendered":"<p>(Redacci\u00f3n) Ortiz de Pinedo decidi\u00f3 ser sincero ante las preguntas de la periodista Matilde Obreg\u00f3n, para la plataforma Youtube, y a sus 74 a\u00f1os, dijo que su estado de salud es muy grave Ciudad de M\u00e9xico 17 de septiembre 2022.-El actor Jorge Ortiz de Pinedo es muy famoso uno de sus programas m\u00e1s exitoso fue [&hellip;]<\/p>\n","protected":false},"author":1,"featured_media":205140,"comment_status":"open","ping_status":"open","sticky":false,"template":"","format":"standard","meta":{"footnotes":""},"categories":[10,8],"tags":[],"class_list":["post-205139","post","type-post","status-publish","format-standard","has-post-thumbnail","hentry","category-espectaculos","category-pais","entry","has-media"],"jetpack_featured_media_url":"http:\/\/vertienteglobal.com\/wp-content\/uploads\/2022\/09\/f1280x720-23939_155614_5720-660x330-1.jpg","_links":{"self":[{"href":"http:\/\/vertienteglobal.com\/index.php?rest_route=\/wp\/v2\/posts\/205139","targetHints":{"allow":["GET"]}}],"collection":[{"href":"http:\/\/vertienteglobal.com\/index.php?rest_route=\/wp\/v2\/posts"}],"about":[{"href":"http:\/\/vertienteglobal.com\/index.php?rest_route=\/wp\/v2\/types\/post"}],"author":[{"embeddable":true,"href":"http:\/\/vertienteglobal.com\/index.php?rest_route=\/wp\/v2\/users\/1"}],"replies":[{"embeddable":true,"href":"http:\/\/vertienteglobal.com\/index.php?rest_route=%2Fwp%2Fv2%2Fcomments&post=205139"}],"version-history":[{"count":0,"href":"http:\/\/vertienteglobal.com\/index.php?rest_route=\/wp\/v2\/posts\/205139\/revisions"}],"wp:featuredmedia":[{"embeddable":true,"href":"http:\/\/vertienteglobal.com\/index.php?rest_route=\/wp\/v2\/media\/205140"}],"wp:attachment":[{"href":"http:\/\/vertienteglobal.com\/index.php?rest_route=%2Fwp%2Fv2%2Fmedia&parent=205139"}],"wp:term":[{"taxonomy":"category","embeddable":true,"href":"http:\/\/vertienteglobal.com\/index.php?rest_route=%2Fwp%2Fv2%2Fcategories&post=205139"},{"taxonomy":"post_tag","embeddable":true,"href":"http:\/\/vertienteglobal.com\/index.php?rest_route=%2Fwp%2Fv2%2Ftags&post=205139"}],"curies":[{"name":"wp","href":"https:\/\/api.w.org\/{rel}","templated":true}]}}