{"id":204994,"date":"2022-09-12T15:52:00","date_gmt":"2022-09-12T20:52:00","guid":{"rendered":"http:\/\/vertienteglobal.com\/?p=204994"},"modified":"2022-09-12T16:23:34","modified_gmt":"2022-09-12T21:23:34","slug":"apiqroo-no-elevara-la-tarifa-por-uso-de-infraestructura-portuaria-en-sus-muelles","status":"publish","type":"post","link":"http:\/\/vertienteglobal.com\/?p=204994","title":{"rendered":"APIQROO no elevar\u00e1 la tarifa por uso de infraestructura portuaria en sus muelles"},"content":{"rendered":"\n<div class=\"twitterbutton\" style=\"float: right; padding-left: 5px;\"><a href=\"http:\/\/twitter.com\/share\" class=\"twitter-share-button\" data-count=\"horizontal\" data-text=\"APIQROO no elevar\u00e1 la tarifa por uso de infraestructura portuaria en sus muelle...\" data-via=\"https:\/\/twitter.com\/VertienteGloba1\" data-url=\"http:\/\/vertienteglobal.com\/?p=204994\" data-lang=\"es\" data-related=\"Informaci\u00f3n general:S\u00edguenos para que est\u00e9ss informado\"><\/a><\/div>\n<figure class=\"wp-block-image size-large\"><img loading=\"lazy\" decoding=\"async\" width=\"1024\" height=\"768\" src=\"http:\/\/vertienteglobal.com\/wp-content\/uploads\/2022\/09\/IMG-20220912-WA0197-1024x768.jpg\" alt=\"\" class=\"wp-image-204995\" srcset=\"http:\/\/vertienteglobal.com\/wp-content\/uploads\/2022\/09\/IMG-20220912-WA0197-1024x768.jpg 1024w, http:\/\/vertienteglobal.com\/wp-content\/uploads\/2022\/09\/IMG-20220912-WA0197-300x225.jpg 300w, http:\/\/vertienteglobal.com\/wp-content\/uploads\/2022\/09\/IMG-20220912-WA0197-150x113.jpg 150w, http:\/\/vertienteglobal.com\/wp-content\/uploads\/2022\/09\/IMG-20220912-WA0197-768x576.jpg 768w, http:\/\/vertienteglobal.com\/wp-content\/uploads\/2022\/09\/IMG-20220912-WA0197.jpg 1280w\" sizes=\"auto, (max-width: 1024px) 100vw, 1024px\" \/><\/figure>\n\n\n\n<p>(Redacci\u00f3n)<\/p>\n\n\n\n<p>Hasta el d\u00eda de hoy, la Apiqroo no ha hecho ning\u00fan incremento en las tarifas de amarre de cabos o por uso de infraestructura portuaria<\/p>\n\n\n\n<p>Las tarifas que se cobran a las navieras de ruta y transbordador se mantendr\u00e1n hasta finales de 2022<\/p>\n\n\n\n<p>Canc\u00fan, Quintana Roo 12 de septiembre 2022.- La Administraci\u00f3n Portuaria Integral de Quintana Roo (Apiqroo) no elevar\u00e1 la tarifas por el uso de infraestructura portuaria en sus muelles, reci\u00e9n publicadas en el Diario Oficial de la Federaci\u00f3n (DOF), para que los concesionarios mantengan sin cambios el costo de las tarifas de sus servicios, afirm\u00f3 la directora de la paraestatal, Alicia Ricalde Maga\u00f1a.<\/p>\n\n\n\n<p>La funcionaria explic\u00f3 que la Apiqroo solicita anualmente a la Direcci\u00f3n General de Puertos la actualizaci\u00f3n de las tarifas por uso de infraestructura portuaria, de acuerdo a lo estipulado en su t\u00edtulo de concesi\u00f3n, como las dem\u00e1s Apis o Administraciones del Sistema Portuario Nacional (Asiponas).<\/p>\n\n\n\n<p>Destac\u00f3 que si bien es cierto que las tarifas se actualizan al a\u00f1o de acuerdo al porcentaje de incremento de la inflaci\u00f3n, \u201ceso no significa que la tarifa m\u00e1xima autorizada se haga efectiva, por tanto, hacemos de conocimiento a nuestros usuarios que las tarifas aplicables hasta el d\u00eda de hoy, no tienen ninguna modificaci\u00f3n\u201d.<\/p>\n\n\n\n<p>Recalc\u00f3 que a\u00fan cuando la autorizaci\u00f3n del incremento se di\u00f3 el 8 de junio del presente a\u00f1o y publicado en el Diario Oficial de la Federaci\u00f3n, el 31 de agosto, las tarifas que se cobran a las navieras de ruta y transbordador, se mantendr\u00e1n hasta finales de 2022.<\/p>\n\n\n\n<p>\u201cUno de los compromisos de la actual administraci\u00f3n con los quintanarroenses, en el \u00e1mbito de la competencia de la Apiqroo, es y ser\u00e1 privilegiar en todo momento la econom\u00eda de los habitantes de las \u00ednsulas\u201d.<\/p>\n\n\n\n<p>En este sentido, Alicia Ricalde reiter\u00f3 que hasta el d\u00eda de hoy, la Apiqroo no ha hecho ning\u00fan incremento en las tarifas de amarre de cabos o por uso de infraestructura portuaria.<\/p>\n","protected":false},"excerpt":{"rendered":"<p>(Redacci\u00f3n) Hasta el d\u00eda de hoy, la Apiqroo no ha hecho ning\u00fan incremento en las tarifas de amarre de cabos o por uso de infraestructura portuaria Las tarifas que se cobran a las navieras de ruta y transbordador se mantendr\u00e1n hasta finales de 2022 Canc\u00fan, Quintana Roo 12 de septiembre 2022.- La Administraci\u00f3n Portuaria Integral [&hellip;]<\/p>\n","protected":false},"author":1,"featured_media":204995,"comment_status":"open","ping_status":"open","sticky":false,"template":"","format":"standard","meta":{"footnotes":""},"categories":[3],"tags":[],"class_list":["post-204994","post","type-post","status-publish","format-standard","has-post-thumbnail","hentry","category-quintana-roo","entry","has-media"],"jetpack_featured_media_url":"http:\/\/vertienteglobal.com\/wp-content\/uploads\/2022\/09\/IMG-20220912-WA0197.jpg","_links":{"self":[{"href":"http:\/\/vertienteglobal.com\/index.php?rest_route=\/wp\/v2\/posts\/204994","targetHints":{"allow":["GET"]}}],"collection":[{"href":"http:\/\/vertienteglobal.com\/index.php?rest_route=\/wp\/v2\/posts"}],"about":[{"href":"http:\/\/vertienteglobal.com\/index.php?rest_route=\/wp\/v2\/types\/post"}],"author":[{"embeddable":true,"href":"http:\/\/vertienteglobal.com\/index.php?rest_route=\/wp\/v2\/users\/1"}],"replies":[{"embeddable":true,"href":"http:\/\/vertienteglobal.com\/index.php?rest_route=%2Fwp%2Fv2%2Fcomments&post=204994"}],"version-history":[{"count":0,"href":"http:\/\/vertienteglobal.com\/index.php?rest_route=\/wp\/v2\/posts\/204994\/revisions"}],"wp:featuredmedia":[{"embeddable":true,"href":"http:\/\/vertienteglobal.com\/index.php?rest_route=\/wp\/v2\/media\/204995"}],"wp:attachment":[{"href":"http:\/\/vertienteglobal.com\/index.php?rest_route=%2Fwp%2Fv2%2Fmedia&parent=204994"}],"wp:term":[{"taxonomy":"category","embeddable":true,"href":"http:\/\/vertienteglobal.com\/index.php?rest_route=%2Fwp%2Fv2%2Fcategories&post=204994"},{"taxonomy":"post_tag","embeddable":true,"href":"http:\/\/vertienteglobal.com\/index.php?rest_route=%2Fwp%2Fv2%2Ftags&post=204994"}],"curies":[{"name":"wp","href":"https:\/\/api.w.org\/{rel}","templated":true}]}}