{"id":204897,"date":"2022-09-08T14:19:00","date_gmt":"2022-09-08T19:19:00","guid":{"rendered":"http:\/\/vertienteglobal.com\/?p=204897"},"modified":"2022-09-08T14:16:35","modified_gmt":"2022-09-08T19:16:35","slug":"pandora-y-flans-llegaran-a-tabasco-en-diciembre-con-su-inesperado-tour","status":"publish","type":"post","link":"http:\/\/vertienteglobal.com\/?p=204897","title":{"rendered":"Pandora y Flans llegar\u00e1n a Tabasco en diciembre con su &#8216;Inesperado tour&#8217;"},"content":{"rendered":"\n<div class=\"twitterbutton\" style=\"float: right; padding-left: 5px;\"><a href=\"http:\/\/twitter.com\/share\" class=\"twitter-share-button\" data-count=\"horizontal\" data-text=\"Pandora y Flans llegar\u00e1n a Tabasco en diciembre con su &#8216;Inesperado tour&#...\" data-via=\"https:\/\/twitter.com\/VertienteGloba1\" data-url=\"http:\/\/vertienteglobal.com\/?p=204897\" data-lang=\"es\" data-related=\"Informaci\u00f3n general:S\u00edguenos para que est\u00e9ss informado\"><\/a><\/div>\n<figure class=\"wp-block-image size-large\"><img loading=\"lazy\" decoding=\"async\" width=\"1024\" height=\"683\" src=\"http:\/\/vertienteglobal.com\/wp-content\/uploads\/2022\/09\/186798.jpg\" alt=\"\" class=\"wp-image-204898\" srcset=\"http:\/\/vertienteglobal.com\/wp-content\/uploads\/2022\/09\/186798.jpg 1024w, http:\/\/vertienteglobal.com\/wp-content\/uploads\/2022\/09\/186798-300x200.jpg 300w, http:\/\/vertienteglobal.com\/wp-content\/uploads\/2022\/09\/186798-150x100.jpg 150w, http:\/\/vertienteglobal.com\/wp-content\/uploads\/2022\/09\/186798-768x512.jpg 768w\" sizes=\"auto, (max-width: 1024px) 100vw, 1024px\" \/><\/figure>\n\n\n\n<p>(Redacci\u00f3n)<\/p>\n\n\n\n<p>La cita es el 17 de diciembre en el Teatro al aire libre del Parque Tabasco &#8216;Dora Mar\u00eda&#8217;, a las 9:30 de la noche<\/p>\n\n\n\n<p>Villahermosa, Tabasco 8 de septiembre de 2012.-Las integrantes del grupo Pandora, Isabel, Fernanda y Mayte; as\u00ed como de Flans, Ilse, Ivonne y Mim\u00ed, llegar\u00e1n a Villahermosa con su &#8216;Inesperado tour&#8217;, con el cual har\u00e1n bailar y cantar a su p\u00fablico tabasque\u00f1o.<\/p>\n\n\n\n<p>Y es que la cita es el 17 de diciembre en el Teatro al aire libre del Parque Tabasco &#8216;Dora Mar\u00eda&#8217;, a las 9:30 de la noche.<\/p>\n\n\n\n<p>Los boletos est\u00e1n a la venta en el sitio showbiz ticket y en el hotel Hampton Inn.<\/p>\n","protected":false},"excerpt":{"rendered":"<p>(Redacci\u00f3n) La cita es el 17 de diciembre en el Teatro al aire libre del Parque Tabasco &#8216;Dora Mar\u00eda&#8217;, a las 9:30 de la noche Villahermosa, Tabasco 8 de septiembre de 2012.-Las integrantes del grupo Pandora, Isabel, Fernanda y Mayte; as\u00ed como de Flans, Ilse, Ivonne y Mim\u00ed, llegar\u00e1n a Villahermosa con su &#8216;Inesperado tour&#8217;, [&hellip;]<\/p>\n","protected":false},"author":1,"featured_media":204898,"comment_status":"open","ping_status":"open","sticky":false,"template":"","format":"standard","meta":{"footnotes":""},"categories":[10,5],"tags":[],"class_list":["post-204897","post","type-post","status-publish","format-standard","has-post-thumbnail","hentry","category-espectaculos","category-tabasco","entry","has-media"],"jetpack_featured_media_url":"http:\/\/vertienteglobal.com\/wp-content\/uploads\/2022\/09\/186798.jpg","_links":{"self":[{"href":"http:\/\/vertienteglobal.com\/index.php?rest_route=\/wp\/v2\/posts\/204897","targetHints":{"allow":["GET"]}}],"collection":[{"href":"http:\/\/vertienteglobal.com\/index.php?rest_route=\/wp\/v2\/posts"}],"about":[{"href":"http:\/\/vertienteglobal.com\/index.php?rest_route=\/wp\/v2\/types\/post"}],"author":[{"embeddable":true,"href":"http:\/\/vertienteglobal.com\/index.php?rest_route=\/wp\/v2\/users\/1"}],"replies":[{"embeddable":true,"href":"http:\/\/vertienteglobal.com\/index.php?rest_route=%2Fwp%2Fv2%2Fcomments&post=204897"}],"version-history":[{"count":0,"href":"http:\/\/vertienteglobal.com\/index.php?rest_route=\/wp\/v2\/posts\/204897\/revisions"}],"wp:featuredmedia":[{"embeddable":true,"href":"http:\/\/vertienteglobal.com\/index.php?rest_route=\/wp\/v2\/media\/204898"}],"wp:attachment":[{"href":"http:\/\/vertienteglobal.com\/index.php?rest_route=%2Fwp%2Fv2%2Fmedia&parent=204897"}],"wp:term":[{"taxonomy":"category","embeddable":true,"href":"http:\/\/vertienteglobal.com\/index.php?rest_route=%2Fwp%2Fv2%2Fcategories&post=204897"},{"taxonomy":"post_tag","embeddable":true,"href":"http:\/\/vertienteglobal.com\/index.php?rest_route=%2Fwp%2Fv2%2Ftags&post=204897"}],"curies":[{"name":"wp","href":"https:\/\/api.w.org\/{rel}","templated":true}]}}