{"id":204891,"date":"2022-09-08T14:02:00","date_gmt":"2022-09-08T19:02:00","guid":{"rendered":"http:\/\/vertienteglobal.com\/?p=204891"},"modified":"2022-09-08T14:04:41","modified_gmt":"2022-09-08T19:04:41","slug":"carlos-se-convierte-en-el-nuevo-rey-de-reino-unido","status":"publish","type":"post","link":"http:\/\/vertienteglobal.com\/?p=204891","title":{"rendered":"Carlos se convierte en el nuevo rey de Reino Unido"},"content":{"rendered":"\n<div class=\"twitterbutton\" style=\"float: right; padding-left: 5px;\"><a href=\"http:\/\/twitter.com\/share\" class=\"twitter-share-button\" data-count=\"horizontal\" data-text=\"Carlos se convierte en el nuevo rey de Reino Unido\" data-via=\"https:\/\/twitter.com\/VertienteGloba1\" data-url=\"http:\/\/vertienteglobal.com\/?p=204891\" data-lang=\"es\" data-related=\"Informaci\u00f3n general:S\u00edguenos para que est\u00e9ss informado\"><\/a><\/div>\n<figure class=\"wp-block-image size-large\"><img loading=\"lazy\" decoding=\"async\" width=\"1024\" height=\"683\" src=\"http:\/\/vertienteglobal.com\/wp-content\/uploads\/2022\/09\/186796.jpg\" alt=\"\" class=\"wp-image-204892\" srcset=\"http:\/\/vertienteglobal.com\/wp-content\/uploads\/2022\/09\/186796.jpg 1024w, http:\/\/vertienteglobal.com\/wp-content\/uploads\/2022\/09\/186796-300x200.jpg 300w, http:\/\/vertienteglobal.com\/wp-content\/uploads\/2022\/09\/186796-150x100.jpg 150w, http:\/\/vertienteglobal.com\/wp-content\/uploads\/2022\/09\/186796-768x512.jpg 768w\" sizes=\"auto, (max-width: 1024px) 100vw, 1024px\" \/><\/figure>\n\n\n\n<p>(Redacci\u00f3n)<\/p>\n\n\n\n<p>Carlos lleva d\u00e9cadas prepar\u00e1ndose para asumir el trono, y de acuerdo a los protocolos, al d\u00eda siguiente del fallecimiento de la reina, ser\u00e1 proclamado rey<\/p>\n\n\n\n<p>Balmoral, Escocia 8 de septiembre 2022.-Ante al fallecimiento de la reina Isabel II, Carlos es el nuevo rey del Reino Unido, al ser el primero en la l\u00ednea para heredar el t\u00edtulo.<\/p>\n\n\n\n<p>\u00abLa reina muri\u00f3 en paz en Balmoral esta tarde. El rey y la reina consorte permanecer\u00e1n en Balmoral esta noche y regresar\u00e1n a Londres ma\u00f1ana\u00bb, se\u00f1al\u00f3 el Palacio de Buckingham.<\/p>\n\n\n\n<p>Seg\u00fan reportes, Carlos lleva d\u00e9cadas prepar\u00e1ndose para asumir el trono, y de acuerdo a los protocolos, al d\u00eda siguiente del fallecimiento de la reina, ser\u00e1 proclamado rey.<\/p>\n\n\n\n<p>Actualmente Carlos de Gales tiene 73 a\u00f1os de edad y es padre de los pr\u00edncipes William y Harry.(Fuente: EF)<\/p>\n","protected":false},"excerpt":{"rendered":"<p>(Redacci\u00f3n) Carlos lleva d\u00e9cadas prepar\u00e1ndose para asumir el trono, y de acuerdo a los protocolos, al d\u00eda siguiente del fallecimiento de la reina, ser\u00e1 proclamado rey Balmoral, Escocia 8 de septiembre 2022.-Ante al fallecimiento de la reina Isabel II, Carlos es el nuevo rey del Reino Unido, al ser el primero en la l\u00ednea para [&hellip;]<\/p>\n","protected":false},"author":1,"featured_media":204892,"comment_status":"open","ping_status":"open","sticky":false,"template":"","format":"standard","meta":{"footnotes":""},"categories":[8],"tags":[],"class_list":["post-204891","post","type-post","status-publish","format-standard","has-post-thumbnail","hentry","category-pais","entry","has-media"],"jetpack_featured_media_url":"http:\/\/vertienteglobal.com\/wp-content\/uploads\/2022\/09\/186796.jpg","_links":{"self":[{"href":"http:\/\/vertienteglobal.com\/index.php?rest_route=\/wp\/v2\/posts\/204891","targetHints":{"allow":["GET"]}}],"collection":[{"href":"http:\/\/vertienteglobal.com\/index.php?rest_route=\/wp\/v2\/posts"}],"about":[{"href":"http:\/\/vertienteglobal.com\/index.php?rest_route=\/wp\/v2\/types\/post"}],"author":[{"embeddable":true,"href":"http:\/\/vertienteglobal.com\/index.php?rest_route=\/wp\/v2\/users\/1"}],"replies":[{"embeddable":true,"href":"http:\/\/vertienteglobal.com\/index.php?rest_route=%2Fwp%2Fv2%2Fcomments&post=204891"}],"version-history":[{"count":0,"href":"http:\/\/vertienteglobal.com\/index.php?rest_route=\/wp\/v2\/posts\/204891\/revisions"}],"wp:featuredmedia":[{"embeddable":true,"href":"http:\/\/vertienteglobal.com\/index.php?rest_route=\/wp\/v2\/media\/204892"}],"wp:attachment":[{"href":"http:\/\/vertienteglobal.com\/index.php?rest_route=%2Fwp%2Fv2%2Fmedia&parent=204891"}],"wp:term":[{"taxonomy":"category","embeddable":true,"href":"http:\/\/vertienteglobal.com\/index.php?rest_route=%2Fwp%2Fv2%2Fcategories&post=204891"},{"taxonomy":"post_tag","embeddable":true,"href":"http:\/\/vertienteglobal.com\/index.php?rest_route=%2Fwp%2Fv2%2Ftags&post=204891"}],"curies":[{"name":"wp","href":"https:\/\/api.w.org\/{rel}","templated":true}]}}