{"id":204857,"date":"2022-09-07T19:43:00","date_gmt":"2022-09-08T00:43:00","guid":{"rendered":"http:\/\/vertienteglobal.com\/?p=204857"},"modified":"2022-09-07T22:48:33","modified_gmt":"2022-09-08T03:48:33","slug":"se-formaliza-la-entrega-recepcion-en-el-poder-judicial-del-estado-de-quintana-roo","status":"publish","type":"post","link":"http:\/\/vertienteglobal.com\/?p=204857","title":{"rendered":"Se formaliza la entrega recepci\u00f3n en el Poder Judicial del Estado de Quintana Roo"},"content":{"rendered":"\n<div class=\"twitterbutton\" style=\"float: right; padding-left: 5px;\"><a href=\"http:\/\/twitter.com\/share\" class=\"twitter-share-button\" data-count=\"horizontal\" data-text=\"Se formaliza la entrega recepci\u00f3n en el Poder Judicial del Estado de Quintana R...\" data-via=\"https:\/\/twitter.com\/VertienteGloba1\" data-url=\"http:\/\/vertienteglobal.com\/?p=204857\" data-lang=\"es\" data-related=\"Informaci\u00f3n general:S\u00edguenos para que est\u00e9ss informado\"><\/a><\/div>\n<figure class=\"wp-block-image size-large\"><img loading=\"lazy\" decoding=\"async\" width=\"720\" height=\"438\" src=\"http:\/\/vertienteglobal.com\/wp-content\/uploads\/2022\/09\/FB_IMG_16626034579623.jpg\" alt=\"\" class=\"wp-image-204858\" srcset=\"http:\/\/vertienteglobal.com\/wp-content\/uploads\/2022\/09\/FB_IMG_16626034579623.jpg 720w, http:\/\/vertienteglobal.com\/wp-content\/uploads\/2022\/09\/FB_IMG_16626034579623-300x183.jpg 300w, http:\/\/vertienteglobal.com\/wp-content\/uploads\/2022\/09\/FB_IMG_16626034579623-150x91.jpg 150w\" sizes=\"auto, (max-width: 720px) 100vw, 720px\" \/><\/figure>\n\n\n\n<p>(Redacci\u00f3n)<\/p>\n\n\n\n<p>Intervinieron el magistrado presidente Heyden Cebada Rivas y el magistrado Gustavo Adolfo del Rosal Ricalde, as\u00ed como Mar\u00eda del Pilar Ayala Ram\u00edrez, representante de la Auditor\u00eda Superior del Estado de Quintana Roo<\/p>\n\n\n\n<p>Chetumal, Quintana Roo.- En cumplimiento a lo acordado por el Pleno del Tribunal Superior de Justicia y lo establecido en la Ley de Entrega Recepci\u00f3n de los Poderes P\u00fablicos, Ayuntamientos, \u00d3rganos P\u00fablicos Aut\u00f3nomos y de las Entidades de la Administraci\u00f3n P\u00fablica paraestatal del Estado de Quintana Roo, este mi\u00e9rcoles se realiz\u00f3 el acto protocolario de la firma del acta administrativa de entrega-recepci\u00f3n de la Presidencia del Poder Judicial del Estado de Quintana Roo.<\/p>\n\n\n\n<p>En este acto intervinieron el magistrado presidente Heyden Cebada Rivas y el magistrado Gustavo Adolfo del Rosal Ricalde, as\u00ed como Mar\u00eda del Pilar Ayala Ram\u00edrez, representante de la Auditor\u00eda Superior del Estado de Quintana Roo como autoridad supervisora para validar la integraci\u00f3n de los expedientes y el acta correspondiente.<\/p>\n\n\n\n<figure class=\"wp-block-image size-large\"><img loading=\"lazy\" decoding=\"async\" width=\"540\" height=\"296\" src=\"http:\/\/vertienteglobal.com\/wp-content\/uploads\/2022\/09\/FB_IMG_16626034617562.jpg\" alt=\"\" class=\"wp-image-204859\" srcset=\"http:\/\/vertienteglobal.com\/wp-content\/uploads\/2022\/09\/FB_IMG_16626034617562.jpg 540w, http:\/\/vertienteglobal.com\/wp-content\/uploads\/2022\/09\/FB_IMG_16626034617562-300x164.jpg 300w, http:\/\/vertienteglobal.com\/wp-content\/uploads\/2022\/09\/FB_IMG_16626034617562-150x82.jpg 150w\" sizes=\"auto, (max-width: 540px) 100vw, 540px\" \/><\/figure>\n","protected":false},"excerpt":{"rendered":"<p>(Redacci\u00f3n) Intervinieron el magistrado presidente Heyden Cebada Rivas y el magistrado Gustavo Adolfo del Rosal Ricalde, as\u00ed como Mar\u00eda del Pilar Ayala Ram\u00edrez, representante de la Auditor\u00eda Superior del Estado de Quintana Roo Chetumal, Quintana Roo.- En cumplimiento a lo acordado por el Pleno del Tribunal Superior de Justicia y lo establecido en la Ley [&hellip;]<\/p>\n","protected":false},"author":1,"featured_media":204858,"comment_status":"open","ping_status":"open","sticky":false,"template":"","format":"standard","meta":{"footnotes":""},"categories":[3],"tags":[],"class_list":["post-204857","post","type-post","status-publish","format-standard","has-post-thumbnail","hentry","category-quintana-roo","entry","has-media"],"jetpack_featured_media_url":"http:\/\/vertienteglobal.com\/wp-content\/uploads\/2022\/09\/FB_IMG_16626034579623.jpg","_links":{"self":[{"href":"http:\/\/vertienteglobal.com\/index.php?rest_route=\/wp\/v2\/posts\/204857","targetHints":{"allow":["GET"]}}],"collection":[{"href":"http:\/\/vertienteglobal.com\/index.php?rest_route=\/wp\/v2\/posts"}],"about":[{"href":"http:\/\/vertienteglobal.com\/index.php?rest_route=\/wp\/v2\/types\/post"}],"author":[{"embeddable":true,"href":"http:\/\/vertienteglobal.com\/index.php?rest_route=\/wp\/v2\/users\/1"}],"replies":[{"embeddable":true,"href":"http:\/\/vertienteglobal.com\/index.php?rest_route=%2Fwp%2Fv2%2Fcomments&post=204857"}],"version-history":[{"count":0,"href":"http:\/\/vertienteglobal.com\/index.php?rest_route=\/wp\/v2\/posts\/204857\/revisions"}],"wp:featuredmedia":[{"embeddable":true,"href":"http:\/\/vertienteglobal.com\/index.php?rest_route=\/wp\/v2\/media\/204858"}],"wp:attachment":[{"href":"http:\/\/vertienteglobal.com\/index.php?rest_route=%2Fwp%2Fv2%2Fmedia&parent=204857"}],"wp:term":[{"taxonomy":"category","embeddable":true,"href":"http:\/\/vertienteglobal.com\/index.php?rest_route=%2Fwp%2Fv2%2Fcategories&post=204857"},{"taxonomy":"post_tag","embeddable":true,"href":"http:\/\/vertienteglobal.com\/index.php?rest_route=%2Fwp%2Fv2%2Ftags&post=204857"}],"curies":[{"name":"wp","href":"https:\/\/api.w.org\/{rel}","templated":true}]}}