{"id":204851,"date":"2022-09-07T18:54:00","date_gmt":"2022-09-07T23:54:00","guid":{"rendered":"http:\/\/vertienteglobal.com\/?p=204851"},"modified":"2022-09-07T21:58:40","modified_gmt":"2022-09-08T02:58:40","slug":"participa-el-fiscal-general-oscar-montes-de-oca-en-conferencia-contra-la-trata-infantil-organizada-por-el-crit","status":"publish","type":"post","link":"http:\/\/vertienteglobal.com\/?p=204851","title":{"rendered":"Participa el Fiscal General, \u00d3scar Montes de Oca, en conferencia contra la trata infantil organizada por el CRIT"},"content":{"rendered":"\n<div class=\"twitterbutton\" style=\"float: right; padding-left: 5px;\"><a href=\"http:\/\/twitter.com\/share\" class=\"twitter-share-button\" data-count=\"horizontal\" data-text=\"Participa el Fiscal General, \u00d3scar Montes de Oca, en conferencia contra la trat...\" data-via=\"https:\/\/twitter.com\/VertienteGloba1\" data-url=\"http:\/\/vertienteglobal.com\/?p=204851\" data-lang=\"es\" data-related=\"Informaci\u00f3n general:S\u00edguenos para que est\u00e9ss informado\"><\/a><\/div>\n<figure class=\"wp-block-image size-large\"><img loading=\"lazy\" decoding=\"async\" width=\"1024\" height=\"741\" src=\"http:\/\/vertienteglobal.com\/wp-content\/uploads\/2022\/09\/IMG-20220907-WA0185-1024x741.jpg\" alt=\"\" class=\"wp-image-204852\" srcset=\"http:\/\/vertienteglobal.com\/wp-content\/uploads\/2022\/09\/IMG-20220907-WA0185-1024x741.jpg 1024w, http:\/\/vertienteglobal.com\/wp-content\/uploads\/2022\/09\/IMG-20220907-WA0185-300x217.jpg 300w, http:\/\/vertienteglobal.com\/wp-content\/uploads\/2022\/09\/IMG-20220907-WA0185-150x109.jpg 150w, http:\/\/vertienteglobal.com\/wp-content\/uploads\/2022\/09\/IMG-20220907-WA0185-768x556.jpg 768w, http:\/\/vertienteglobal.com\/wp-content\/uploads\/2022\/09\/IMG-20220907-WA0185.jpg 1280w\" sizes=\"auto, (max-width: 1024px) 100vw, 1024px\" \/><\/figure>\n\n\n\n<p>(Antonio Rivera)<\/p>\n\n\n\n<p>El evento cont\u00f3 con la presencia del Presidente de Fundaci\u00f3n Telet\u00f3n M\u00e9xico, Fernando Landeros, y la Presidenta del DIF Quintana Roo, Gabriela Rej\u00f3n de Joaqu\u00edn<\/p>\n\n\n\n<p>La FGE ha asumido diversos compromisos para trazar y ejecutar acciones, a fin de combatir de manera efectiva este delito, con un enfoque de respeto a los derechos humanos, la protecci\u00f3n de las v\u00edctimas y el procesamiento de los responsables\u201d, sostiene \u00d3scar Montes de Oca<\/p>\n\n\n\n<p>Felicita Fernando Landeros, Presidente de la Fundaci\u00f3n Telet\u00f3n M\u00e9xico, al Fiscal General por el trabajo desempe\u00f1ado en Quintana Roo para abatir la trata de personas<\/p>\n\n\n\n<p>Canc\u00fan, Quintana Roo, a 07 de septiembre de 2022*.- El Fiscal General del Estado, \u00d3scar Montes de Oca, particip\u00f3 en la conferencia \u201cLa Trata Sexual Infantil\u201d organizada por el Centro de Rehabilitaci\u00f3n Infantil de Quintana Roo (CRIT) y encabezada por el Presidente de Fundaci\u00f3n Telet\u00f3n M\u00e9xico, Fernando Landeros, y la Presidenta del DIF Quintana Roo, Gabriela Rej\u00f3n de Joaqu\u00edn.<\/p>\n\n\n\n<p>Durante su intervenci\u00f3n, Montes de Oca asegur\u00f3 que, bajo su mando, la Fiscal\u00eda General del Estado (FGE) ha asumido diversos compromisos para trazar y ejecutar acciones para combatir de manera efectiva este delito, con un enfoque de respeto a los derechos humanos, la protecci\u00f3n de las v\u00edctimas y el procesamiento de los responsables.<\/p>\n\n\n\n<p>\u201cImpulsamos herramientas legales y operacionales, respaldados y autorizados por los Consejos de Administraci\u00f3n y las autoridades Aeroportuarias, Federales y Estatales, con los que se capacita a empresarios hoteleros, para el despliegue de mecanismos de denuncia y se plantea la creaci\u00f3n de refugios, a fin de brindar protecci\u00f3n a los menores rescatados\u201d, afirm\u00f3 \u00d3scar Montes de Oca.<\/p>\n\n\n\n<p>Inform\u00f3 que la FGE Quintana Roo cuenta con una l\u00ednea telef\u00f3nica especializada, a trav\u00e9s del n\u00famero 998 1912 898, para que la ciudadan\u00eda pueda denunciar este delito.<\/p>\n\n\n\n<p>El Fiscal General hizo un llamado a la ciudadan\u00eda para cuidar y vigilar el comportamiento de los menores de edad, para evitar que puedan ser v\u00edctimas del delito de trata.<\/p>\n\n\n\n<p>\u201cSeguiremos trabajando con el Gobierno del Estado y la Comisi\u00f3n Interinstitucional Contra los Delitos en Materia de Trata de Personas de Quintana Roo, as\u00ed como con instancias internacionales, organizaciones civiles, empresarios y sector hotelero, para en conjunto crear los mecanismos que ayuden a la reparaci\u00f3n integral del da\u00f1o, buscar el esclarecimiento de los hechos y abatir la impunidad\u201d, puntualiz\u00f3 el Fiscal General.<\/p>\n\n\n\n<p>Por su parte, el Presidente de la Fundaci\u00f3n Telet\u00f3n M\u00e9xico, Fernando Landeros, felicit\u00f3 al Fiscal General por el trabajo desempe\u00f1ado en Quintana Roo para abatir la trata de personas, en especial la que afecta a ni\u00f1as, ni\u00f1os y adolescentes.<\/p>\n\n\n\n<figure class=\"wp-block-image size-large\"><img loading=\"lazy\" decoding=\"async\" width=\"1024\" height=\"681\" src=\"http:\/\/vertienteglobal.com\/wp-content\/uploads\/2022\/09\/IMG-20220907-WA0188-1024x681.jpg\" alt=\"\" class=\"wp-image-204853\" srcset=\"http:\/\/vertienteglobal.com\/wp-content\/uploads\/2022\/09\/IMG-20220907-WA0188-1024x681.jpg 1024w, http:\/\/vertienteglobal.com\/wp-content\/uploads\/2022\/09\/IMG-20220907-WA0188-300x199.jpg 300w, http:\/\/vertienteglobal.com\/wp-content\/uploads\/2022\/09\/IMG-20220907-WA0188-150x100.jpg 150w, http:\/\/vertienteglobal.com\/wp-content\/uploads\/2022\/09\/IMG-20220907-WA0188-768x511.jpg 768w, http:\/\/vertienteglobal.com\/wp-content\/uploads\/2022\/09\/IMG-20220907-WA0188.jpg 1280w\" sizes=\"auto, (max-width: 1024px) 100vw, 1024px\" \/><\/figure>\n\n\n\n<figure class=\"wp-block-image size-large\"><img loading=\"lazy\" decoding=\"async\" width=\"1024\" height=\"725\" src=\"http:\/\/vertienteglobal.com\/wp-content\/uploads\/2022\/09\/IMG-20220907-WA0186-1024x725.jpg\" alt=\"\" class=\"wp-image-204854\" srcset=\"http:\/\/vertienteglobal.com\/wp-content\/uploads\/2022\/09\/IMG-20220907-WA0186-1024x725.jpg 1024w, http:\/\/vertienteglobal.com\/wp-content\/uploads\/2022\/09\/IMG-20220907-WA0186-300x212.jpg 300w, http:\/\/vertienteglobal.com\/wp-content\/uploads\/2022\/09\/IMG-20220907-WA0186-150x106.jpg 150w, http:\/\/vertienteglobal.com\/wp-content\/uploads\/2022\/09\/IMG-20220907-WA0186-768x544.jpg 768w, http:\/\/vertienteglobal.com\/wp-content\/uploads\/2022\/09\/IMG-20220907-WA0186.jpg 1280w\" sizes=\"auto, (max-width: 1024px) 100vw, 1024px\" \/><\/figure>\n\n\n\n<figure class=\"wp-block-image size-large\"><img loading=\"lazy\" decoding=\"async\" width=\"1024\" height=\"655\" src=\"http:\/\/vertienteglobal.com\/wp-content\/uploads\/2022\/09\/IMG-20220907-WA0187-1024x655.jpg\" alt=\"\" class=\"wp-image-204855\" srcset=\"http:\/\/vertienteglobal.com\/wp-content\/uploads\/2022\/09\/IMG-20220907-WA0187-1024x655.jpg 1024w, http:\/\/vertienteglobal.com\/wp-content\/uploads\/2022\/09\/IMG-20220907-WA0187-300x192.jpg 300w, http:\/\/vertienteglobal.com\/wp-content\/uploads\/2022\/09\/IMG-20220907-WA0187-150x96.jpg 150w, http:\/\/vertienteglobal.com\/wp-content\/uploads\/2022\/09\/IMG-20220907-WA0187-768x491.jpg 768w, http:\/\/vertienteglobal.com\/wp-content\/uploads\/2022\/09\/IMG-20220907-WA0187.jpg 1280w\" sizes=\"auto, (max-width: 1024px) 100vw, 1024px\" \/><\/figure>\n","protected":false},"excerpt":{"rendered":"<p>(Antonio Rivera) El evento cont\u00f3 con la presencia del Presidente de Fundaci\u00f3n Telet\u00f3n M\u00e9xico, Fernando Landeros, y la Presidenta del DIF Quintana Roo, Gabriela Rej\u00f3n de Joaqu\u00edn La FGE ha asumido diversos compromisos para trazar y ejecutar acciones, a fin de combatir de manera efectiva este delito, con un enfoque de respeto a los derechos [&hellip;]<\/p>\n","protected":false},"author":1,"featured_media":204852,"comment_status":"open","ping_status":"open","sticky":false,"template":"","format":"standard","meta":{"footnotes":""},"categories":[3],"tags":[],"class_list":["post-204851","post","type-post","status-publish","format-standard","has-post-thumbnail","hentry","category-quintana-roo","entry","has-media"],"jetpack_featured_media_url":"http:\/\/vertienteglobal.com\/wp-content\/uploads\/2022\/09\/IMG-20220907-WA0185.jpg","_links":{"self":[{"href":"http:\/\/vertienteglobal.com\/index.php?rest_route=\/wp\/v2\/posts\/204851","targetHints":{"allow":["GET"]}}],"collection":[{"href":"http:\/\/vertienteglobal.com\/index.php?rest_route=\/wp\/v2\/posts"}],"about":[{"href":"http:\/\/vertienteglobal.com\/index.php?rest_route=\/wp\/v2\/types\/post"}],"author":[{"embeddable":true,"href":"http:\/\/vertienteglobal.com\/index.php?rest_route=\/wp\/v2\/users\/1"}],"replies":[{"embeddable":true,"href":"http:\/\/vertienteglobal.com\/index.php?rest_route=%2Fwp%2Fv2%2Fcomments&post=204851"}],"version-history":[{"count":0,"href":"http:\/\/vertienteglobal.com\/index.php?rest_route=\/wp\/v2\/posts\/204851\/revisions"}],"wp:featuredmedia":[{"embeddable":true,"href":"http:\/\/vertienteglobal.com\/index.php?rest_route=\/wp\/v2\/media\/204852"}],"wp:attachment":[{"href":"http:\/\/vertienteglobal.com\/index.php?rest_route=%2Fwp%2Fv2%2Fmedia&parent=204851"}],"wp:term":[{"taxonomy":"category","embeddable":true,"href":"http:\/\/vertienteglobal.com\/index.php?rest_route=%2Fwp%2Fv2%2Fcategories&post=204851"},{"taxonomy":"post_tag","embeddable":true,"href":"http:\/\/vertienteglobal.com\/index.php?rest_route=%2Fwp%2Fv2%2Ftags&post=204851"}],"curies":[{"name":"wp","href":"https:\/\/api.w.org\/{rel}","templated":true}]}}