{"id":204832,"date":"2022-09-07T13:44:52","date_gmt":"2022-09-07T18:44:52","guid":{"rendered":"http:\/\/vertienteglobal.com\/?p=204832"},"modified":"2022-09-07T13:44:52","modified_gmt":"2022-09-07T18:44:52","slug":"piden-otorgar-mas-permisos-a-visitantes-belicenos","status":"publish","type":"post","link":"http:\/\/vertienteglobal.com\/?p=204832","title":{"rendered":"Piden otorgar m\u00e1s permisos a visitantes belice\u00f1os"},"content":{"rendered":"\n<div class=\"twitterbutton\" style=\"float: right; padding-left: 5px;\"><a href=\"http:\/\/twitter.com\/share\" class=\"twitter-share-button\" data-count=\"horizontal\" data-text=\"Piden otorgar m\u00e1s permisos a visitantes belice\u00f1os\" data-via=\"https:\/\/twitter.com\/VertienteGloba1\" data-url=\"http:\/\/vertienteglobal.com\/?p=204832\" data-lang=\"es\" data-related=\"Informaci\u00f3n general:S\u00edguenos para que est\u00e9ss informado\"><\/a><\/div>\n<figure class=\"wp-block-image size-large\"><img loading=\"lazy\" decoding=\"async\" width=\"720\" height=\"405\" src=\"http:\/\/vertienteglobal.com\/wp-content\/uploads\/2022\/09\/FB_IMG_1662576064196.jpg\" alt=\"\" class=\"wp-image-204833\" srcset=\"http:\/\/vertienteglobal.com\/wp-content\/uploads\/2022\/09\/FB_IMG_1662576064196.jpg 720w, http:\/\/vertienteglobal.com\/wp-content\/uploads\/2022\/09\/FB_IMG_1662576064196-300x169.jpg 300w, http:\/\/vertienteglobal.com\/wp-content\/uploads\/2022\/09\/FB_IMG_1662576064196-150x84.jpg 150w\" sizes=\"auto, (max-width: 720px) 100vw, 720px\" \/><\/figure>\n\n\n\n<p>(Redacci\u00f3n)<\/p>\n\n\n\n<p>En la solicitud que se realiza se expone que antes de la pandemia se entregaban 150 tarjetas a los visitantes del pa\u00eds de Belice, sobre todo durante los fines de semana, por lo que ahora solicitan m\u00e1s para incentivar la econom\u00eda del sur del Estado<\/p>\n\n\n\n<p>Chetumal, Quintana Roo 07 de septiembrede 2022.- El Ayuntamiento de Oth\u00f3n P. Blanco solicit\u00f3 al encargado de la Oficina de Representaci\u00f3n del Instituto Nacional de Migraci\u00f3n (INM), con ubicaci\u00f3n en el puente internacional Subteniente L\u00f3pez, considere la posibilidad de aumentar el n\u00famero de tarjetas de visitante regional que expide de manera diaria a efecto de incentivar las visitas a la capital quintanarroense.<\/p>\n\n\n\n<p>Asimismo, en el acuerdo publicado, indica que le solicitan al director de la Aduana Subteniente L\u00f3pez un mejor trato a los visitantes y que les brinden las facilidades necesarias sin que vulnere la ley.<\/p>\n\n\n\n<p>En la solicitud que se realiza se expone que antes de la pandemia se entregaban 150 tarjetas a los visitantes del pa\u00eds de Belice, sobre todo durante los fines de semana, por lo que ahora solicitan m\u00e1s para incentivar la econom\u00eda del sur del Estado.<\/p>\n\n\n\n<p>Por su parte, el Instituto Nacional de Migraci\u00f3n (INM), de la Secretar\u00eda de Gobernaci\u00f3n, confirm\u00f3 que se han emitido 21 mil 031 Tarjetas de Visitante Trabajador Fronterizo (TVTF) que han favorecido la actividad econ\u00f3mica y laboral en la frontera sur del pa\u00eds, de diciembre de 2018 a la fecha.<br>A trav\u00e9s de estas, se ha fomentado el trabajo de personas originarias de Guatemala y Belice en tareas relacionadas a la agricultura, comercio, medio ambiente, turismo, y la construcci\u00f3n del Tren Maya, entre otras. (Fuente: Sol Quintana Roo)<\/p>\n\n\n\n<p>La TVTF tiene una vigencia de un a\u00f1o y permite entradas y salidas m\u00faltiples en los estados de Campeche, Chiapas, Tabasco y Quintana Roo, para realizar actividades remuneradas.<\/p>\n\n\n\n<p>De las 21 mil 031 tarjetas emitidas, 21 mil 021 se entregaron a personas trabajadoras provenientes de Guatemala y 10 m\u00e1s a personal laboral de Belice.<\/p>\n","protected":false},"excerpt":{"rendered":"<p>(Redacci\u00f3n) En la solicitud que se realiza se expone que antes de la pandemia se entregaban 150 tarjetas a los visitantes del pa\u00eds de Belice, sobre todo durante los fines de semana, por lo que ahora solicitan m\u00e1s para incentivar la econom\u00eda del sur del Estado Chetumal, Quintana Roo 07 de septiembrede 2022.- El Ayuntamiento [&hellip;]<\/p>\n","protected":false},"author":1,"featured_media":204833,"comment_status":"open","ping_status":"open","sticky":false,"template":"","format":"standard","meta":{"footnotes":""},"categories":[3],"tags":[],"class_list":["post-204832","post","type-post","status-publish","format-standard","has-post-thumbnail","hentry","category-quintana-roo","entry","has-media"],"jetpack_featured_media_url":"http:\/\/vertienteglobal.com\/wp-content\/uploads\/2022\/09\/FB_IMG_1662576064196.jpg","_links":{"self":[{"href":"http:\/\/vertienteglobal.com\/index.php?rest_route=\/wp\/v2\/posts\/204832","targetHints":{"allow":["GET"]}}],"collection":[{"href":"http:\/\/vertienteglobal.com\/index.php?rest_route=\/wp\/v2\/posts"}],"about":[{"href":"http:\/\/vertienteglobal.com\/index.php?rest_route=\/wp\/v2\/types\/post"}],"author":[{"embeddable":true,"href":"http:\/\/vertienteglobal.com\/index.php?rest_route=\/wp\/v2\/users\/1"}],"replies":[{"embeddable":true,"href":"http:\/\/vertienteglobal.com\/index.php?rest_route=%2Fwp%2Fv2%2Fcomments&post=204832"}],"version-history":[{"count":0,"href":"http:\/\/vertienteglobal.com\/index.php?rest_route=\/wp\/v2\/posts\/204832\/revisions"}],"wp:featuredmedia":[{"embeddable":true,"href":"http:\/\/vertienteglobal.com\/index.php?rest_route=\/wp\/v2\/media\/204833"}],"wp:attachment":[{"href":"http:\/\/vertienteglobal.com\/index.php?rest_route=%2Fwp%2Fv2%2Fmedia&parent=204832"}],"wp:term":[{"taxonomy":"category","embeddable":true,"href":"http:\/\/vertienteglobal.com\/index.php?rest_route=%2Fwp%2Fv2%2Fcategories&post=204832"},{"taxonomy":"post_tag","embeddable":true,"href":"http:\/\/vertienteglobal.com\/index.php?rest_route=%2Fwp%2Fv2%2Ftags&post=204832"}],"curies":[{"name":"wp","href":"https:\/\/api.w.org\/{rel}","templated":true}]}}