{"id":204811,"date":"2022-09-07T12:51:00","date_gmt":"2022-09-07T17:51:00","guid":{"rendered":"http:\/\/vertienteglobal.com\/?p=204811"},"modified":"2022-09-07T15:44:30","modified_gmt":"2022-09-07T20:44:30","slug":"por-equeidad-de-genero-y-la-ley-la-doctora-lucia-caamal-garrido-debe-asumir-la-diputacion-por-el-mas-en-el-congreso-de-quintana-roo","status":"publish","type":"post","link":"http:\/\/vertienteglobal.com\/?p=204811","title":{"rendered":"Por Equidad de Genero y la Ley la doctora Luc\u00eda Caamal Garrido debe asumir la diputaci\u00f3n por el MAS en el Congreso de Quintana Roo"},"content":{"rendered":"\n<div class=\"twitterbutton\" style=\"float: right; padding-left: 5px;\"><a href=\"http:\/\/twitter.com\/share\" class=\"twitter-share-button\" data-count=\"horizontal\" data-text=\"Por Equidad de Genero y la Ley la doctora Luc\u00eda Caamal Garrido debe asumir la d...\" data-via=\"https:\/\/twitter.com\/VertienteGloba1\" data-url=\"http:\/\/vertienteglobal.com\/?p=204811\" data-lang=\"es\" data-related=\"Informaci\u00f3n general:S\u00edguenos para que est\u00e9ss informado\"><\/a><\/div>\n<figure class=\"wp-block-image size-large\"><img loading=\"lazy\" decoding=\"async\" width=\"1024\" height=\"768\" src=\"http:\/\/vertienteglobal.com\/wp-content\/uploads\/2022\/09\/IMG-20220907-WA0116-1024x768.jpg\" alt=\"\" class=\"wp-image-204812\" srcset=\"http:\/\/vertienteglobal.com\/wp-content\/uploads\/2022\/09\/IMG-20220907-WA0116-1024x768.jpg 1024w, http:\/\/vertienteglobal.com\/wp-content\/uploads\/2022\/09\/IMG-20220907-WA0116-300x225.jpg 300w, http:\/\/vertienteglobal.com\/wp-content\/uploads\/2022\/09\/IMG-20220907-WA0116-150x113.jpg 150w, http:\/\/vertienteglobal.com\/wp-content\/uploads\/2022\/09\/IMG-20220907-WA0116-768x576.jpg 768w, http:\/\/vertienteglobal.com\/wp-content\/uploads\/2022\/09\/IMG-20220907-WA0116.jpg 1280w\" sizes=\"auto, (max-width: 1024px) 100vw, 1024px\" \/><\/figure>\n\n\n\n<p>(Antonio Rivera)<\/p>\n\n\n\n<p>Por equidad de g\u00e9nero deber\u00eda ser Alfonsa Leticia Medina Padilla Medina no cumple con los seis a\u00f1os de residencia como lo marca el art\u00edculo 55 de la constituci\u00f3n pol\u00edtica del estado de Quintana Roo<\/p>\n\n\n\n<p>Canc\u00fan, Quintana Roo 06 de septiembre 2022.-El abogado Oscar Talavera Cuevas, representante de la diputada local plurinominal, Lucia Guadalupe Caamal Garrido, dejo en claro que es una mujer la que debe asumir el cargo dr la diputaci\u00f3n local, cuenta con residencia en Quintana Roo y es militantes del MAS.<\/p>\n\n\n\n<p>Informo que ella est\u00e1 en la quinta posici\u00f3n de las plurinominales, y la tercera de las mujeres.<br>Diana Laura Nava Verdejo, Jos\u00e9 Antonio Monroy, Alfonsa Leticia Padilla Medina, Alfredo Villase\u00f1or Rodr\u00edguez, Lucia Caamal Garrido.<\/p>\n\n\n\n<p>Por equidad de g\u00e9nero deber\u00eda ser Alfonsa Leticia Medina Padilla Medina no cumple con los seis a\u00f1os de residencia como lo marca el art\u00edculo 55 de la constituci\u00f3n pol\u00edtica del estado de Quintana Roo.<\/p>\n\n\n\n<p>Mientras que en la cuarta posici\u00f3n est\u00e1 un hombre por lo que por equidad deber rendir protesta la Doctora Lucia Caamal Garrido, a como lo establece la ley.<\/p>\n\n\n\n<figure class=\"wp-block-image size-large\"><img loading=\"lazy\" decoding=\"async\" width=\"1024\" height=\"768\" src=\"http:\/\/vertienteglobal.com\/wp-content\/uploads\/2022\/09\/IMG-20220907-WA0118-1024x768.jpg\" alt=\"\" class=\"wp-image-204813\" srcset=\"http:\/\/vertienteglobal.com\/wp-content\/uploads\/2022\/09\/IMG-20220907-WA0118-1024x768.jpg 1024w, http:\/\/vertienteglobal.com\/wp-content\/uploads\/2022\/09\/IMG-20220907-WA0118-300x225.jpg 300w, http:\/\/vertienteglobal.com\/wp-content\/uploads\/2022\/09\/IMG-20220907-WA0118-150x113.jpg 150w, http:\/\/vertienteglobal.com\/wp-content\/uploads\/2022\/09\/IMG-20220907-WA0118-768x576.jpg 768w, http:\/\/vertienteglobal.com\/wp-content\/uploads\/2022\/09\/IMG-20220907-WA0118.jpg 1280w\" sizes=\"auto, (max-width: 1024px) 100vw, 1024px\" \/><\/figure>\n","protected":false},"excerpt":{"rendered":"<p>(Antonio Rivera) Por equidad de g\u00e9nero deber\u00eda ser Alfonsa Leticia Medina Padilla Medina no cumple con los seis a\u00f1os de residencia como lo marca el art\u00edculo 55 de la constituci\u00f3n pol\u00edtica del estado de Quintana Roo Canc\u00fan, Quintana Roo 06 de septiembre 2022.-El abogado Oscar Talavera Cuevas, representante de la diputada local plurinominal, Lucia Guadalupe [&hellip;]<\/p>\n","protected":false},"author":1,"featured_media":204813,"comment_status":"open","ping_status":"open","sticky":false,"template":"","format":"standard","meta":{"footnotes":""},"categories":[3],"tags":[],"class_list":["post-204811","post","type-post","status-publish","format-standard","has-post-thumbnail","hentry","category-quintana-roo","entry","has-media"],"jetpack_featured_media_url":"http:\/\/vertienteglobal.com\/wp-content\/uploads\/2022\/09\/IMG-20220907-WA0118.jpg","_links":{"self":[{"href":"http:\/\/vertienteglobal.com\/index.php?rest_route=\/wp\/v2\/posts\/204811","targetHints":{"allow":["GET"]}}],"collection":[{"href":"http:\/\/vertienteglobal.com\/index.php?rest_route=\/wp\/v2\/posts"}],"about":[{"href":"http:\/\/vertienteglobal.com\/index.php?rest_route=\/wp\/v2\/types\/post"}],"author":[{"embeddable":true,"href":"http:\/\/vertienteglobal.com\/index.php?rest_route=\/wp\/v2\/users\/1"}],"replies":[{"embeddable":true,"href":"http:\/\/vertienteglobal.com\/index.php?rest_route=%2Fwp%2Fv2%2Fcomments&post=204811"}],"version-history":[{"count":0,"href":"http:\/\/vertienteglobal.com\/index.php?rest_route=\/wp\/v2\/posts\/204811\/revisions"}],"wp:featuredmedia":[{"embeddable":true,"href":"http:\/\/vertienteglobal.com\/index.php?rest_route=\/wp\/v2\/media\/204813"}],"wp:attachment":[{"href":"http:\/\/vertienteglobal.com\/index.php?rest_route=%2Fwp%2Fv2%2Fmedia&parent=204811"}],"wp:term":[{"taxonomy":"category","embeddable":true,"href":"http:\/\/vertienteglobal.com\/index.php?rest_route=%2Fwp%2Fv2%2Fcategories&post=204811"},{"taxonomy":"post_tag","embeddable":true,"href":"http:\/\/vertienteglobal.com\/index.php?rest_route=%2Fwp%2Fv2%2Ftags&post=204811"}],"curies":[{"name":"wp","href":"https:\/\/api.w.org\/{rel}","templated":true}]}}