{"id":204714,"date":"2022-09-03T08:53:00","date_gmt":"2022-09-03T13:53:00","guid":{"rendered":"http:\/\/vertienteglobal.com\/?p=204714"},"modified":"2022-09-03T09:57:42","modified_gmt":"2022-09-03T14:57:42","slug":"ileana-canul-entrega-mochilas-y-utiles-escolares-a-estudiantes-de-la-zona-maya","status":"publish","type":"post","link":"http:\/\/vertienteglobal.com\/?p=204714","title":{"rendered":"Ileana Canul entrega mochilas y \u00fatiles escolares a estudiantes de la zona maya"},"content":{"rendered":"\n<div class=\"twitterbutton\" style=\"float: right; padding-left: 5px;\"><a href=\"http:\/\/twitter.com\/share\" class=\"twitter-share-button\" data-count=\"horizontal\" data-text=\"Ileana Canul entrega mochilas y \u00fatiles escolares a estudiantes de la zona maya\" data-via=\"https:\/\/twitter.com\/VertienteGloba1\" data-url=\"http:\/\/vertienteglobal.com\/?p=204714\" data-lang=\"es\" data-related=\"Informaci\u00f3n general:S\u00edguenos para que est\u00e9ss informado\"><\/a><\/div>\n<figure class=\"wp-block-image size-large\"><img loading=\"lazy\" decoding=\"async\" width=\"1024\" height=\"682\" src=\"http:\/\/vertienteglobal.com\/wp-content\/uploads\/2022\/09\/IMG-20220903-WA0045.jpg\" alt=\"\" class=\"wp-image-204715\" srcset=\"http:\/\/vertienteglobal.com\/wp-content\/uploads\/2022\/09\/IMG-20220903-WA0045.jpg 1024w, http:\/\/vertienteglobal.com\/wp-content\/uploads\/2022\/09\/IMG-20220903-WA0045-300x200.jpg 300w, http:\/\/vertienteglobal.com\/wp-content\/uploads\/2022\/09\/IMG-20220903-WA0045-150x100.jpg 150w, http:\/\/vertienteglobal.com\/wp-content\/uploads\/2022\/09\/IMG-20220903-WA0045-768x512.jpg 768w\" sizes=\"auto, (max-width: 1024px) 100vw, 1024px\" \/><\/figure>\n\n\n\n<p>(Antonio Rivera)<\/p>\n\n\n\n<p>La primera dama destac\u00f3 que la educaci\u00f3n siempre ser\u00e1 respaldada por el gobierno municipal y la loable instituci\u00f3n al entender el esfuerzo de cada padre de familia<\/p>\n\n\n\n<p>Tulum, 2 de septiembre del 2022.- Con el firme compromiso de apoyar la econom\u00eda de padres de familia ante el inicio del ciclo escolar 2022-2023, la presidenta del Sistema para el Desarrollo Integral de la Familia (DIF-Tulum) Lic. Ileana Canul de Dzul hizo entrega de mochilas y \u00fatiles escolares a estudiantes que viven en la zona maya.<\/p>\n\n\n\n<p>Se trata de familias provenientes de San Silverio, Yalchen, Chanchen Palmar, Yaxche, Hondzonot, Chanchen primero, Sahcab Mucuy y San Juan de Dios, a las cuales Canul de Dzul les refrend\u00f3 el compromiso de apoyarlas en su econom\u00eda e impulsar la educaci\u00f3n b\u00e1sica a trav\u00e9s del material educativo.<\/p>\n\n\n\n<p>\u201cPara mi esposo, el presidente municipal de Tulum, Marciano Dzul Caamal y para una servidora es un privilegio poderles apoyar en esta ocasi\u00f3n beneficiando a 350 ni\u00f1as y ni\u00f1os de 194 familias de Zona Maya. Hijas e hijos de las mamas voluntarias que de forma desinteresada preparan diariamente con mucho amor y dedicaci\u00f3n los desayunos calientes en comedores escolares durante todo el ciclo acad\u00e9mico beneficiando a las ni\u00f1as y ni\u00f1os de su comunidad. Estamos seguros de que trabajando juntos podremos seguir sirviendo con amor\u201d, expres\u00f3.<\/p>\n\n\n\n<p>Ante los padres de familia, la primera dama destac\u00f3 que la educaci\u00f3n siempre ser\u00e1 respaldada por el gobierno municipal y la loable instituci\u00f3n al entender el esfuerzo de cada padre de familia.<\/p>\n\n\n\n<p>\u201cEn Mexico la educaci\u00f3n es un derecho y debe ser laica y gratuita. Sin embargo, en la realidad bien sabemos que no es totalmente gratis ya que tambi\u00e9n hay que comprar \u00fatiles escolares. Ustedes bien saben que estudiar y prepararse les permitir\u00e1 mejorar su futuro. No queremos que por falta de recursos dejen de estudiar. Ning\u00fan ni\u00f1o ni ni\u00f1a se debe quedar atr\u00e1s\u201d, recalc\u00f3.<\/p>\n\n\n\n<p>Los padres de familia no dudaron en agradecer el apoyo brindado en beneficio de sus hijos que esta semana volvieron a las escuelas.<\/p>\n\n\n\n<p>\u201cAgradecemos la confianza depositada en el Sistema DIF Tulum y seguiremos trabajando para mejorar la calidad de vida de las ni\u00f1as y ni\u00f1os de Tulum\u201d, concluy\u00f3 la Lic. Ileana Canul de Dzul.<\/p>\n\n\n\n<figure class=\"wp-block-image size-large\"><img loading=\"lazy\" decoding=\"async\" width=\"1024\" height=\"682\" src=\"http:\/\/vertienteglobal.com\/wp-content\/uploads\/2022\/09\/IMG-20220903-WA0048.jpg\" alt=\"\" class=\"wp-image-204716\" srcset=\"http:\/\/vertienteglobal.com\/wp-content\/uploads\/2022\/09\/IMG-20220903-WA0048.jpg 1024w, http:\/\/vertienteglobal.com\/wp-content\/uploads\/2022\/09\/IMG-20220903-WA0048-300x200.jpg 300w, http:\/\/vertienteglobal.com\/wp-content\/uploads\/2022\/09\/IMG-20220903-WA0048-150x100.jpg 150w, http:\/\/vertienteglobal.com\/wp-content\/uploads\/2022\/09\/IMG-20220903-WA0048-768x512.jpg 768w\" sizes=\"auto, (max-width: 1024px) 100vw, 1024px\" \/><\/figure>\n\n\n\n<figure class=\"wp-block-image size-large\"><img loading=\"lazy\" decoding=\"async\" width=\"1024\" height=\"682\" src=\"http:\/\/vertienteglobal.com\/wp-content\/uploads\/2022\/09\/IMG-20220903-WA0047.jpg\" alt=\"\" class=\"wp-image-204717\" srcset=\"http:\/\/vertienteglobal.com\/wp-content\/uploads\/2022\/09\/IMG-20220903-WA0047.jpg 1024w, http:\/\/vertienteglobal.com\/wp-content\/uploads\/2022\/09\/IMG-20220903-WA0047-300x200.jpg 300w, http:\/\/vertienteglobal.com\/wp-content\/uploads\/2022\/09\/IMG-20220903-WA0047-150x100.jpg 150w, http:\/\/vertienteglobal.com\/wp-content\/uploads\/2022\/09\/IMG-20220903-WA0047-768x512.jpg 768w\" sizes=\"auto, (max-width: 1024px) 100vw, 1024px\" \/><\/figure>\n\n\n\n<figure class=\"wp-block-image size-large\"><img loading=\"lazy\" decoding=\"async\" width=\"1024\" height=\"682\" src=\"http:\/\/vertienteglobal.com\/wp-content\/uploads\/2022\/09\/IMG-20220903-WA0049.jpg\" alt=\"\" class=\"wp-image-204718\" srcset=\"http:\/\/vertienteglobal.com\/wp-content\/uploads\/2022\/09\/IMG-20220903-WA0049.jpg 1024w, http:\/\/vertienteglobal.com\/wp-content\/uploads\/2022\/09\/IMG-20220903-WA0049-300x200.jpg 300w, http:\/\/vertienteglobal.com\/wp-content\/uploads\/2022\/09\/IMG-20220903-WA0049-150x100.jpg 150w, http:\/\/vertienteglobal.com\/wp-content\/uploads\/2022\/09\/IMG-20220903-WA0049-768x512.jpg 768w\" sizes=\"auto, (max-width: 1024px) 100vw, 1024px\" \/><\/figure>\n\n\n\n<figure class=\"wp-block-image size-large\"><img loading=\"lazy\" decoding=\"async\" width=\"1024\" height=\"682\" src=\"http:\/\/vertienteglobal.com\/wp-content\/uploads\/2022\/09\/IMG-20220903-WA0049-1.jpg\" alt=\"\" class=\"wp-image-204719\" srcset=\"http:\/\/vertienteglobal.com\/wp-content\/uploads\/2022\/09\/IMG-20220903-WA0049-1.jpg 1024w, http:\/\/vertienteglobal.com\/wp-content\/uploads\/2022\/09\/IMG-20220903-WA0049-1-300x200.jpg 300w, http:\/\/vertienteglobal.com\/wp-content\/uploads\/2022\/09\/IMG-20220903-WA0049-1-150x100.jpg 150w, http:\/\/vertienteglobal.com\/wp-content\/uploads\/2022\/09\/IMG-20220903-WA0049-1-768x512.jpg 768w\" sizes=\"auto, (max-width: 1024px) 100vw, 1024px\" \/><\/figure>\n\n\n\n<figure class=\"wp-block-image size-large\"><img loading=\"lazy\" decoding=\"async\" width=\"1024\" height=\"682\" src=\"http:\/\/vertienteglobal.com\/wp-content\/uploads\/2022\/09\/IMG-20220903-WA0046.jpg\" alt=\"\" class=\"wp-image-204720\" srcset=\"http:\/\/vertienteglobal.com\/wp-content\/uploads\/2022\/09\/IMG-20220903-WA0046.jpg 1024w, http:\/\/vertienteglobal.com\/wp-content\/uploads\/2022\/09\/IMG-20220903-WA0046-300x200.jpg 300w, http:\/\/vertienteglobal.com\/wp-content\/uploads\/2022\/09\/IMG-20220903-WA0046-150x100.jpg 150w, http:\/\/vertienteglobal.com\/wp-content\/uploads\/2022\/09\/IMG-20220903-WA0046-768x512.jpg 768w\" sizes=\"auto, (max-width: 1024px) 100vw, 1024px\" \/><\/figure>\n","protected":false},"excerpt":{"rendered":"<p>(Antonio Rivera) La primera dama destac\u00f3 que la educaci\u00f3n siempre ser\u00e1 respaldada por el gobierno municipal y la loable instituci\u00f3n al entender el esfuerzo de cada padre de familia Tulum, 2 de septiembre del 2022.- Con el firme compromiso de apoyar la econom\u00eda de padres de familia ante el inicio del ciclo escolar 2022-2023, la [&hellip;]<\/p>\n","protected":false},"author":1,"featured_media":204719,"comment_status":"open","ping_status":"open","sticky":false,"template":"","format":"standard","meta":{"footnotes":""},"categories":[3],"tags":[],"class_list":["post-204714","post","type-post","status-publish","format-standard","has-post-thumbnail","hentry","category-quintana-roo","entry","has-media"],"jetpack_featured_media_url":"http:\/\/vertienteglobal.com\/wp-content\/uploads\/2022\/09\/IMG-20220903-WA0049-1.jpg","_links":{"self":[{"href":"http:\/\/vertienteglobal.com\/index.php?rest_route=\/wp\/v2\/posts\/204714","targetHints":{"allow":["GET"]}}],"collection":[{"href":"http:\/\/vertienteglobal.com\/index.php?rest_route=\/wp\/v2\/posts"}],"about":[{"href":"http:\/\/vertienteglobal.com\/index.php?rest_route=\/wp\/v2\/types\/post"}],"author":[{"embeddable":true,"href":"http:\/\/vertienteglobal.com\/index.php?rest_route=\/wp\/v2\/users\/1"}],"replies":[{"embeddable":true,"href":"http:\/\/vertienteglobal.com\/index.php?rest_route=%2Fwp%2Fv2%2Fcomments&post=204714"}],"version-history":[{"count":0,"href":"http:\/\/vertienteglobal.com\/index.php?rest_route=\/wp\/v2\/posts\/204714\/revisions"}],"wp:featuredmedia":[{"embeddable":true,"href":"http:\/\/vertienteglobal.com\/index.php?rest_route=\/wp\/v2\/media\/204719"}],"wp:attachment":[{"href":"http:\/\/vertienteglobal.com\/index.php?rest_route=%2Fwp%2Fv2%2Fmedia&parent=204714"}],"wp:term":[{"taxonomy":"category","embeddable":true,"href":"http:\/\/vertienteglobal.com\/index.php?rest_route=%2Fwp%2Fv2%2Fcategories&post=204714"},{"taxonomy":"post_tag","embeddable":true,"href":"http:\/\/vertienteglobal.com\/index.php?rest_route=%2Fwp%2Fv2%2Ftags&post=204714"}],"curies":[{"name":"wp","href":"https:\/\/api.w.org\/{rel}","templated":true}]}}