{"id":204706,"date":"2022-09-01T21:50:00","date_gmt":"2022-09-02T02:50:00","guid":{"rendered":"http:\/\/vertienteglobal.com\/?p=204706"},"modified":"2022-09-01T23:54:43","modified_gmt":"2022-09-02T04:54:43","slug":"participan-autoridades-de-benito-juarez-en-campana-enciende-una-esperanza-para-la-concientizacion-del-cancer-infantil","status":"publish","type":"post","link":"http:\/\/vertienteglobal.com\/?p=204706","title":{"rendered":"Participan autoridades de Benito Ju\u00e1rez en campa\u00f1a \u00abEnciende una Esperanza\u00bb para la concientizacion del c\u00e1ncer infantil"},"content":{"rendered":"\n<div class=\"twitterbutton\" style=\"float: right; padding-left: 5px;\"><a href=\"http:\/\/twitter.com\/share\" class=\"twitter-share-button\" data-count=\"horizontal\" data-text=\"Participan autoridades de Benito Ju\u00e1rez en campa\u00f1a \u00abEnciende una Esperanza\u00bb ...\" data-via=\"https:\/\/twitter.com\/VertienteGloba1\" data-url=\"http:\/\/vertienteglobal.com\/?p=204706\" data-lang=\"es\" data-related=\"Informaci\u00f3n general:S\u00edguenos para que est\u00e9ss informado\"><\/a><\/div>\n<figure class=\"wp-block-image size-large\"><img loading=\"lazy\" decoding=\"async\" width=\"720\" height=\"480\" src=\"http:\/\/vertienteglobal.com\/wp-content\/uploads\/2022\/09\/FB_IMG_1662086501649.jpg\" alt=\"\" class=\"wp-image-204707\" srcset=\"http:\/\/vertienteglobal.com\/wp-content\/uploads\/2022\/09\/FB_IMG_1662086501649.jpg 720w, http:\/\/vertienteglobal.com\/wp-content\/uploads\/2022\/09\/FB_IMG_1662086501649-300x200.jpg 300w, http:\/\/vertienteglobal.com\/wp-content\/uploads\/2022\/09\/FB_IMG_1662086501649-150x100.jpg 150w\" sizes=\"auto, (max-width: 720px) 100vw, 720px\" \/><\/figure>\n\n\n\n<p>(Redacci\u00f3n)<\/p>\n\n\n\n<p>Lezama Espinosa dijo que a lo largo del mes de septiembre se llevar\u00e1n a cabo una serie de actividades para crear conciencia de la importancia de la detecci\u00f3n temprana del c\u00e1ncer e informar a los padres de familia sobre los signos y s\u00edntomas que puede experimentar un menor con c\u00e1ncer<\/p>\n\n\n\n<p>Canc\u00fan, Quintana Roo, a 01 de septiembre de 2022.- En el marco del inicio del Mes de Concientizaci\u00f3n del C\u00e1ncer Infantil, la encargada de despacho de la Presidencia Municipal, Lourdes Latife Cardona Muza, encabez\u00f3 junto con Ver\u00f3nica Lezama Espinosa, Presidenta Honoraria del Sistema DIF-BJ, el encendido de luces doradas en la fachada del Palacio Municipal, como parte de la solidaridad hacia las ni\u00f1as, ni\u00f1os y adolescentes que luchan contra el c\u00e1ncer d\u00eda a d\u00eda.<\/p>\n\n\n\n<p>Ambas estuvieron acompa\u00f1adas de otras autoridades municipales y dirigentes de organizaciones no gubernamentales, en el encendido de luces con el af\u00e1n de crear conciencia sobre la detecci\u00f3n oportuna de dicho padecimiento en los infantes.<\/p>\n\n\n\n<p>Expres\u00f3 Cardona Muza que \u201cpara las autoridades es preocupante y ocupante el tema del c\u00e1ncer infantil, porque los ni\u00f1os son m\u00e1s fr\u00e1giles, m\u00e1s d\u00e9biles; es una vida que apenas empieza a aceptar, comprender y debe aceptarlo\u00bb.<\/p>\n\n\n\n<p>Por su parte, Lezama Espinosa dijo que a lo largo del mes de septiembre se llevar\u00e1n a cabo una serie de actividades para crear conciencia de la importancia de la detecci\u00f3n temprana del c\u00e1ncer e informar a los padres de familia sobre los signos y s\u00edntomas que puede experimentar un menor con c\u00e1ncer.<\/p>\n\n\n\n<p>Por ello, subray\u00f3 la importancia de reiterar que, en este mes septembrino se realizar\u00e1n diversas actividades a trav\u00e9s de la campa\u00f1a Septiembre Dorado 2022 \u201cEnciende Una Esperanza\u201d, que inici\u00f3 con el encendido de luces y es promovida por el DIF en conjunto con Fundaci\u00f3n Aitana AC, la fundaci\u00f3n AMANC Quintana Roo, la fundaci\u00f3n ANSER y Be the Match.<\/p>\n\n\n\n<p>La Presidenta Honoraria destac\u00f3 la valent\u00eda y perseverancia de las ni\u00f1as, ni\u00f1os y adolescentes que est\u00e1n luchando contra esta enfermedad.<\/p>\n\n\n\n<p>Durante el evento tambi\u00e9n estuvieron presentes Ana Paty Peralta; la presidenta de la Fundaci\u00f3n AITANA A.C, Yusi Dzib Echeverria; el Presidente de la Asociaci\u00f3n AMANC, Paulina Castillo Gonz\u00e1lez; la Regidora Presidente de la Comisi\u00f3n de Desarrollo Familiar, Asuntos Vulnerables y Asuntos Ind\u00edgenas, Miriam Morales V\u00e1zquez y Laura Vidales de fundaci\u00f3n ANSElR.<\/p>\n\n\n\n<figure class=\"wp-block-image size-large\"><img loading=\"lazy\" decoding=\"async\" width=\"720\" height=\"431\" src=\"http:\/\/vertienteglobal.com\/wp-content\/uploads\/2022\/09\/FB_IMG_1662086518986.jpg\" alt=\"\" class=\"wp-image-204708\" srcset=\"http:\/\/vertienteglobal.com\/wp-content\/uploads\/2022\/09\/FB_IMG_1662086518986.jpg 720w, http:\/\/vertienteglobal.com\/wp-content\/uploads\/2022\/09\/FB_IMG_1662086518986-300x180.jpg 300w, http:\/\/vertienteglobal.com\/wp-content\/uploads\/2022\/09\/FB_IMG_1662086518986-150x90.jpg 150w\" sizes=\"auto, (max-width: 720px) 100vw, 720px\" \/><\/figure>\n\n\n\n<figure class=\"wp-block-image size-large\"><img loading=\"lazy\" decoding=\"async\" width=\"720\" height=\"464\" src=\"http:\/\/vertienteglobal.com\/wp-content\/uploads\/2022\/09\/FB_IMG_1662086509926.jpg\" alt=\"\" class=\"wp-image-204709\" srcset=\"http:\/\/vertienteglobal.com\/wp-content\/uploads\/2022\/09\/FB_IMG_1662086509926.jpg 720w, http:\/\/vertienteglobal.com\/wp-content\/uploads\/2022\/09\/FB_IMG_1662086509926-300x193.jpg 300w, http:\/\/vertienteglobal.com\/wp-content\/uploads\/2022\/09\/FB_IMG_1662086509926-150x97.jpg 150w\" sizes=\"auto, (max-width: 720px) 100vw, 720px\" \/><\/figure>\n","protected":false},"excerpt":{"rendered":"<p>(Redacci\u00f3n) Lezama Espinosa dijo que a lo largo del mes de septiembre se llevar\u00e1n a cabo una serie de actividades para crear conciencia de la importancia de la detecci\u00f3n temprana del c\u00e1ncer e informar a los padres de familia sobre los signos y s\u00edntomas que puede experimentar un menor con c\u00e1ncer Canc\u00fan, Quintana Roo, a [&hellip;]<\/p>\n","protected":false},"author":1,"featured_media":204709,"comment_status":"open","ping_status":"open","sticky":false,"template":"","format":"standard","meta":{"footnotes":""},"categories":[3],"tags":[],"class_list":["post-204706","post","type-post","status-publish","format-standard","has-post-thumbnail","hentry","category-quintana-roo","entry","has-media"],"jetpack_featured_media_url":"http:\/\/vertienteglobal.com\/wp-content\/uploads\/2022\/09\/FB_IMG_1662086509926.jpg","_links":{"self":[{"href":"http:\/\/vertienteglobal.com\/index.php?rest_route=\/wp\/v2\/posts\/204706","targetHints":{"allow":["GET"]}}],"collection":[{"href":"http:\/\/vertienteglobal.com\/index.php?rest_route=\/wp\/v2\/posts"}],"about":[{"href":"http:\/\/vertienteglobal.com\/index.php?rest_route=\/wp\/v2\/types\/post"}],"author":[{"embeddable":true,"href":"http:\/\/vertienteglobal.com\/index.php?rest_route=\/wp\/v2\/users\/1"}],"replies":[{"embeddable":true,"href":"http:\/\/vertienteglobal.com\/index.php?rest_route=%2Fwp%2Fv2%2Fcomments&post=204706"}],"version-history":[{"count":0,"href":"http:\/\/vertienteglobal.com\/index.php?rest_route=\/wp\/v2\/posts\/204706\/revisions"}],"wp:featuredmedia":[{"embeddable":true,"href":"http:\/\/vertienteglobal.com\/index.php?rest_route=\/wp\/v2\/media\/204709"}],"wp:attachment":[{"href":"http:\/\/vertienteglobal.com\/index.php?rest_route=%2Fwp%2Fv2%2Fmedia&parent=204706"}],"wp:term":[{"taxonomy":"category","embeddable":true,"href":"http:\/\/vertienteglobal.com\/index.php?rest_route=%2Fwp%2Fv2%2Fcategories&post=204706"},{"taxonomy":"post_tag","embeddable":true,"href":"http:\/\/vertienteglobal.com\/index.php?rest_route=%2Fwp%2Fv2%2Ftags&post=204706"}],"curies":[{"name":"wp","href":"https:\/\/api.w.org\/{rel}","templated":true}]}}