{"id":204507,"date":"2022-08-30T15:53:00","date_gmt":"2022-08-30T20:53:00","guid":{"rendered":"http:\/\/vertienteglobal.com\/?p=204507"},"modified":"2022-08-30T16:56:27","modified_gmt":"2022-08-30T21:56:27","slug":"se-fortalece-el-programa-medico-en-tu-casa-en-isla-mujeres","status":"publish","type":"post","link":"http:\/\/vertienteglobal.com\/?p=204507","title":{"rendered":"Se fortalece el programa \u00abMedico en tu Casa\u00bb, en Isla Mujeres"},"content":{"rendered":"\n<div class=\"twitterbutton\" style=\"float: right; padding-left: 5px;\"><a href=\"http:\/\/twitter.com\/share\" class=\"twitter-share-button\" data-count=\"horizontal\" data-text=\"Se fortalece el programa \u00abMedico en tu Casa\u00bb, en Isla Mujeres\" data-via=\"https:\/\/twitter.com\/VertienteGloba1\" data-url=\"http:\/\/vertienteglobal.com\/?p=204507\" data-lang=\"es\" data-related=\"Informaci\u00f3n general:S\u00edguenos para que est\u00e9ss informado\"><\/a><\/div>\n<figure class=\"wp-block-image size-large\"><img loading=\"lazy\" decoding=\"async\" width=\"721\" height=\"540\" src=\"http:\/\/vertienteglobal.com\/wp-content\/uploads\/2022\/08\/FB_IMG_1661895524470.jpg\" alt=\"\" class=\"wp-image-204508\" srcset=\"http:\/\/vertienteglobal.com\/wp-content\/uploads\/2022\/08\/FB_IMG_1661895524470.jpg 721w, http:\/\/vertienteglobal.com\/wp-content\/uploads\/2022\/08\/FB_IMG_1661895524470-300x225.jpg 300w, http:\/\/vertienteglobal.com\/wp-content\/uploads\/2022\/08\/FB_IMG_1661895524470-150x112.jpg 150w\" sizes=\"auto, (max-width: 721px) 100vw, 721px\" \/><\/figure>\n\n\n\n<p>(Redacci\u00f3n)<\/p>\n\n\n\n<p>G\u00f3mez Herrera, dio a conocer que con el programa \u201cM\u00e9dico en tu casa\u201d se atiende desde sus domicilios a las personas adultas mayores y con discapacidad, evitando con ello que tengan que trasladarse a los Centros Comunitarios, donde se brindan consultas m\u00e9dicas gratuitas<\/p>\n\n\n\n<p>Isla Mujeres, Quintana Roo, 30 de agosto de 2022.-A trav\u00e9s del programa \u201cM\u00e9dico en tu casa\u201d, el gobierno que encabeza la presidente municipal, Atenea G\u00f3mez Ricalde, brinda atenci\u00f3n m\u00e9dica oportuna y de calidad a la poblaci\u00f3n isle\u00f1a m\u00e1s vulnerable.<\/p>\n\n\n\n<p>En ese sentido, la directora de Salud de Isla Mujeres, Teresa G\u00f3mez Herrera, dio a conocer que con el programa \u201cM\u00e9dico en tu casa\u201d se atiende desde sus domicilios a las personas adultas mayores y con discapacidad, evitando con ello que tengan que trasladarse a los Centros Comunitarios, donde se brindan consultas m\u00e9dicas gratuitas.<\/p>\n\n\n\n<p>G\u00f3mez Herrera recalc\u00f3 que, para la presidente municipal la salud de la comunidad isle\u00f1a es muy importante, por ello exhort\u00f3 a la poblaci\u00f3n vulnerable a enviar a alg\u00fan familiar a tramitar su cita m\u00e9dica domiciliaria la Direcci\u00f3n de Salud ubicada al interior de los Centros Comunitarios en horario de lunes a viernes de 9 de la ma\u00f1ana a 4 de la tarde en la \u00ednsula y de 9 de la ma\u00f1ana a 1 de la tarde en la Zona Continental y tambi\u00e9n pueden comunicarse al n\u00famero telef\u00f3nico 99 89 37 73 50 para solicitar mayor informaci\u00f3n.<\/p>\n\n\n\n<p>Asimismo, la funcionaria municipal dio a conocer que de marzo a la fecha se han atendido a trav\u00e9s del mencionado programa a 191 pacientes en el municipio, en su mayor\u00eda mujeres, quienes por diversos motivos no pueden acudir a las unidades de salud a sus citas m\u00e9dicas; del total de pacientes atendidos la mayor\u00eda corresponde a la zona insular del municipio.<\/p>\n\n\n\n<p>Precis\u00f3 que de ser necesario se les da seguimiento m\u00e9dico a los pacientes en sus domicilios y para hacer la cita en la Direcci\u00f3n de Salud se debe proporcionar el nombre del paciente y su padecimiento, entre los servicios que se brindan est\u00e1n atenci\u00f3n m\u00e9dica, de enfermer\u00eda, nutrici\u00f3n y psicolog\u00eda.(www.islamujeres.gob.mx)<\/p>\n\n\n\n<figure class=\"wp-block-image size-large\"><img loading=\"lazy\" decoding=\"async\" width=\"720\" height=\"581\" src=\"http:\/\/vertienteglobal.com\/wp-content\/uploads\/2022\/08\/FB_IMG_1661895520045.jpg\" alt=\"\" class=\"wp-image-204509\" srcset=\"http:\/\/vertienteglobal.com\/wp-content\/uploads\/2022\/08\/FB_IMG_1661895520045.jpg 720w, http:\/\/vertienteglobal.com\/wp-content\/uploads\/2022\/08\/FB_IMG_1661895520045-300x242.jpg 300w, http:\/\/vertienteglobal.com\/wp-content\/uploads\/2022\/08\/FB_IMG_1661895520045-150x121.jpg 150w\" sizes=\"auto, (max-width: 720px) 100vw, 720px\" \/><\/figure>\n\n\n\n<figure class=\"wp-block-image size-large\"><img loading=\"lazy\" decoding=\"async\" width=\"720\" height=\"480\" src=\"http:\/\/vertienteglobal.com\/wp-content\/uploads\/2022\/08\/FB_IMG_1661895528627.jpg\" alt=\"\" class=\"wp-image-204510\" srcset=\"http:\/\/vertienteglobal.com\/wp-content\/uploads\/2022\/08\/FB_IMG_1661895528627.jpg 720w, http:\/\/vertienteglobal.com\/wp-content\/uploads\/2022\/08\/FB_IMG_1661895528627-300x200.jpg 300w, http:\/\/vertienteglobal.com\/wp-content\/uploads\/2022\/08\/FB_IMG_1661895528627-150x100.jpg 150w\" sizes=\"auto, (max-width: 720px) 100vw, 720px\" \/><\/figure>\n","protected":false},"excerpt":{"rendered":"<p>(Redacci\u00f3n) G\u00f3mez Herrera, dio a conocer que con el programa \u201cM\u00e9dico en tu casa\u201d se atiende desde sus domicilios a las personas adultas mayores y con discapacidad, evitando con ello que tengan que trasladarse a los Centros Comunitarios, donde se brindan consultas m\u00e9dicas gratuitas Isla Mujeres, Quintana Roo, 30 de agosto de 2022.-A trav\u00e9s del [&hellip;]<\/p>\n","protected":false},"author":1,"featured_media":204508,"comment_status":"open","ping_status":"open","sticky":false,"template":"","format":"standard","meta":{"footnotes":""},"categories":[3],"tags":[],"class_list":["post-204507","post","type-post","status-publish","format-standard","has-post-thumbnail","hentry","category-quintana-roo","entry","has-media"],"jetpack_featured_media_url":"http:\/\/vertienteglobal.com\/wp-content\/uploads\/2022\/08\/FB_IMG_1661895524470.jpg","_links":{"self":[{"href":"http:\/\/vertienteglobal.com\/index.php?rest_route=\/wp\/v2\/posts\/204507","targetHints":{"allow":["GET"]}}],"collection":[{"href":"http:\/\/vertienteglobal.com\/index.php?rest_route=\/wp\/v2\/posts"}],"about":[{"href":"http:\/\/vertienteglobal.com\/index.php?rest_route=\/wp\/v2\/types\/post"}],"author":[{"embeddable":true,"href":"http:\/\/vertienteglobal.com\/index.php?rest_route=\/wp\/v2\/users\/1"}],"replies":[{"embeddable":true,"href":"http:\/\/vertienteglobal.com\/index.php?rest_route=%2Fwp%2Fv2%2Fcomments&post=204507"}],"version-history":[{"count":0,"href":"http:\/\/vertienteglobal.com\/index.php?rest_route=\/wp\/v2\/posts\/204507\/revisions"}],"wp:featuredmedia":[{"embeddable":true,"href":"http:\/\/vertienteglobal.com\/index.php?rest_route=\/wp\/v2\/media\/204508"}],"wp:attachment":[{"href":"http:\/\/vertienteglobal.com\/index.php?rest_route=%2Fwp%2Fv2%2Fmedia&parent=204507"}],"wp:term":[{"taxonomy":"category","embeddable":true,"href":"http:\/\/vertienteglobal.com\/index.php?rest_route=%2Fwp%2Fv2%2Fcategories&post=204507"},{"taxonomy":"post_tag","embeddable":true,"href":"http:\/\/vertienteglobal.com\/index.php?rest_route=%2Fwp%2Fv2%2Ftags&post=204507"}],"curies":[{"name":"wp","href":"https:\/\/api.w.org\/{rel}","templated":true}]}}