{"id":204423,"date":"2022-08-29T07:33:00","date_gmt":"2022-08-29T12:33:00","guid":{"rendered":"http:\/\/vertienteglobal.com\/?p=204423"},"modified":"2022-08-29T12:38:48","modified_gmt":"2022-08-29T17:38:48","slug":"autobus-de-la-empresa-omnibus-del-alba-oda-se-incendio-a-500-metros-de-la-entrada-al-aeropuerto-internacional-de-cancun","status":"publish","type":"post","link":"http:\/\/vertienteglobal.com\/?p=204423","title":{"rendered":"Autob\u00fas de la empresa Omnibus del Alba (ODA) se incendi\u00f3 a 500 metros de la entrada al aeropuerto internacional de Canc\u00fan"},"content":{"rendered":"\n<div class=\"twitterbutton\" style=\"float: right; padding-left: 5px;\"><a href=\"http:\/\/twitter.com\/share\" class=\"twitter-share-button\" data-count=\"horizontal\" data-text=\"Autob\u00fas de la empresa Omnibus del Alba (ODA) se incendi\u00f3 a 500 metros de la en...\" data-via=\"https:\/\/twitter.com\/VertienteGloba1\" data-url=\"http:\/\/vertienteglobal.com\/?p=204423\" data-lang=\"es\" data-related=\"Informaci\u00f3n general:S\u00edguenos para que est\u00e9ss informado\"><\/a><\/div>\n<figure class=\"wp-block-image size-large\"><img loading=\"lazy\" decoding=\"async\" width=\"720\" height=\"540\" src=\"http:\/\/vertienteglobal.com\/wp-content\/uploads\/2022\/08\/FB_IMG_1661789139431.jpg\" alt=\"\" class=\"wp-image-204424\" srcset=\"http:\/\/vertienteglobal.com\/wp-content\/uploads\/2022\/08\/FB_IMG_1661789139431.jpg 720w, http:\/\/vertienteglobal.com\/wp-content\/uploads\/2022\/08\/FB_IMG_1661789139431-300x225.jpg 300w, http:\/\/vertienteglobal.com\/wp-content\/uploads\/2022\/08\/FB_IMG_1661789139431-150x113.jpg 150w\" sizes=\"auto, (max-width: 720px) 100vw, 720px\" \/><\/figure>\n\n\n\n<p>(Redacci\u00f3n)<\/p>\n\n\n\n<p>El autob\u00fas sufri\u00f3 una aver\u00eda mec\u00e1nica que provoc\u00f3 que iniciar\u00e1 a echar humo en la parte trasera, d\u00f3nde se ubica el motor, para que inmediatamente salieran llamas que empezaron a consumir la unidad<\/p>\n\n\n\n<p>Cancun, Quintana Roo 29 de agosto 2022.- A las 6:30 de la ma\u00f1ana en la carretera Canc\u00fan-Playa del Carmen, aproximadamente a 500 metros antes de llegar al puente del aeropuerto de Canc\u00fan, un autob\u00fas de la empresa Omnibus del Alba (ODA) se incendi\u00f3 provocando que se cerrar\u00e1 la carretera en sentido sur-norte. El autob\u00fas transitaba vac\u00edo por lo que no hay que lamentar v\u00edctimas, ya que solo hay p\u00e9rdidas materiales.<\/p>\n\n\n\n<p>Y es que se observo que el autob\u00fas sufri\u00f3 una aver\u00eda mec\u00e1nica que provoc\u00f3 que iniciar\u00e1 a echar humo en la parte trasera, d\u00f3nde se ubica el motor, para que inmediatamente salieran llamas que empezaron a consumir la unidad.<\/p>\n\n\n\n<p>Por.lo que ante esta situaci\u00f3n, el operador de la unidad se estacion\u00f3 a la derecha para tratar de dejar libre el paso de veh\u00edculos pues las llamas se propagaron muy r\u00e1pidamente.<\/p>\n\n\n\n<p>Ante la imposibilidad de apagar el fuego el operador cruz\u00f3 la carretera y solicit\u00f3 apoyo de uno de sus compa\u00f1eros de la misma l\u00ednea ODA, qui\u00e9n pasaba en setido contar\u00edo, para que lo rescatar\u00e1, abandonando la unidad incendiada.<\/p>\n\n\n\n<p>La polic\u00eda inmediatamente abander\u00f3 el lugar para evitar que el inciendo pudiera provocar alg\u00fan otro accidente ya que el tr\u00e1nsito en el lugar es bastante intenso por las obras de remodelaci\u00f3n de la carretera.<\/p>\n","protected":false},"excerpt":{"rendered":"<p>(Redacci\u00f3n) El autob\u00fas sufri\u00f3 una aver\u00eda mec\u00e1nica que provoc\u00f3 que iniciar\u00e1 a echar humo en la parte trasera, d\u00f3nde se ubica el motor, para que inmediatamente salieran llamas que empezaron a consumir la unidad Cancun, Quintana Roo 29 de agosto 2022.- A las 6:30 de la ma\u00f1ana en la carretera Canc\u00fan-Playa del Carmen, aproximadamente a [&hellip;]<\/p>\n","protected":false},"author":1,"featured_media":204424,"comment_status":"open","ping_status":"open","sticky":false,"template":"","format":"standard","meta":{"footnotes":""},"categories":[3],"tags":[],"class_list":["post-204423","post","type-post","status-publish","format-standard","has-post-thumbnail","hentry","category-quintana-roo","entry","has-media"],"jetpack_featured_media_url":"http:\/\/vertienteglobal.com\/wp-content\/uploads\/2022\/08\/FB_IMG_1661789139431.jpg","_links":{"self":[{"href":"http:\/\/vertienteglobal.com\/index.php?rest_route=\/wp\/v2\/posts\/204423","targetHints":{"allow":["GET"]}}],"collection":[{"href":"http:\/\/vertienteglobal.com\/index.php?rest_route=\/wp\/v2\/posts"}],"about":[{"href":"http:\/\/vertienteglobal.com\/index.php?rest_route=\/wp\/v2\/types\/post"}],"author":[{"embeddable":true,"href":"http:\/\/vertienteglobal.com\/index.php?rest_route=\/wp\/v2\/users\/1"}],"replies":[{"embeddable":true,"href":"http:\/\/vertienteglobal.com\/index.php?rest_route=%2Fwp%2Fv2%2Fcomments&post=204423"}],"version-history":[{"count":0,"href":"http:\/\/vertienteglobal.com\/index.php?rest_route=\/wp\/v2\/posts\/204423\/revisions"}],"wp:featuredmedia":[{"embeddable":true,"href":"http:\/\/vertienteglobal.com\/index.php?rest_route=\/wp\/v2\/media\/204424"}],"wp:attachment":[{"href":"http:\/\/vertienteglobal.com\/index.php?rest_route=%2Fwp%2Fv2%2Fmedia&parent=204423"}],"wp:term":[{"taxonomy":"category","embeddable":true,"href":"http:\/\/vertienteglobal.com\/index.php?rest_route=%2Fwp%2Fv2%2Fcategories&post=204423"},{"taxonomy":"post_tag","embeddable":true,"href":"http:\/\/vertienteglobal.com\/index.php?rest_route=%2Fwp%2Fv2%2Ftags&post=204423"}],"curies":[{"name":"wp","href":"https:\/\/api.w.org\/{rel}","templated":true}]}}