{"id":204371,"date":"2022-08-27T16:51:00","date_gmt":"2022-08-27T21:51:00","guid":{"rendered":"http:\/\/vertienteglobal.com\/?p=204371"},"modified":"2022-08-27T19:18:12","modified_gmt":"2022-08-28T00:18:12","slug":"todavia-esta-en-proceso-la-integracion-del-nuevo-gabinete-para-quintana-roo-mara-lezama","status":"publish","type":"post","link":"http:\/\/vertienteglobal.com\/?p=204371","title":{"rendered":"Esta en proceso la integraci\u00f3n del nuevo gabinete para Quintana Roo: Mara Lezama"},"content":{"rendered":"\n<div class=\"twitterbutton\" style=\"float: right; padding-left: 5px;\"><a href=\"http:\/\/twitter.com\/share\" class=\"twitter-share-button\" data-count=\"horizontal\" data-text=\"Esta en proceso la integraci\u00f3n del nuevo gabinete para Quintana Roo: Mara Lezam...\" data-via=\"https:\/\/twitter.com\/VertienteGloba1\" data-url=\"http:\/\/vertienteglobal.com\/?p=204371\" data-lang=\"es\" data-related=\"Informaci\u00f3n general:S\u00edguenos para que est\u00e9ss informado\"><\/a><\/div>\n<figure class=\"wp-block-image size-large\"><img loading=\"lazy\" decoding=\"async\" width=\"720\" height=\"466\" src=\"http:\/\/vertienteglobal.com\/wp-content\/uploads\/2022\/08\/FB_IMG_1661644897125.jpg\" alt=\"\" class=\"wp-image-204372\" srcset=\"http:\/\/vertienteglobal.com\/wp-content\/uploads\/2022\/08\/FB_IMG_1661644897125.jpg 720w, http:\/\/vertienteglobal.com\/wp-content\/uploads\/2022\/08\/FB_IMG_1661644897125-300x194.jpg 300w, http:\/\/vertienteglobal.com\/wp-content\/uploads\/2022\/08\/FB_IMG_1661644897125-150x97.jpg 150w\" sizes=\"auto, (max-width: 720px) 100vw, 720px\" \/><\/figure>\n\n\n\n<p>(Antonio Rivera)<\/p>\n\n\n\n<p>Afirmo que en el sur hay gente super preparada y con muchas ganas de trabajar por el estado<\/p>\n\n\n\n<p>Chetumal, Quintana Roo 27 de agosto 2022.- La gobernadora electa Mara Lezama Espinosa asegur\u00f3 que los chetumale\u00f1os ser\u00e1n tomados en cuenta para ocupar espacios en el gabinete que va a encabezar la pr\u00f3xima administraci\u00f3n estatal.<\/p>\n\n\n\n<p>Entrevistada porndiversos medios de comunicaci\u00f3n y previo a recibir el Bando Solemne de parte del Poder Legislativo, Lezama Espinosa, se\u00f1al\u00f3 que en Chetumal \u00abhay gente s\u00faper preparada y con muchas ganas de trabajar por este estado\u00bb, por lo que ser\u00e1n tomados en cuenta.<\/p>\n\n\n\n<p>Ante la preguntas de los reporteros si habr\u00e1 la posibilidad de integrar a alg\u00fan miembro del gabinete de Carlos Joaqu\u00edn, la pr\u00f3xima mandataria estatal, no destac\u00f3 esta opci\u00f3n y a\u00f1adi\u00f3 que actualmente est\u00e1 en el proceso de determinar quienes conformar\u00e1n su equipo de gobierno.<\/p>\n\n\n\n<p>Al referirse al trabajo que sostendr\u00e1 con la pr\u00f3xima legislatura, la gobernadora electa agreg\u00f3 que su labor como mandataria estatal ser\u00e1 respetar siempre a cada uno de los poderes que conforman el Estado.<\/p>\n","protected":false},"excerpt":{"rendered":"<p>(Antonio Rivera) Afirmo que en el sur hay gente super preparada y con muchas ganas de trabajar por el estado Chetumal, Quintana Roo 27 de agosto 2022.- La gobernadora electa Mara Lezama Espinosa asegur\u00f3 que los chetumale\u00f1os ser\u00e1n tomados en cuenta para ocupar espacios en el gabinete que va a encabezar la pr\u00f3xima administraci\u00f3n estatal. [&hellip;]<\/p>\n","protected":false},"author":1,"featured_media":204372,"comment_status":"open","ping_status":"open","sticky":false,"template":"","format":"standard","meta":{"footnotes":""},"categories":[3],"tags":[],"class_list":["post-204371","post","type-post","status-publish","format-standard","has-post-thumbnail","hentry","category-quintana-roo","entry","has-media"],"jetpack_featured_media_url":"http:\/\/vertienteglobal.com\/wp-content\/uploads\/2022\/08\/FB_IMG_1661644897125.jpg","_links":{"self":[{"href":"http:\/\/vertienteglobal.com\/index.php?rest_route=\/wp\/v2\/posts\/204371","targetHints":{"allow":["GET"]}}],"collection":[{"href":"http:\/\/vertienteglobal.com\/index.php?rest_route=\/wp\/v2\/posts"}],"about":[{"href":"http:\/\/vertienteglobal.com\/index.php?rest_route=\/wp\/v2\/types\/post"}],"author":[{"embeddable":true,"href":"http:\/\/vertienteglobal.com\/index.php?rest_route=\/wp\/v2\/users\/1"}],"replies":[{"embeddable":true,"href":"http:\/\/vertienteglobal.com\/index.php?rest_route=%2Fwp%2Fv2%2Fcomments&post=204371"}],"version-history":[{"count":0,"href":"http:\/\/vertienteglobal.com\/index.php?rest_route=\/wp\/v2\/posts\/204371\/revisions"}],"wp:featuredmedia":[{"embeddable":true,"href":"http:\/\/vertienteglobal.com\/index.php?rest_route=\/wp\/v2\/media\/204372"}],"wp:attachment":[{"href":"http:\/\/vertienteglobal.com\/index.php?rest_route=%2Fwp%2Fv2%2Fmedia&parent=204371"}],"wp:term":[{"taxonomy":"category","embeddable":true,"href":"http:\/\/vertienteglobal.com\/index.php?rest_route=%2Fwp%2Fv2%2Fcategories&post=204371"},{"taxonomy":"post_tag","embeddable":true,"href":"http:\/\/vertienteglobal.com\/index.php?rest_route=%2Fwp%2Fv2%2Ftags&post=204371"}],"curies":[{"name":"wp","href":"https:\/\/api.w.org\/{rel}","templated":true}]}}