{"id":204303,"date":"2022-08-26T15:51:00","date_gmt":"2022-08-26T20:51:00","guid":{"rendered":"http:\/\/vertienteglobal.com\/?p=204303"},"modified":"2022-08-26T17:14:01","modified_gmt":"2022-08-26T22:14:01","slug":"acerca-fge-quintana-roo-la-procuracion-de-justicia-a-adultos-mayores","status":"publish","type":"post","link":"http:\/\/vertienteglobal.com\/?p=204303","title":{"rendered":"Acerca FGE Quintana Roo la procuraci\u00f3n de justicia a adultos mayores"},"content":{"rendered":"\n<div class=\"twitterbutton\" style=\"float: right; padding-left: 5px;\"><a href=\"http:\/\/twitter.com\/share\" class=\"twitter-share-button\" data-count=\"horizontal\" data-text=\"Acerca FGE Quintana Roo la procuraci\u00f3n de justicia a adultos mayores\" data-via=\"https:\/\/twitter.com\/VertienteGloba1\" data-url=\"http:\/\/vertienteglobal.com\/?p=204303\" data-lang=\"es\" data-related=\"Informaci\u00f3n general:S\u00edguenos para que est\u00e9ss informado\"><\/a><\/div>\n<figure class=\"wp-block-image size-large\"><img loading=\"lazy\" decoding=\"async\" width=\"1024\" height=\"921\" src=\"http:\/\/vertienteglobal.com\/wp-content\/uploads\/2022\/08\/IMG-20220826-WA0178-1024x921.jpg\" alt=\"\" class=\"wp-image-204304\" srcset=\"http:\/\/vertienteglobal.com\/wp-content\/uploads\/2022\/08\/IMG-20220826-WA0178-1024x921.jpg 1024w, http:\/\/vertienteglobal.com\/wp-content\/uploads\/2022\/08\/IMG-20220826-WA0178-300x270.jpg 300w, http:\/\/vertienteglobal.com\/wp-content\/uploads\/2022\/08\/IMG-20220826-WA0178-150x135.jpg 150w, http:\/\/vertienteglobal.com\/wp-content\/uploads\/2022\/08\/IMG-20220826-WA0178-768x691.jpg 768w, http:\/\/vertienteglobal.com\/wp-content\/uploads\/2022\/08\/IMG-20220826-WA0178.jpg 1055w\" sizes=\"auto, (max-width: 1024px) 100vw, 1024px\" \/><\/figure>\n\n\n\n<p>(Redacci\u00f3n)<\/p>\n\n\n\n<p>Firma el Fiscal General, \u00d3scar Montes de Oca, convenio con la FEDHAM en beneficio de este sector de la poblaci\u00f3n<\/p>\n\n\n\n<p>\u201cTenemos la obligaci\u00f3n de dar un acceso efectivo a la justicia a todas las personas, principalmente a los grupos vulnerables\u201d, afirma el titular de la FGE Quintana Roo<\/p>\n\n\n\n<p>Se habilitar\u00e1 una Agencia del Ministerio P\u00fablico y un n\u00famero de WhatsApp, para atenci\u00f3n exclusiva de las y los abuelitos de la entidad<\/p>\n\n\n\n<p><em>Canc\u00fan, Quintana Roo 26 de agosto 2022<\/em>.-Con el fin de acercar la justicia a las personas adultas mayores, el Fiscal General del Estado, \u00d3scar Montes de Oca, firm\u00f3 un convenio con la Federaci\u00f3n Estatal para los Derechos Humanos de los Adultos Mayores (FEDHAM), en el que se establecen las estrategias, pol\u00edticas y trabajos de colaboraci\u00f3n entre ambas instituciones, para brindarles protecci\u00f3n y atenci\u00f3n preferente a este sector de la poblaci\u00f3n de Quintana Roo.<\/p>\n\n\n\n<p>Durante la firma del convenio, el Fiscal General destac\u00f3 la confianza de la FEDHAM hacia la dependencia estatal, el cual beneficiar\u00e1 de manera directa a las y los abuelitos de la entidad.<\/p>\n\n\n\n<p>\u201cTenemos la obligaci\u00f3n de dar un acceso efectivo a la justicia a todas las personas, principalmente a los grupos vulnerables. A partir de hoy, la Fiscal\u00eda General del Estado de Quintana Roo facilita las herramientas para defender y promover el correcto ejercicio de los derechos de las personas adultas mayores\u201d, sostuvo \u00d3scar Montes de Oca.<\/p>\n\n\n\n<p>En ese sentido, la FGE Quintana Roo habilitar\u00e1 una Agencia del Ministerio P\u00fablico que les dar\u00e1 atenci\u00f3n exclusiva, adem\u00e1s, pondr\u00e1 en operaciones un Ministerio P\u00fablico M\u00f3vil para que acuda a su domicilio y puedan formalizar la denuncia de cualquier delito del que hayan sido v\u00edctimas. Este servicio podr\u00e1n solicitarlo por llamada telef\u00f3nica o mensaje de WhatsApp al n\u00famero 998 317 5006.<\/p>\n\n\n\n<p>Por su parte, Horacio Reyes Garc\u00eda, presidente de la Federaci\u00f3n Estatal para los Derechos Humanos de los Adultos Mayores, invit\u00f3 a este sector de la poblaci\u00f3n a acercarse a la Fiscal\u00eda General del Estado y evitar as\u00ed cualquier abuso que puedan sufrir.<\/p>\n\n\n\n<p>\u201cEsto que acabamos de firmar es algo in\u00e9dito en Quintana Roo y nos va a permitir tener la posibilidad de pedir la asistencia de la autoridad de manera r\u00e1pida; es un trabajo conjunto entre el Gobierno y la sociedad civil\u201d.<\/p>\n\n\n\n<p>Cabe destacar que a la firma de este convenio, celebrado en el marco del D\u00eda del Abuelo, acudieron la titular de la Secretar\u00eda de Desarrollo Social del Estado, Roc\u00edo Moreno Mendoza, y la diputada local electa, Susana Hurtado.<\/p>\n\n\n\n<figure class=\"wp-block-image size-large\"><img loading=\"lazy\" decoding=\"async\" width=\"1024\" height=\"861\" src=\"http:\/\/vertienteglobal.com\/wp-content\/uploads\/2022\/08\/IMG-20220826-WA0179-1024x861.jpg\" alt=\"\" class=\"wp-image-204305\" srcset=\"http:\/\/vertienteglobal.com\/wp-content\/uploads\/2022\/08\/IMG-20220826-WA0179-1024x861.jpg 1024w, http:\/\/vertienteglobal.com\/wp-content\/uploads\/2022\/08\/IMG-20220826-WA0179-300x252.jpg 300w, http:\/\/vertienteglobal.com\/wp-content\/uploads\/2022\/08\/IMG-20220826-WA0179-150x126.jpg 150w, http:\/\/vertienteglobal.com\/wp-content\/uploads\/2022\/08\/IMG-20220826-WA0179-768x645.jpg 768w, http:\/\/vertienteglobal.com\/wp-content\/uploads\/2022\/08\/IMG-20220826-WA0179.jpg 1072w\" sizes=\"auto, (max-width: 1024px) 100vw, 1024px\" \/><\/figure>\n\n\n\n<figure class=\"wp-block-image size-large\"><img loading=\"lazy\" decoding=\"async\" width=\"1024\" height=\"795\" src=\"http:\/\/vertienteglobal.com\/wp-content\/uploads\/2022\/08\/IMG-20220826-WA0177-1024x795.jpg\" alt=\"\" class=\"wp-image-204306\" srcset=\"http:\/\/vertienteglobal.com\/wp-content\/uploads\/2022\/08\/IMG-20220826-WA0177-1024x795.jpg 1024w, http:\/\/vertienteglobal.com\/wp-content\/uploads\/2022\/08\/IMG-20220826-WA0177-300x233.jpg 300w, http:\/\/vertienteglobal.com\/wp-content\/uploads\/2022\/08\/IMG-20220826-WA0177-150x116.jpg 150w, http:\/\/vertienteglobal.com\/wp-content\/uploads\/2022\/08\/IMG-20220826-WA0177-768x596.jpg 768w, http:\/\/vertienteglobal.com\/wp-content\/uploads\/2022\/08\/IMG-20220826-WA0177.jpg 1080w\" sizes=\"auto, (max-width: 1024px) 100vw, 1024px\" \/><\/figure>\n\n\n\n<figure class=\"wp-block-image size-large\"><img loading=\"lazy\" decoding=\"async\" width=\"1024\" height=\"1001\" src=\"http:\/\/vertienteglobal.com\/wp-content\/uploads\/2022\/08\/IMG-20220826-WA0182-1024x1001.jpg\" alt=\"\" class=\"wp-image-204307\" srcset=\"http:\/\/vertienteglobal.com\/wp-content\/uploads\/2022\/08\/IMG-20220826-WA0182-1024x1001.jpg 1024w, http:\/\/vertienteglobal.com\/wp-content\/uploads\/2022\/08\/IMG-20220826-WA0182-300x293.jpg 300w, http:\/\/vertienteglobal.com\/wp-content\/uploads\/2022\/08\/IMG-20220826-WA0182-150x147.jpg 150w, http:\/\/vertienteglobal.com\/wp-content\/uploads\/2022\/08\/IMG-20220826-WA0182-768x751.jpg 768w, http:\/\/vertienteglobal.com\/wp-content\/uploads\/2022\/08\/IMG-20220826-WA0182.jpg 1080w\" sizes=\"auto, (max-width: 1024px) 100vw, 1024px\" \/><\/figure>\n\n\n\n<figure class=\"wp-block-image size-large\"><img loading=\"lazy\" decoding=\"async\" width=\"1024\" height=\"805\" src=\"http:\/\/vertienteglobal.com\/wp-content\/uploads\/2022\/08\/IMG-20220826-WA0184-1024x805.jpg\" alt=\"\" class=\"wp-image-204308\" srcset=\"http:\/\/vertienteglobal.com\/wp-content\/uploads\/2022\/08\/IMG-20220826-WA0184-1024x805.jpg 1024w, http:\/\/vertienteglobal.com\/wp-content\/uploads\/2022\/08\/IMG-20220826-WA0184-300x236.jpg 300w, http:\/\/vertienteglobal.com\/wp-content\/uploads\/2022\/08\/IMG-20220826-WA0184-150x118.jpg 150w, http:\/\/vertienteglobal.com\/wp-content\/uploads\/2022\/08\/IMG-20220826-WA0184-768x604.jpg 768w, http:\/\/vertienteglobal.com\/wp-content\/uploads\/2022\/08\/IMG-20220826-WA0184.jpg 1080w\" sizes=\"auto, (max-width: 1024px) 100vw, 1024px\" \/><\/figure>\n\n\n\n<figure class=\"wp-block-image size-large\"><img loading=\"lazy\" decoding=\"async\" width=\"1024\" height=\"476\" src=\"http:\/\/vertienteglobal.com\/wp-content\/uploads\/2022\/08\/IMG-20220826-WA0176-1024x476.jpg\" alt=\"\" class=\"wp-image-204309\" srcset=\"http:\/\/vertienteglobal.com\/wp-content\/uploads\/2022\/08\/IMG-20220826-WA0176-1024x476.jpg 1024w, http:\/\/vertienteglobal.com\/wp-content\/uploads\/2022\/08\/IMG-20220826-WA0176-300x139.jpg 300w, http:\/\/vertienteglobal.com\/wp-content\/uploads\/2022\/08\/IMG-20220826-WA0176-150x70.jpg 150w, http:\/\/vertienteglobal.com\/wp-content\/uploads\/2022\/08\/IMG-20220826-WA0176-768x357.jpg 768w, http:\/\/vertienteglobal.com\/wp-content\/uploads\/2022\/08\/IMG-20220826-WA0176.jpg 1042w\" sizes=\"auto, (max-width: 1024px) 100vw, 1024px\" \/><\/figure>\n\n\n\n<figure class=\"wp-block-image size-large\"><img loading=\"lazy\" decoding=\"async\" width=\"1011\" height=\"693\" src=\"http:\/\/vertienteglobal.com\/wp-content\/uploads\/2022\/08\/IMG-20220826-WA0181.jpg\" alt=\"\" class=\"wp-image-204310\" srcset=\"http:\/\/vertienteglobal.com\/wp-content\/uploads\/2022\/08\/IMG-20220826-WA0181.jpg 1011w, http:\/\/vertienteglobal.com\/wp-content\/uploads\/2022\/08\/IMG-20220826-WA0181-300x206.jpg 300w, http:\/\/vertienteglobal.com\/wp-content\/uploads\/2022\/08\/IMG-20220826-WA0181-150x103.jpg 150w, http:\/\/vertienteglobal.com\/wp-content\/uploads\/2022\/08\/IMG-20220826-WA0181-768x526.jpg 768w\" sizes=\"auto, (max-width: 1011px) 100vw, 1011px\" \/><\/figure>\n","protected":false},"excerpt":{"rendered":"<p>(Redacci\u00f3n) Firma el Fiscal General, \u00d3scar Montes de Oca, convenio con la FEDHAM en beneficio de este sector de la poblaci\u00f3n \u201cTenemos la obligaci\u00f3n de dar un acceso efectivo a la justicia a todas las personas, principalmente a los grupos vulnerables\u201d, afirma el titular de la FGE Quintana Roo Se habilitar\u00e1 una Agencia del Ministerio [&hellip;]<\/p>\n","protected":false},"author":1,"featured_media":204304,"comment_status":"open","ping_status":"open","sticky":false,"template":"","format":"standard","meta":{"footnotes":""},"categories":[3],"tags":[],"class_list":["post-204303","post","type-post","status-publish","format-standard","has-post-thumbnail","hentry","category-quintana-roo","entry","has-media"],"jetpack_featured_media_url":"http:\/\/vertienteglobal.com\/wp-content\/uploads\/2022\/08\/IMG-20220826-WA0178.jpg","_links":{"self":[{"href":"http:\/\/vertienteglobal.com\/index.php?rest_route=\/wp\/v2\/posts\/204303","targetHints":{"allow":["GET"]}}],"collection":[{"href":"http:\/\/vertienteglobal.com\/index.php?rest_route=\/wp\/v2\/posts"}],"about":[{"href":"http:\/\/vertienteglobal.com\/index.php?rest_route=\/wp\/v2\/types\/post"}],"author":[{"embeddable":true,"href":"http:\/\/vertienteglobal.com\/index.php?rest_route=\/wp\/v2\/users\/1"}],"replies":[{"embeddable":true,"href":"http:\/\/vertienteglobal.com\/index.php?rest_route=%2Fwp%2Fv2%2Fcomments&post=204303"}],"version-history":[{"count":0,"href":"http:\/\/vertienteglobal.com\/index.php?rest_route=\/wp\/v2\/posts\/204303\/revisions"}],"wp:featuredmedia":[{"embeddable":true,"href":"http:\/\/vertienteglobal.com\/index.php?rest_route=\/wp\/v2\/media\/204304"}],"wp:attachment":[{"href":"http:\/\/vertienteglobal.com\/index.php?rest_route=%2Fwp%2Fv2%2Fmedia&parent=204303"}],"wp:term":[{"taxonomy":"category","embeddable":true,"href":"http:\/\/vertienteglobal.com\/index.php?rest_route=%2Fwp%2Fv2%2Fcategories&post=204303"},{"taxonomy":"post_tag","embeddable":true,"href":"http:\/\/vertienteglobal.com\/index.php?rest_route=%2Fwp%2Fv2%2Ftags&post=204303"}],"curies":[{"name":"wp","href":"https:\/\/api.w.org\/{rel}","templated":true}]}}