{"id":204298,"date":"2022-08-25T20:24:00","date_gmt":"2022-08-26T01:24:00","guid":{"rendered":"http:\/\/vertienteglobal.com\/?p=204298"},"modified":"2022-08-25T21:09:56","modified_gmt":"2022-08-26T02:09:56","slug":"jovenes-fundamentales-en-la-transformacion-de-quintana-roo-mara-lezama","status":"publish","type":"post","link":"http:\/\/vertienteglobal.com\/?p=204298","title":{"rendered":"J\u00f3venes, fundamentales en la transformaci\u00f3n de Quintana Roo: Mara Lezama"},"content":{"rendered":"\n<div class=\"twitterbutton\" style=\"float: right; padding-left: 5px;\"><a href=\"http:\/\/twitter.com\/share\" class=\"twitter-share-button\" data-count=\"horizontal\" data-text=\"J\u00f3venes, fundamentales en la transformaci\u00f3n de Quintana Roo: Mara Lezama\" data-via=\"https:\/\/twitter.com\/VertienteGloba1\" data-url=\"http:\/\/vertienteglobal.com\/?p=204298\" data-lang=\"es\" data-related=\"Informaci\u00f3n general:S\u00edguenos para que est\u00e9ss informado\"><\/a><\/div>\n<figure class=\"wp-block-image size-large\"><img loading=\"lazy\" decoding=\"async\" width=\"1024\" height=\"683\" src=\"http:\/\/vertienteglobal.com\/wp-content\/uploads\/2022\/08\/IMG-20220825-WA0289-1024x683.jpg\" alt=\"\" class=\"wp-image-204299\" srcset=\"http:\/\/vertienteglobal.com\/wp-content\/uploads\/2022\/08\/IMG-20220825-WA0289-1024x683.jpg 1024w, http:\/\/vertienteglobal.com\/wp-content\/uploads\/2022\/08\/IMG-20220825-WA0289-300x200.jpg 300w, http:\/\/vertienteglobal.com\/wp-content\/uploads\/2022\/08\/IMG-20220825-WA0289-150x100.jpg 150w, http:\/\/vertienteglobal.com\/wp-content\/uploads\/2022\/08\/IMG-20220825-WA0289-768x512.jpg 768w, http:\/\/vertienteglobal.com\/wp-content\/uploads\/2022\/08\/IMG-20220825-WA0289-1536x1024.jpg 1536w, http:\/\/vertienteglobal.com\/wp-content\/uploads\/2022\/08\/IMG-20220825-WA0289.jpg 1600w\" sizes=\"auto, (max-width: 1024px) 100vw, 1024px\" \/><\/figure>\n\n\n\n<p>(Antonio Rivera)<\/p>\n\n\n\n<p>Con la puesta en marcha del Centro de Emprendimiento para J\u00f3venes se ayuda a reconstruir la paz y el tejido social en Benito Ju\u00e1rez, afirma la gobernadora electa<\/p>\n\n\n\n<p>Canc\u00fan, Quintana Roo a 25 de agosto del 2022.-La gobernadora electa, Mara Lezama, particip\u00f3 en la inauguraci\u00f3n del \u201cCentro de Emprendimiento y Desarrollo Humano para las Juventudes\u201d que ser\u00e1 un semillero de talentos con oportunidades para las y los j\u00f3venes, con lo que se busca dar certidumbre a su futuro y bienestar.<\/p>\n\n\n\n<p>Durante el evento, que se realiz\u00f3 en la Supermanzana 227, la Gobernadora electa consider\u00f3 que es una idea acertada transformar el Centro Comunitario en este Centro de Emprendimiento y Desarrollo Humano dirigido a j\u00f3venes, para arrancarlos de las garras de las adicciones y la delincuencia.<\/p>\n\n\n\n<p>Este proyecto se cre\u00f3 a partir del Plan de Prevenci\u00f3n del Delito y Adicciones en el municipio de Benito Ju\u00e1rez, con el fin de contar con un espacio para que los j\u00f3venes definan en plena libertad su propio proyecto de vida.<\/p>\n\n\n\n<p>Con la puesta en marcha del Centro se busca que mujeres y hombres j\u00f3venes cuenten con protecci\u00f3n social integral y la garant\u00eda de sus derechos, para elegir en qu\u00e9 actividad se van a capacitar para la vida laboral.<\/p>\n\n\n\n<p>\u201cCuantas veces hemos escuchado historias de j\u00f3venes que no han podido concluir sus estudios por falta de recursos econ\u00f3micos, hoy con este lugar vamos a transformar vidas\u201d dijo.<\/p>\n\n\n\n<p>Adem\u00e1s, explic\u00f3 que las juventudes que requieran un espacio para capacitarse, recrearse y para culminar sus estudios a trav\u00e9s del IEEJA (Instituto Estatal para la Educaci\u00f3n de J\u00f3venes y Adultos) tendr\u00e1n opciones en este edificio.<\/p>\n\n\n\n<p>Para lograr el objetivo trabajar\u00e1n de manera coordinada el Instituto Municipal de la Juventud, el Instituto Municipal contra las adiciones; la direcci\u00f3n de Asuntos Religiosos y el Centro de Capacitaci\u00f3n para el trabajo Industrial 149.<\/p>\n\n\n\n<p>La remodelaci\u00f3n del inmueble del Centro de Desarrollo Comunitario para adaptar el Centro de emprendimiento y Desarrollo humano para las juventudes estuvo a cargo de la coordinaci\u00f3n de servicios generales del Sistema DIF Benito Ju\u00e1rez y se invirtieron m\u00e1s de 116 mil pesos.<\/p>\n\n\n\n<p>Este espacio cuenta con 8 salones en donde se impartir\u00e1n talleres y actividades como masaje, usos m\u00faltiples, cross fit, danza, c\u00f3mputo, ingl\u00e9s y clases de IEEJA, cursos de belleza, ludoteca, serigraf\u00eda, corte y confecci\u00f3n, as\u00ed como biblioteca.<\/p>\n\n\n\n<p>Por su parte la presidenta honoraria del DIF en Benito Ju\u00e1rez, Ver\u00f3nica Lezama, agradeci\u00f3 el impulso de este proyecto que forma parte de los compromisos de la hoy gobernadora electa Mara Lezama.<\/p>\n\n\n\n<p>Al evento tambi\u00e9n asistieron Silvia Ester Rodr\u00edguez, directora del Cecati 149; Lourdes Cardona, encargada de despacho en Benito Ju\u00e1rez; Ana Paty Peralta de la Pe\u00f1a, Nitzia Rivera encargada del IEEJA, as\u00ed como diversos regidores.<\/p>\n\n\n\n<figure class=\"wp-block-image size-large\"><img loading=\"lazy\" decoding=\"async\" width=\"1024\" height=\"683\" src=\"http:\/\/vertienteglobal.com\/wp-content\/uploads\/2022\/08\/IMG-20220825-WA0291-1024x683.jpg\" alt=\"\" class=\"wp-image-204300\" srcset=\"http:\/\/vertienteglobal.com\/wp-content\/uploads\/2022\/08\/IMG-20220825-WA0291-1024x683.jpg 1024w, http:\/\/vertienteglobal.com\/wp-content\/uploads\/2022\/08\/IMG-20220825-WA0291-300x200.jpg 300w, http:\/\/vertienteglobal.com\/wp-content\/uploads\/2022\/08\/IMG-20220825-WA0291-150x100.jpg 150w, http:\/\/vertienteglobal.com\/wp-content\/uploads\/2022\/08\/IMG-20220825-WA0291-768x512.jpg 768w, http:\/\/vertienteglobal.com\/wp-content\/uploads\/2022\/08\/IMG-20220825-WA0291-1536x1024.jpg 1536w, http:\/\/vertienteglobal.com\/wp-content\/uploads\/2022\/08\/IMG-20220825-WA0291.jpg 1600w\" sizes=\"auto, (max-width: 1024px) 100vw, 1024px\" \/><\/figure>\n\n\n\n<figure class=\"wp-block-image size-large\"><img loading=\"lazy\" decoding=\"async\" width=\"1024\" height=\"683\" src=\"http:\/\/vertienteglobal.com\/wp-content\/uploads\/2022\/08\/IMG-20220825-WA0290-1024x683.jpg\" alt=\"\" class=\"wp-image-204301\" srcset=\"http:\/\/vertienteglobal.com\/wp-content\/uploads\/2022\/08\/IMG-20220825-WA0290-1024x683.jpg 1024w, http:\/\/vertienteglobal.com\/wp-content\/uploads\/2022\/08\/IMG-20220825-WA0290-300x200.jpg 300w, http:\/\/vertienteglobal.com\/wp-content\/uploads\/2022\/08\/IMG-20220825-WA0290-150x100.jpg 150w, http:\/\/vertienteglobal.com\/wp-content\/uploads\/2022\/08\/IMG-20220825-WA0290-768x512.jpg 768w, http:\/\/vertienteglobal.com\/wp-content\/uploads\/2022\/08\/IMG-20220825-WA0290-1536x1024.jpg 1536w, http:\/\/vertienteglobal.com\/wp-content\/uploads\/2022\/08\/IMG-20220825-WA0290.jpg 1600w\" sizes=\"auto, (max-width: 1024px) 100vw, 1024px\" \/><\/figure>\n","protected":false},"excerpt":{"rendered":"<p>(Antonio Rivera) Con la puesta en marcha del Centro de Emprendimiento para J\u00f3venes se ayuda a reconstruir la paz y el tejido social en Benito Ju\u00e1rez, afirma la gobernadora electa Canc\u00fan, Quintana Roo a 25 de agosto del 2022.-La gobernadora electa, Mara Lezama, particip\u00f3 en la inauguraci\u00f3n del \u201cCentro de Emprendimiento y Desarrollo Humano para [&hellip;]<\/p>\n","protected":false},"author":1,"featured_media":204299,"comment_status":"open","ping_status":"open","sticky":false,"template":"","format":"standard","meta":{"footnotes":""},"categories":[3],"tags":[],"class_list":["post-204298","post","type-post","status-publish","format-standard","has-post-thumbnail","hentry","category-quintana-roo","entry","has-media"],"jetpack_featured_media_url":"http:\/\/vertienteglobal.com\/wp-content\/uploads\/2022\/08\/IMG-20220825-WA0289.jpg","_links":{"self":[{"href":"http:\/\/vertienteglobal.com\/index.php?rest_route=\/wp\/v2\/posts\/204298","targetHints":{"allow":["GET"]}}],"collection":[{"href":"http:\/\/vertienteglobal.com\/index.php?rest_route=\/wp\/v2\/posts"}],"about":[{"href":"http:\/\/vertienteglobal.com\/index.php?rest_route=\/wp\/v2\/types\/post"}],"author":[{"embeddable":true,"href":"http:\/\/vertienteglobal.com\/index.php?rest_route=\/wp\/v2\/users\/1"}],"replies":[{"embeddable":true,"href":"http:\/\/vertienteglobal.com\/index.php?rest_route=%2Fwp%2Fv2%2Fcomments&post=204298"}],"version-history":[{"count":0,"href":"http:\/\/vertienteglobal.com\/index.php?rest_route=\/wp\/v2\/posts\/204298\/revisions"}],"wp:featuredmedia":[{"embeddable":true,"href":"http:\/\/vertienteglobal.com\/index.php?rest_route=\/wp\/v2\/media\/204299"}],"wp:attachment":[{"href":"http:\/\/vertienteglobal.com\/index.php?rest_route=%2Fwp%2Fv2%2Fmedia&parent=204298"}],"wp:term":[{"taxonomy":"category","embeddable":true,"href":"http:\/\/vertienteglobal.com\/index.php?rest_route=%2Fwp%2Fv2%2Fcategories&post=204298"},{"taxonomy":"post_tag","embeddable":true,"href":"http:\/\/vertienteglobal.com\/index.php?rest_route=%2Fwp%2Fv2%2Ftags&post=204298"}],"curies":[{"name":"wp","href":"https:\/\/api.w.org\/{rel}","templated":true}]}}