{"id":204187,"date":"2022-08-21T16:51:54","date_gmt":"2022-08-21T21:51:54","guid":{"rendered":"http:\/\/vertienteglobal.com\/?p=204187"},"modified":"2022-08-22T10:30:56","modified_gmt":"2022-08-22T15:30:56","slug":"quien-tiene-derecho-a-recibir-y-dar-pension-alimenticia","status":"publish","type":"post","link":"http:\/\/vertienteglobal.com\/?p=204187","title":{"rendered":"\u00bfQui\u00e9n tiene derecho a recibir y dar pensi\u00f3n alimenticia?"},"content":{"rendered":"\n<div class=\"twitterbutton\" style=\"float: right; padding-left: 5px;\"><a href=\"http:\/\/twitter.com\/share\" class=\"twitter-share-button\" data-count=\"horizontal\" data-text=\"\u00bfQui\u00e9n tiene derecho a recibir y dar pensi\u00f3n alimenticia?\" data-via=\"https:\/\/twitter.com\/VertienteGloba1\" data-url=\"http:\/\/vertienteglobal.com\/?p=204187\" data-lang=\"es\" data-related=\"Informaci\u00f3n general:S\u00edguenos para que est\u00e9ss informado\"><\/a><\/div>\n<figure class=\"wp-block-image size-large\"><img loading=\"lazy\" decoding=\"async\" width=\"1024\" height=\"682\" src=\"http:\/\/vertienteglobal.com\/wp-content\/uploads\/2022\/08\/185368.jpg\" alt=\"\" class=\"wp-image-204188\" srcset=\"http:\/\/vertienteglobal.com\/wp-content\/uploads\/2022\/08\/185368.jpg 1024w, http:\/\/vertienteglobal.com\/wp-content\/uploads\/2022\/08\/185368-300x200.jpg 300w, http:\/\/vertienteglobal.com\/wp-content\/uploads\/2022\/08\/185368-150x100.jpg 150w, http:\/\/vertienteglobal.com\/wp-content\/uploads\/2022\/08\/185368-768x512.jpg 768w\" sizes=\"auto, (max-width: 1024px) 100vw, 1024px\" \/><\/figure>\n\n\n\n<p>(Redacci\u00f3n)<\/p>\n\n\n\n<p>Seg\u00fan el art\u00edculo 301 del C\u00f3digo Civil Federal, \u2018la obligaci\u00f3n de dar alimentos es rec\u00edproca. El que los da tiene a su vez derecho de pedirlos\u2019<\/p>\n\n\n\n<p>Ciudad de M\u00e9xico 21 de agosto 2022.-Al escuchar pensi\u00f3n alimenticia, r\u00e1pidamente pensamos en el padre de familia, sin mebargo, la ley marca que tanto la madre e hijos, tambi\u00e9n est\u00e1n obligados a proveer el dinero para las necesidades b\u00e1sicas. Pues adem\u00e1s del pap\u00e1, m\u00e1s miembros de la familia, hasta en cuarto grado, tienen derecho a pagarla o pedirla.<\/p>\n\n\n\n<p>De acuerdo al C\u00f3digo Civil Federal, en el apartado &#8216;de los alimentos&#8217;, estos son los lineamientos al momento de recibir y dar pensi\u00f3n alimenticia en M\u00e9xico.<\/p>\n\n\n\n<p>\u00bfQui\u00e9n tiene la obligaci\u00f3n de dar pensi\u00f3n alimenticia?<\/p>\n\n\n\n<p>Seg\u00fan el art\u00edculo 301 del C\u00f3digo Civil Federal, \u2018la obligaci\u00f3n de dar alimentos es rec\u00edproca. El que los da tiene a su vez derecho de pedirlos\u2019.<\/p>\n\n\n\n<p>Padre y madre tienen la obligaci\u00f3n de otorgar alimentos a sus hijos, hasta los 18 a\u00f1os, si por alguna raz\u00f3n estos no pudieran, la \u2018obligaci\u00f3n recae en los dem\u00e1s ascendientes por ambas l\u00edneas que estuvieren m\u00e1s pr\u00f3ximos en grado\u2019.<\/p>\n\n\n\n<p>Mientras que el art\u00edculo 303 se\u00f1ala que \u2018los hijos est\u00e1n obligados a dar alimentos a los padres. A falta o por imposibilidad de los hijos, lo est\u00e1n los descendientes m\u00e1s pr\u00f3ximos en grado\u2019.<\/p>\n\n\n\n<p>Cuando se habla de los ascendientes o descendientes, \u2018la obligaci\u00f3n recae en los hermanos de padre y madre\u2019. En caso de que estos no puedan, deber\u00e1n suministrar alimentos \u2018los parientes colaterales dentro del cuarto grado\u2019 de consanguinidad, que corresponde a los padres, hijos, abuelos, nietos, hermanos, t\u00edos, sobrinos y primos.<\/p>\n\n\n\n<p>El art\u00edculo 302 tambi\u00e9n determina que entre c\u00f3nyuges o concubinos deben darse alimentos.<\/p>\n\n\n\n<p>\u00bfQui\u00e9n tiene derecho a pedir pensi\u00f3n alimenticia?<\/p>\n\n\n\n<p>Padres, hijos, nietos, hermanos y conyugues. Asimismo, Aquella madre o padre que brind\u00f3 el sustento en la ni\u00f1ez y adolescencia hasta los 18 a\u00f1os, con el tiempo deber\u00e1 recibir pensi\u00f3n de los hijos.<\/p>\n\n\n\n<p>Cuando la parte obligada se niegue a dar pensi\u00f3n alimenticia, se deber\u00e1 presentar la denuncia correspondiente ante un juez de lo familiar.(Fuente: De10mx)<\/p>\n","protected":false},"excerpt":{"rendered":"<p>(Redacci\u00f3n) Seg\u00fan el art\u00edculo 301 del C\u00f3digo Civil Federal, \u2018la obligaci\u00f3n de dar alimentos es rec\u00edproca. El que los da tiene a su vez derecho de pedirlos\u2019 Ciudad de M\u00e9xico 21 de agosto 2022.-Al escuchar pensi\u00f3n alimenticia, r\u00e1pidamente pensamos en el padre de familia, sin mebargo, la ley marca que tanto la madre e hijos, [&hellip;]<\/p>\n","protected":false},"author":1,"featured_media":204188,"comment_status":"open","ping_status":"open","sticky":false,"template":"","format":"standard","meta":{"footnotes":""},"categories":[8],"tags":[],"class_list":["post-204187","post","type-post","status-publish","format-standard","has-post-thumbnail","hentry","category-pais","entry","has-media"],"jetpack_featured_media_url":"http:\/\/vertienteglobal.com\/wp-content\/uploads\/2022\/08\/185368.jpg","_links":{"self":[{"href":"http:\/\/vertienteglobal.com\/index.php?rest_route=\/wp\/v2\/posts\/204187","targetHints":{"allow":["GET"]}}],"collection":[{"href":"http:\/\/vertienteglobal.com\/index.php?rest_route=\/wp\/v2\/posts"}],"about":[{"href":"http:\/\/vertienteglobal.com\/index.php?rest_route=\/wp\/v2\/types\/post"}],"author":[{"embeddable":true,"href":"http:\/\/vertienteglobal.com\/index.php?rest_route=\/wp\/v2\/users\/1"}],"replies":[{"embeddable":true,"href":"http:\/\/vertienteglobal.com\/index.php?rest_route=%2Fwp%2Fv2%2Fcomments&post=204187"}],"version-history":[{"count":0,"href":"http:\/\/vertienteglobal.com\/index.php?rest_route=\/wp\/v2\/posts\/204187\/revisions"}],"wp:featuredmedia":[{"embeddable":true,"href":"http:\/\/vertienteglobal.com\/index.php?rest_route=\/wp\/v2\/media\/204188"}],"wp:attachment":[{"href":"http:\/\/vertienteglobal.com\/index.php?rest_route=%2Fwp%2Fv2%2Fmedia&parent=204187"}],"wp:term":[{"taxonomy":"category","embeddable":true,"href":"http:\/\/vertienteglobal.com\/index.php?rest_route=%2Fwp%2Fv2%2Fcategories&post=204187"},{"taxonomy":"post_tag","embeddable":true,"href":"http:\/\/vertienteglobal.com\/index.php?rest_route=%2Fwp%2Fv2%2Ftags&post=204187"}],"curies":[{"name":"wp","href":"https:\/\/api.w.org\/{rel}","templated":true}]}}