{"id":204144,"date":"2022-08-19T18:51:00","date_gmt":"2022-08-19T23:51:00","guid":{"rendered":"http:\/\/vertienteglobal.com\/?p=204144"},"modified":"2022-08-19T19:05:26","modified_gmt":"2022-08-20T00:05:26","slug":"que-es-la-dismorfia-del-selfi-un-trastorno-que-aumenta-entre-los-adolescentes","status":"publish","type":"post","link":"http:\/\/vertienteglobal.com\/?p=204144","title":{"rendered":"Qu\u00e9 es la dismorfia del selfi, un trastorno que aumenta entre los adolescentes"},"content":{"rendered":"\n<div class=\"twitterbutton\" style=\"float: right; padding-left: 5px;\"><a href=\"http:\/\/twitter.com\/share\" class=\"twitter-share-button\" data-count=\"horizontal\" data-text=\"Qu\u00e9 es la dismorfia del selfi, un trastorno que aumenta entre los adolescentes\" data-via=\"https:\/\/twitter.com\/VertienteGloba1\" data-url=\"http:\/\/vertienteglobal.com\/?p=204144\" data-lang=\"es\" data-related=\"Informaci\u00f3n general:S\u00edguenos para que est\u00e9ss informado\"><\/a><\/div>\n<figure class=\"wp-block-image size-large\"><img loading=\"lazy\" decoding=\"async\" width=\"1024\" height=\"575\" src=\"http:\/\/vertienteglobal.com\/wp-content\/uploads\/2022\/08\/185238.jpg\" alt=\"\" class=\"wp-image-204145\" srcset=\"http:\/\/vertienteglobal.com\/wp-content\/uploads\/2022\/08\/185238.jpg 1024w, http:\/\/vertienteglobal.com\/wp-content\/uploads\/2022\/08\/185238-300x168.jpg 300w, http:\/\/vertienteglobal.com\/wp-content\/uploads\/2022\/08\/185238-150x84.jpg 150w, http:\/\/vertienteglobal.com\/wp-content\/uploads\/2022\/08\/185238-768x431.jpg 768w\" sizes=\"auto, (max-width: 1024px) 100vw, 1024px\" \/><\/figure>\n\n\n\n<p>(Redacci\u00f3n)<\/p>\n\n\n\n<p>Seg\u00fan los expertos, el TDC puede agravarse entre quienes lo padecen o puede afectar de manera especial a los adolescentes debido a esa exposici\u00f3n continua en las redes sociales, lo que entrar\u00eda en el concepto de esta dismorfia del selfi<\/p>\n\n\n\n<p>Ciudad de M\u00e9xico 19 de agosto 2022.-El trastorno dism\u00f3rfico corporal (o TDC) se ha agudizado en los \u00faltimos a\u00f1os con lo que se ha denominado la dismorfia del selfi, un fen\u00f3meno que lleva a quienes lo padecen a compararse con sus propias autofotos retocadas y modificadas con filtros, generalmente compartidas en redes sociales como Instagram o TikTok.<\/p>\n\n\n\n<p>Descrito por primera vez a finales del siglo XIX, el TDC es una percepci\u00f3n distorsionada de la imagen que se tiene de uno mismo, y quienes lo padecen ven o creen ver defectos en su f\u00edsico que les hace desarrollar comportamientos obsesivo-compulsivos.<\/p>\n\n\n\n<p>Seg\u00fan explica un estudio de la Universidad Cat\u00f3lica de Chile, \u2018estos pacientes frecuentemente consultan a dermat\u00f3logos y cirujanos pl\u00e1sticos, con la idea de mejorar sus defectos f\u00edsicos\u2019.<\/p>\n\n\n\n<p>Dismorfia del selfi: s\u00edntomas<\/p>\n\n\n\n<p>Inseguridad.<br>Baja autoestima.<br>Comparaci\u00f3n con los dem\u00e1s.<br>Mirarse compulsivamente en el espejo.<br>Uso excesivo de maquillaje.<br>Aseo desmedido.<\/p>\n\n\n\n<p>Seg\u00fan los expertos, el TDC puede agravarse entre quienes lo padecen o puede afectar de manera especial a los adolescentes debido a esa exposici\u00f3n continua en las redes sociales, lo que entrar\u00eda en el concepto de esta dismorfia del selfi.<\/p>\n\n\n\n<p>Y es que, de acuerdo con los expertos, en la etapa de la adolescencia es muy com\u00fan la comparaci\u00f3n con otros. Por lo que, los referentes externos son muy importantes. Si en esa b\u00fasqueda tienes referentes que no son reales, estamos perdidos: te comparas con algo que no existe y tu nivel de exigencia es tremendo\u00bb, se\u00f1al\u00f3 Montserrat Lacalle Sister\u00e9, profesora colaboradora de los Estudios de Psicolog\u00eda y Ciencias de la Educaci\u00f3n de la Universitat Oberta de Catalunya (UOC).<\/p>\n\n\n\n<p>Lacalle considera que el TDC puede afectar a m\u00e1s gente o agravar los casos ya existentes: \u00abNos muestran como un ideal algo que no es perfecto y que no es la realidad. No me estoy comparando con la modelo de cuerpo perfecto, sino con un montaje de Photoshop\u00bb.<\/p>\n\n\n\n<p>\u2018Tenemos la responsabilidad social de proteger a los adolescentes. Aprender a aceptarse es vital, y las redes sociales en este sentido solo traen insatisfacci\u00f3n. Hay que cuidar la salud mental y aprender a gestionar los conflictos viendo las redes sociales como lo que son, un mundo de apariencias\u2019, concluy\u00f3 Lacalle.(Fuente: EuropaPress)<\/p>\n","protected":false},"excerpt":{"rendered":"<p>(Redacci\u00f3n) Seg\u00fan los expertos, el TDC puede agravarse entre quienes lo padecen o puede afectar de manera especial a los adolescentes debido a esa exposici\u00f3n continua en las redes sociales, lo que entrar\u00eda en el concepto de esta dismorfia del selfi Ciudad de M\u00e9xico 19 de agosto 2022.-El trastorno dism\u00f3rfico corporal (o TDC) se ha [&hellip;]<\/p>\n","protected":false},"author":1,"featured_media":204145,"comment_status":"open","ping_status":"open","sticky":false,"template":"","format":"standard","meta":{"footnotes":""},"categories":[8],"tags":[],"class_list":["post-204144","post","type-post","status-publish","format-standard","has-post-thumbnail","hentry","category-pais","entry","has-media"],"jetpack_featured_media_url":"http:\/\/vertienteglobal.com\/wp-content\/uploads\/2022\/08\/185238.jpg","_links":{"self":[{"href":"http:\/\/vertienteglobal.com\/index.php?rest_route=\/wp\/v2\/posts\/204144","targetHints":{"allow":["GET"]}}],"collection":[{"href":"http:\/\/vertienteglobal.com\/index.php?rest_route=\/wp\/v2\/posts"}],"about":[{"href":"http:\/\/vertienteglobal.com\/index.php?rest_route=\/wp\/v2\/types\/post"}],"author":[{"embeddable":true,"href":"http:\/\/vertienteglobal.com\/index.php?rest_route=\/wp\/v2\/users\/1"}],"replies":[{"embeddable":true,"href":"http:\/\/vertienteglobal.com\/index.php?rest_route=%2Fwp%2Fv2%2Fcomments&post=204144"}],"version-history":[{"count":0,"href":"http:\/\/vertienteglobal.com\/index.php?rest_route=\/wp\/v2\/posts\/204144\/revisions"}],"wp:featuredmedia":[{"embeddable":true,"href":"http:\/\/vertienteglobal.com\/index.php?rest_route=\/wp\/v2\/media\/204145"}],"wp:attachment":[{"href":"http:\/\/vertienteglobal.com\/index.php?rest_route=%2Fwp%2Fv2%2Fmedia&parent=204144"}],"wp:term":[{"taxonomy":"category","embeddable":true,"href":"http:\/\/vertienteglobal.com\/index.php?rest_route=%2Fwp%2Fv2%2Fcategories&post=204144"},{"taxonomy":"post_tag","embeddable":true,"href":"http:\/\/vertienteglobal.com\/index.php?rest_route=%2Fwp%2Fv2%2Ftags&post=204144"}],"curies":[{"name":"wp","href":"https:\/\/api.w.org\/{rel}","templated":true}]}}