{"id":204135,"date":"2022-08-18T18:51:00","date_gmt":"2022-08-18T23:51:00","guid":{"rendered":"http:\/\/vertienteglobal.com\/?p=204135"},"modified":"2022-08-18T22:36:52","modified_gmt":"2022-08-19T03:36:52","slug":"juez-freno-la-eliminacion-de-grados-escolares-en-la-sep","status":"publish","type":"post","link":"http:\/\/vertienteglobal.com\/?p=204135","title":{"rendered":"Juez fren\u00f3 la eliminaci\u00f3n de grados escolares en la SEP"},"content":{"rendered":"\n<div class=\"twitterbutton\" style=\"float: right; padding-left: 5px;\"><a href=\"http:\/\/twitter.com\/share\" class=\"twitter-share-button\" data-count=\"horizontal\" data-text=\"Juez fren\u00f3 la eliminaci\u00f3n de grados escolares en la SEP\" data-via=\"https:\/\/twitter.com\/VertienteGloba1\" data-url=\"http:\/\/vertienteglobal.com\/?p=204135\" data-lang=\"es\" data-related=\"Informaci\u00f3n general:S\u00edguenos para que est\u00e9ss informado\"><\/a><\/div>\n<figure class=\"wp-block-image size-large\"><img loading=\"lazy\" decoding=\"async\" width=\"1024\" height=\"683\" src=\"http:\/\/vertienteglobal.com\/wp-content\/uploads\/2022\/08\/185163.jpg\" alt=\"\" class=\"wp-image-204136\" srcset=\"http:\/\/vertienteglobal.com\/wp-content\/uploads\/2022\/08\/185163.jpg 1024w, http:\/\/vertienteglobal.com\/wp-content\/uploads\/2022\/08\/185163-300x200.jpg 300w, http:\/\/vertienteglobal.com\/wp-content\/uploads\/2022\/08\/185163-150x100.jpg 150w, http:\/\/vertienteglobal.com\/wp-content\/uploads\/2022\/08\/185163-768x512.jpg 768w\" sizes=\"auto, (max-width: 1024px) 100vw, 1024px\" \/><\/figure>\n\n\n\n<p>(Redacci\u00f3n)<\/p>\n\n\n\n<p>La SEP promovi\u00f3 un recurso de queja en contra de la suspensi\u00f3n provisional y se estableci\u00f3 una audiencia para el pr\u00f3ximo 25 de agosto a las 09:00 horas<\/p>\n\n\n\n<p>Ciudad de M\u00e9xico 18 de agosto 2022.-La Secretar\u00eda de Educaci\u00f3n P\u00fablica (SEP) debe suspender la eliminaci\u00f3n de los grados escolares de preescolar, primaria y secundaria, orden\u00f3 el juez Octavo de Distrito en materia administrativa de la Ciudad de M\u00e9xico.<\/p>\n\n\n\n<p>De acuerdo a Latinus, la resoluci\u00f3n se emiti\u00f3 un mes despu\u00e9s de la admisi\u00f3n a tr\u00e1mite de este amparo presentado en contra de las decisiones de la SEP por considerar que violan los art\u00edculos 1, 3, 4 y 6 de la Constituci\u00f3n y se contiene en el expediente 1220\/2022.<\/p>\n\n\n\n<p>Se detall\u00f3 que tras esta suspensi\u00f3n, la SEP promovi\u00f3 un recurso de queja en contra de la suspensi\u00f3n provisional y se estableci\u00f3 una audiencia para el pr\u00f3ximo 25 de agosto a las 09:00 horas.<\/p>\n\n\n\n<p>Desde abril pasado, la SEP confirm\u00f3 sus planes de desaparecer los grados escolares en la educaci\u00f3n preescolar, primaria y secundaria, y reemplazarlos por &#8216;fases de aprendizaje &#8216;, de acuerdo con el Marco Curricular y Plan de Estudios 2022 de la Educaci\u00f3n B\u00e1sica Mexicana.<\/p>\n\n\n\n<p>Cabe recordar que en el documento presentado por las autoridades educativas se lee que para &#8216;dedicar mayor tiempo a los procesos cognitivos y emocionales&#8217; es que se transitar\u00e1 a este m\u00e9todo de aprendizaje en los niveles de la educaci\u00f3n b\u00e1sica.<\/p>\n\n\n\n<p>Seg\u00fan la dependencia, las fases ser\u00e1n las siguientes:<\/p>\n\n\n\n<p>Fase 1: educaci\u00f3n inicial.<br>Fase 2: educaci\u00f3n preescolar.<br>Fase 3: primero y segundo grados de educaci\u00f3n primaria.<br>Fase 4: tercer y cuarto grados de educaci\u00f3n primaria.<br>Fase 5 quinto y sextos grados de educaci\u00f3n primaria.<br>Fase 6: primero, segundo y tercer grado de educaci\u00f3n secundaria.(Fuente:Latinus)<\/p>\n","protected":false},"excerpt":{"rendered":"<p>(Redacci\u00f3n) La SEP promovi\u00f3 un recurso de queja en contra de la suspensi\u00f3n provisional y se estableci\u00f3 una audiencia para el pr\u00f3ximo 25 de agosto a las 09:00 horas Ciudad de M\u00e9xico 18 de agosto 2022.-La Secretar\u00eda de Educaci\u00f3n P\u00fablica (SEP) debe suspender la eliminaci\u00f3n de los grados escolares de preescolar, primaria y secundaria, orden\u00f3 [&hellip;]<\/p>\n","protected":false},"author":1,"featured_media":204136,"comment_status":"open","ping_status":"open","sticky":false,"template":"","format":"standard","meta":{"footnotes":""},"categories":[9,8],"tags":[],"class_list":["post-204135","post","type-post","status-publish","format-standard","has-post-thumbnail","hentry","category-educacion","category-pais","entry","has-media"],"jetpack_featured_media_url":"http:\/\/vertienteglobal.com\/wp-content\/uploads\/2022\/08\/185163.jpg","_links":{"self":[{"href":"http:\/\/vertienteglobal.com\/index.php?rest_route=\/wp\/v2\/posts\/204135","targetHints":{"allow":["GET"]}}],"collection":[{"href":"http:\/\/vertienteglobal.com\/index.php?rest_route=\/wp\/v2\/posts"}],"about":[{"href":"http:\/\/vertienteglobal.com\/index.php?rest_route=\/wp\/v2\/types\/post"}],"author":[{"embeddable":true,"href":"http:\/\/vertienteglobal.com\/index.php?rest_route=\/wp\/v2\/users\/1"}],"replies":[{"embeddable":true,"href":"http:\/\/vertienteglobal.com\/index.php?rest_route=%2Fwp%2Fv2%2Fcomments&post=204135"}],"version-history":[{"count":0,"href":"http:\/\/vertienteglobal.com\/index.php?rest_route=\/wp\/v2\/posts\/204135\/revisions"}],"wp:featuredmedia":[{"embeddable":true,"href":"http:\/\/vertienteglobal.com\/index.php?rest_route=\/wp\/v2\/media\/204136"}],"wp:attachment":[{"href":"http:\/\/vertienteglobal.com\/index.php?rest_route=%2Fwp%2Fv2%2Fmedia&parent=204135"}],"wp:term":[{"taxonomy":"category","embeddable":true,"href":"http:\/\/vertienteglobal.com\/index.php?rest_route=%2Fwp%2Fv2%2Fcategories&post=204135"},{"taxonomy":"post_tag","embeddable":true,"href":"http:\/\/vertienteglobal.com\/index.php?rest_route=%2Fwp%2Fv2%2Ftags&post=204135"}],"curies":[{"name":"wp","href":"https:\/\/api.w.org\/{rel}","templated":true}]}}