{"id":204054,"date":"2022-08-16T08:02:00","date_gmt":"2022-08-16T13:02:00","guid":{"rendered":"http:\/\/vertienteglobal.com\/?p=204054"},"modified":"2022-08-16T08:20:52","modified_gmt":"2022-08-16T13:20:52","slug":"en-apoyo-a-las-familias-entrega-ileana-canul-triciclos-para-traslado-de-productos-agricolas","status":"publish","type":"post","link":"http:\/\/vertienteglobal.com\/?p=204054","title":{"rendered":"EN APOYO A LAS FAMILIAS: Entrega Ileana Canul triciclos para traslado de productos agr\u00edcolas"},"content":{"rendered":"\n<div class=\"twitterbutton\" style=\"float: right; padding-left: 5px;\"><a href=\"http:\/\/twitter.com\/share\" class=\"twitter-share-button\" data-count=\"horizontal\" data-text=\"EN APOYO A LAS FAMILIAS: Entrega Ileana Canul triciclos para traslado de product...\" data-via=\"https:\/\/twitter.com\/VertienteGloba1\" data-url=\"http:\/\/vertienteglobal.com\/?p=204054\" data-lang=\"es\" data-related=\"Informaci\u00f3n general:S\u00edguenos para que est\u00e9ss informado\"><\/a><\/div>\n<figure class=\"wp-block-image size-large\"><img loading=\"lazy\" decoding=\"async\" width=\"1024\" height=\"628\" src=\"http:\/\/vertienteglobal.com\/wp-content\/uploads\/2022\/08\/IMG-20220816-WA0037-1024x628.jpg\" alt=\"\" class=\"wp-image-204055\" srcset=\"http:\/\/vertienteglobal.com\/wp-content\/uploads\/2022\/08\/IMG-20220816-WA0037-1024x628.jpg 1024w, http:\/\/vertienteglobal.com\/wp-content\/uploads\/2022\/08\/IMG-20220816-WA0037-300x184.jpg 300w, http:\/\/vertienteglobal.com\/wp-content\/uploads\/2022\/08\/IMG-20220816-WA0037-150x92.jpg 150w, http:\/\/vertienteglobal.com\/wp-content\/uploads\/2022\/08\/IMG-20220816-WA0037-768x471.jpg 768w, http:\/\/vertienteglobal.com\/wp-content\/uploads\/2022\/08\/IMG-20220816-WA0037.jpg 1280w\" sizes=\"auto, (max-width: 1024px) 100vw, 1024px\" \/><\/figure>\n\n\n\n<p>(Redacci\u00f3n)<\/p>\n\n\n\n<p>La entrega de los triciclos inici\u00f3 con beneficiarios de la zona maya, previendo atender en los pr\u00f3ximos d\u00edas a la zona de transici\u00f3n y Riviera Maya<\/p>\n\n\n\n<p>Tulum, 15 agosto del 2022.- La presidenta del Sistema para el Desarrollo Integral de la Familia de Tulum (DIF-Tulum) Lic. Ileana Canul de Dzul encabez\u00f3 la ceremonia de inicio de entrega de triciclos a trabajadores y trabajadoras del campo a fin de contribuir en el mejoramiento de la econom\u00eda familiar.<\/p>\n\n\n\n<p>En la entrega de las unidades a los beneficiarios, la Lic. Ileana Canul de Dzul, destac\u00f3 que de la mano de su esposo, el presidente Marciano Dzul Caamal, se cumple con la implementaci\u00f3n de programas de asistencia social con perspectiva familiar y comunitaria, los triciclos permitir\u00e1n agilizar el traslado de productos del campo que finalmente llegan a las mesas de las familias.<\/p>\n\n\n\n<p>\u201cHoy vamos a dar banderazo de arranque de entrega de triciclos aqu\u00ed en la cabecera municipal y zona maya de Tulum. El DIF-Tulum busca contribuir a garantizar la igualdad de oportunidades para mejorar el bienestar y fortalecimiento de las familias de nuestro municipio mediante la implementaci\u00f3n de programas de asistencia social con perspectiva familiar y comunitaria\u201d, dijo.<\/p>\n\n\n\n<p>Destac\u00f3 que este programa est\u00e1 enfocado a los adultos mayores, madres trabajadoras y toda persona que lo necesite, beneficiar\u00e1 a trabajadores de la cabecera municipal y comunidades de Sahcab Mucuy, Chanchen 1, Hondzonot, Yaxche, Chanchen Palmar, Yalchen, San Silverio, San Juan de Dios, San Pedro, Coba, Manuel Antonio Ay, Francisco Uh May, Macario G\u00f3mez, Akumal y Chemuyil.<\/p>\n\n\n\n<p>\u201cPara mi esposo, el presidente municipal, Marciano Dzul Caamal y para una servidora es una gran responsabilidad cumplir con los compromisos y darle a la ciudadan\u00eda las herramientas para que puedan mejorar su calidad de vida cada d\u00eda. Estoy convencida de que estos triciclos facilitar\u00e1n el trabajo y les ayudar\u00e1 a generar mayores ingresos y con eso mejorar su vida y las de las familias\u201d, dijo.<\/p>\n\n\n\n<p>De esta forma, la entrega de los triciclos inici\u00f3 con beneficiarios de la zona maya, previendo atender en los pr\u00f3ximos d\u00edas a la zona de transici\u00f3n y Riviera Maya.<\/p>\n\n\n\n<p>Al evento donde se cont\u00f3 con la honrosa presencia de la directora del DIF-Tulum, Jessica Ram\u00edrez de la Rosa y la coordinadora de Atenci\u00f3n Ciudadana, Flor de Jazm\u00edn Hau Chan, se procedi\u00f3 a la entrega de las unidades.<\/p>\n\n\n\n<figure class=\"wp-block-image size-large\"><img loading=\"lazy\" decoding=\"async\" width=\"1024\" height=\"786\" src=\"http:\/\/vertienteglobal.com\/wp-content\/uploads\/2022\/08\/IMG-20220816-WA0019-1024x786.jpg\" alt=\"\" class=\"wp-image-204056\" srcset=\"http:\/\/vertienteglobal.com\/wp-content\/uploads\/2022\/08\/IMG-20220816-WA0019-1024x786.jpg 1024w, http:\/\/vertienteglobal.com\/wp-content\/uploads\/2022\/08\/IMG-20220816-WA0019-300x230.jpg 300w, http:\/\/vertienteglobal.com\/wp-content\/uploads\/2022\/08\/IMG-20220816-WA0019-150x115.jpg 150w, http:\/\/vertienteglobal.com\/wp-content\/uploads\/2022\/08\/IMG-20220816-WA0019-768x589.jpg 768w, http:\/\/vertienteglobal.com\/wp-content\/uploads\/2022\/08\/IMG-20220816-WA0019.jpg 1280w\" sizes=\"auto, (max-width: 1024px) 100vw, 1024px\" \/><\/figure>\n\n\n\n<figure class=\"wp-block-image size-large\"><img loading=\"lazy\" decoding=\"async\" width=\"1024\" height=\"739\" src=\"http:\/\/vertienteglobal.com\/wp-content\/uploads\/2022\/08\/IMG-20220816-WA0018-1024x739.jpg\" alt=\"\" class=\"wp-image-204057\" srcset=\"http:\/\/vertienteglobal.com\/wp-content\/uploads\/2022\/08\/IMG-20220816-WA0018-1024x739.jpg 1024w, http:\/\/vertienteglobal.com\/wp-content\/uploads\/2022\/08\/IMG-20220816-WA0018-300x217.jpg 300w, http:\/\/vertienteglobal.com\/wp-content\/uploads\/2022\/08\/IMG-20220816-WA0018-150x108.jpg 150w, http:\/\/vertienteglobal.com\/wp-content\/uploads\/2022\/08\/IMG-20220816-WA0018-768x554.jpg 768w, http:\/\/vertienteglobal.com\/wp-content\/uploads\/2022\/08\/IMG-20220816-WA0018.jpg 1280w\" sizes=\"auto, (max-width: 1024px) 100vw, 1024px\" \/><\/figure>\n\n\n\n<figure class=\"wp-block-image size-large\"><img loading=\"lazy\" decoding=\"async\" width=\"1024\" height=\"682\" src=\"http:\/\/vertienteglobal.com\/wp-content\/uploads\/2022\/08\/IMG-20220816-WA0017-1024x682.jpg\" alt=\"\" class=\"wp-image-204058\" srcset=\"http:\/\/vertienteglobal.com\/wp-content\/uploads\/2022\/08\/IMG-20220816-WA0017-1024x682.jpg 1024w, http:\/\/vertienteglobal.com\/wp-content\/uploads\/2022\/08\/IMG-20220816-WA0017-300x200.jpg 300w, http:\/\/vertienteglobal.com\/wp-content\/uploads\/2022\/08\/IMG-20220816-WA0017-150x100.jpg 150w, http:\/\/vertienteglobal.com\/wp-content\/uploads\/2022\/08\/IMG-20220816-WA0017-768x512.jpg 768w, http:\/\/vertienteglobal.com\/wp-content\/uploads\/2022\/08\/IMG-20220816-WA0017.jpg 1280w\" sizes=\"auto, (max-width: 1024px) 100vw, 1024px\" \/><\/figure>\n\n\n\n<figure class=\"wp-block-image size-large\"><img loading=\"lazy\" decoding=\"async\" width=\"1024\" height=\"682\" src=\"http:\/\/vertienteglobal.com\/wp-content\/uploads\/2022\/08\/IMG-20220816-WA0032.jpg\" alt=\"\" class=\"wp-image-204059\" srcset=\"http:\/\/vertienteglobal.com\/wp-content\/uploads\/2022\/08\/IMG-20220816-WA0032.jpg 1024w, http:\/\/vertienteglobal.com\/wp-content\/uploads\/2022\/08\/IMG-20220816-WA0032-300x200.jpg 300w, http:\/\/vertienteglobal.com\/wp-content\/uploads\/2022\/08\/IMG-20220816-WA0032-150x100.jpg 150w, http:\/\/vertienteglobal.com\/wp-content\/uploads\/2022\/08\/IMG-20220816-WA0032-768x512.jpg 768w\" sizes=\"auto, (max-width: 1024px) 100vw, 1024px\" \/><\/figure>\n\n\n\n<figure class=\"wp-block-image size-large\"><img loading=\"lazy\" decoding=\"async\" width=\"1024\" height=\"682\" src=\"http:\/\/vertienteglobal.com\/wp-content\/uploads\/2022\/08\/IMG-20220816-WA0040-1024x682.jpg\" alt=\"\" class=\"wp-image-204060\" srcset=\"http:\/\/vertienteglobal.com\/wp-content\/uploads\/2022\/08\/IMG-20220816-WA0040-1024x682.jpg 1024w, http:\/\/vertienteglobal.com\/wp-content\/uploads\/2022\/08\/IMG-20220816-WA0040-300x200.jpg 300w, http:\/\/vertienteglobal.com\/wp-content\/uploads\/2022\/08\/IMG-20220816-WA0040-150x100.jpg 150w, http:\/\/vertienteglobal.com\/wp-content\/uploads\/2022\/08\/IMG-20220816-WA0040-768x512.jpg 768w, http:\/\/vertienteglobal.com\/wp-content\/uploads\/2022\/08\/IMG-20220816-WA0040.jpg 1280w\" sizes=\"auto, (max-width: 1024px) 100vw, 1024px\" \/><\/figure>\n\n\n\n<figure class=\"wp-block-image size-large\"><img loading=\"lazy\" decoding=\"async\" width=\"1024\" height=\"682\" src=\"http:\/\/vertienteglobal.com\/wp-content\/uploads\/2022\/08\/IMG-20220816-WA0040-1-1024x682.jpg\" alt=\"\" class=\"wp-image-204061\" srcset=\"http:\/\/vertienteglobal.com\/wp-content\/uploads\/2022\/08\/IMG-20220816-WA0040-1-1024x682.jpg 1024w, http:\/\/vertienteglobal.com\/wp-content\/uploads\/2022\/08\/IMG-20220816-WA0040-1-300x200.jpg 300w, http:\/\/vertienteglobal.com\/wp-content\/uploads\/2022\/08\/IMG-20220816-WA0040-1-150x100.jpg 150w, http:\/\/vertienteglobal.com\/wp-content\/uploads\/2022\/08\/IMG-20220816-WA0040-1-768x512.jpg 768w, http:\/\/vertienteglobal.com\/wp-content\/uploads\/2022\/08\/IMG-20220816-WA0040-1.jpg 1280w\" sizes=\"auto, (max-width: 1024px) 100vw, 1024px\" \/><\/figure>\n","protected":false},"excerpt":{"rendered":"<p>(Redacci\u00f3n) La entrega de los triciclos inici\u00f3 con beneficiarios de la zona maya, previendo atender en los pr\u00f3ximos d\u00edas a la zona de transici\u00f3n y Riviera Maya Tulum, 15 agosto del 2022.- La presidenta del Sistema para el Desarrollo Integral de la Familia de Tulum (DIF-Tulum) Lic. Ileana Canul de Dzul encabez\u00f3 la ceremonia de [&hellip;]<\/p>\n","protected":false},"author":1,"featured_media":204055,"comment_status":"open","ping_status":"open","sticky":false,"template":"","format":"standard","meta":{"footnotes":""},"categories":[3],"tags":[],"class_list":["post-204054","post","type-post","status-publish","format-standard","has-post-thumbnail","hentry","category-quintana-roo","entry","has-media"],"jetpack_featured_media_url":"http:\/\/vertienteglobal.com\/wp-content\/uploads\/2022\/08\/IMG-20220816-WA0037.jpg","_links":{"self":[{"href":"http:\/\/vertienteglobal.com\/index.php?rest_route=\/wp\/v2\/posts\/204054","targetHints":{"allow":["GET"]}}],"collection":[{"href":"http:\/\/vertienteglobal.com\/index.php?rest_route=\/wp\/v2\/posts"}],"about":[{"href":"http:\/\/vertienteglobal.com\/index.php?rest_route=\/wp\/v2\/types\/post"}],"author":[{"embeddable":true,"href":"http:\/\/vertienteglobal.com\/index.php?rest_route=\/wp\/v2\/users\/1"}],"replies":[{"embeddable":true,"href":"http:\/\/vertienteglobal.com\/index.php?rest_route=%2Fwp%2Fv2%2Fcomments&post=204054"}],"version-history":[{"count":0,"href":"http:\/\/vertienteglobal.com\/index.php?rest_route=\/wp\/v2\/posts\/204054\/revisions"}],"wp:featuredmedia":[{"embeddable":true,"href":"http:\/\/vertienteglobal.com\/index.php?rest_route=\/wp\/v2\/media\/204055"}],"wp:attachment":[{"href":"http:\/\/vertienteglobal.com\/index.php?rest_route=%2Fwp%2Fv2%2Fmedia&parent=204054"}],"wp:term":[{"taxonomy":"category","embeddable":true,"href":"http:\/\/vertienteglobal.com\/index.php?rest_route=%2Fwp%2Fv2%2Fcategories&post=204054"},{"taxonomy":"post_tag","embeddable":true,"href":"http:\/\/vertienteglobal.com\/index.php?rest_route=%2Fwp%2Fv2%2Ftags&post=204054"}],"curies":[{"name":"wp","href":"https:\/\/api.w.org\/{rel}","templated":true}]}}