{"id":203738,"date":"2022-08-03T16:24:00","date_gmt":"2022-08-03T21:24:00","guid":{"rendered":"http:\/\/vertienteglobal.com\/?p=203738"},"modified":"2022-08-03T16:51:17","modified_gmt":"2022-08-03T21:51:17","slug":"atenea-gomez-ricalde-inaugura-el-curso-activate-en-verano-2022-en-isla-mujeres","status":"publish","type":"post","link":"http:\/\/vertienteglobal.com\/?p=203738","title":{"rendered":"Atenea G\u00f3mez Ricalde inaugura el curso \u00abActivate en Verano 2022\u00bb en Isla Mujeres"},"content":{"rendered":"\n<div class=\"twitterbutton\" style=\"float: right; padding-left: 5px;\"><a href=\"http:\/\/twitter.com\/share\" class=\"twitter-share-button\" data-count=\"horizontal\" data-text=\"Atenea G\u00f3mez Ricalde inaugura el curso \u00abActivate en Verano 2022\u00bb en Isla Muje...\" data-via=\"https:\/\/twitter.com\/VertienteGloba1\" data-url=\"http:\/\/vertienteglobal.com\/?p=203738\" data-lang=\"es\" data-related=\"Informaci\u00f3n general:S\u00edguenos para que est\u00e9ss informado\"><\/a><\/div>\n<figure class=\"wp-block-image size-large\"><img loading=\"lazy\" decoding=\"async\" width=\"720\" height=\"480\" src=\"http:\/\/vertienteglobal.com\/wp-content\/uploads\/2022\/08\/FB_IMG_1659563115700.jpg\" alt=\"\" class=\"wp-image-203739\" srcset=\"http:\/\/vertienteglobal.com\/wp-content\/uploads\/2022\/08\/FB_IMG_1659563115700.jpg 720w, http:\/\/vertienteglobal.com\/wp-content\/uploads\/2022\/08\/FB_IMG_1659563115700-300x200.jpg 300w, http:\/\/vertienteglobal.com\/wp-content\/uploads\/2022\/08\/FB_IMG_1659563115700-150x100.jpg 150w\" sizes=\"auto, (max-width: 720px) 100vw, 720px\" \/><\/figure>\n\n\n\n<p>(Redacci\u00f3n)<\/p>\n\n\n\n<p>Atenea G\u00f3mez, detall\u00f3 que en \u00abAct\u00edvate en Verano 2022\u00bb las y los ni\u00f1os disfrutar\u00e1n de actividades culturales, recreativas y deportivas con la finalidad de que en las vacaciones puedan aprender y divertirse al mismo tiempo<\/p>\n\n\n\n<p>Isla Mujeres, Quintana Roo, 3 de agosto de 2022.-Cuidar a las ni\u00f1as y los ni\u00f1os de Isla Mujeres a trav\u00e9s de actividades que promuevan su sano desarrollo en espacios dignos y seguros, es prioridad de la presidenta municipal, Atenea G\u00f3mez Ricalde, por ello, hoy inaugur\u00f3 el curso \u00abAct\u00edvate en Verano 2022\u00bb en la zona insular.<\/p>\n\n\n\n<p>En la inauguraci\u00f3n la alcaldesa estuvo acompa\u00f1ada de alrededor de cien ni\u00f1as y ni\u00f1os que participar\u00e1n en el curso que se llevar\u00e1 a cabo del 3 al 19 de agosto en el Centro Comunitario de la colonia \u00abLa Gloria\u00bb en la zona insular con un horario de nueve de la ma\u00f1ana a una de la tarde.<\/p>\n\n\n\n<p>Atenea G\u00f3mez, detall\u00f3 que en \u00abAct\u00edvate en Verano 2022\u00bb las y los ni\u00f1os disfrutar\u00e1n de actividades culturales, recreativas y deportivas con la finalidad de que en las vacaciones puedan aprender y divertirse al mismo tiempo.<\/p>\n\n\n\n<p>Adem\u00e1s de lo anterior, tambi\u00e9n habr\u00e1 talleres, manualidades, por lo que la presidenta municipal les dio la bienvenida y los invit\u00f3 a disfrutar de sus vacaciones asistiendo al curso, donde podr\u00e1n tener a su alcance un programa extenso de actividades acorde a sus edades.<\/p>\n\n\n\n<p>Las inscripciones contin\u00faan abiertas en el Centro Comunitario de la colonia \u00abLa Gloria\u00bb hasta las de 9 a 18 horas y son gratuitas.<\/p>\n\n\n\n<p>A la inauguraci\u00f3n del curso acompa\u00f1aron a la presidente municipal la presidenta honoraria del Sistema para el Desarrollo Integral de la Familia, Minelly Ricalde Maga\u00f1a; la directora general de Desarrollo Social, Rita Herrera Osorio, Luz Mar\u00eda Rodr\u00edguez M\u00e9ndez, directora de Educaci\u00f3n; Sergio Castillo, encargado de la Direcci\u00f3n de Deportes; Martha Patricia S\u00e1nchez Trinch\u00e1n, directora de Juventud, Cultura y Deportes y Darane Osorio, directora del Cendi.<\/p>\n\n\n\n<figure class=\"wp-block-image size-large\"><img loading=\"lazy\" decoding=\"async\" width=\"720\" height=\"480\" src=\"http:\/\/vertienteglobal.com\/wp-content\/uploads\/2022\/08\/FB_IMG_1659563119418.jpg\" alt=\"\" class=\"wp-image-203740\" srcset=\"http:\/\/vertienteglobal.com\/wp-content\/uploads\/2022\/08\/FB_IMG_1659563119418.jpg 720w, http:\/\/vertienteglobal.com\/wp-content\/uploads\/2022\/08\/FB_IMG_1659563119418-300x200.jpg 300w, http:\/\/vertienteglobal.com\/wp-content\/uploads\/2022\/08\/FB_IMG_1659563119418-150x100.jpg 150w\" sizes=\"auto, (max-width: 720px) 100vw, 720px\" \/><\/figure>\n\n\n\n<figure class=\"wp-block-image size-large\"><img loading=\"lazy\" decoding=\"async\" width=\"720\" height=\"480\" src=\"http:\/\/vertienteglobal.com\/wp-content\/uploads\/2022\/08\/FB_IMG_1659563127012.jpg\" alt=\"\" class=\"wp-image-203741\" srcset=\"http:\/\/vertienteglobal.com\/wp-content\/uploads\/2022\/08\/FB_IMG_1659563127012.jpg 720w, http:\/\/vertienteglobal.com\/wp-content\/uploads\/2022\/08\/FB_IMG_1659563127012-300x200.jpg 300w, http:\/\/vertienteglobal.com\/wp-content\/uploads\/2022\/08\/FB_IMG_1659563127012-150x100.jpg 150w\" sizes=\"auto, (max-width: 720px) 100vw, 720px\" \/><\/figure>\n\n\n\n<figure class=\"wp-block-image size-large\"><img loading=\"lazy\" decoding=\"async\" width=\"720\" height=\"480\" src=\"http:\/\/vertienteglobal.com\/wp-content\/uploads\/2022\/08\/FB_IMG_1659563139355.jpg\" alt=\"\" class=\"wp-image-203742\" srcset=\"http:\/\/vertienteglobal.com\/wp-content\/uploads\/2022\/08\/FB_IMG_1659563139355.jpg 720w, http:\/\/vertienteglobal.com\/wp-content\/uploads\/2022\/08\/FB_IMG_1659563139355-300x200.jpg 300w, http:\/\/vertienteglobal.com\/wp-content\/uploads\/2022\/08\/FB_IMG_1659563139355-150x100.jpg 150w\" sizes=\"auto, (max-width: 720px) 100vw, 720px\" \/><\/figure>\n","protected":false},"excerpt":{"rendered":"<p>(Redacci\u00f3n) Atenea G\u00f3mez, detall\u00f3 que en \u00abAct\u00edvate en Verano 2022\u00bb las y los ni\u00f1os disfrutar\u00e1n de actividades culturales, recreativas y deportivas con la finalidad de que en las vacaciones puedan aprender y divertirse al mismo tiempo Isla Mujeres, Quintana Roo, 3 de agosto de 2022.-Cuidar a las ni\u00f1as y los ni\u00f1os de Isla Mujeres a [&hellip;]<\/p>\n","protected":false},"author":1,"featured_media":203739,"comment_status":"open","ping_status":"open","sticky":false,"template":"","format":"standard","meta":{"footnotes":""},"categories":[3],"tags":[],"class_list":["post-203738","post","type-post","status-publish","format-standard","has-post-thumbnail","hentry","category-quintana-roo","entry","has-media"],"jetpack_featured_media_url":"http:\/\/vertienteglobal.com\/wp-content\/uploads\/2022\/08\/FB_IMG_1659563115700.jpg","_links":{"self":[{"href":"http:\/\/vertienteglobal.com\/index.php?rest_route=\/wp\/v2\/posts\/203738","targetHints":{"allow":["GET"]}}],"collection":[{"href":"http:\/\/vertienteglobal.com\/index.php?rest_route=\/wp\/v2\/posts"}],"about":[{"href":"http:\/\/vertienteglobal.com\/index.php?rest_route=\/wp\/v2\/types\/post"}],"author":[{"embeddable":true,"href":"http:\/\/vertienteglobal.com\/index.php?rest_route=\/wp\/v2\/users\/1"}],"replies":[{"embeddable":true,"href":"http:\/\/vertienteglobal.com\/index.php?rest_route=%2Fwp%2Fv2%2Fcomments&post=203738"}],"version-history":[{"count":0,"href":"http:\/\/vertienteglobal.com\/index.php?rest_route=\/wp\/v2\/posts\/203738\/revisions"}],"wp:featuredmedia":[{"embeddable":true,"href":"http:\/\/vertienteglobal.com\/index.php?rest_route=\/wp\/v2\/media\/203739"}],"wp:attachment":[{"href":"http:\/\/vertienteglobal.com\/index.php?rest_route=%2Fwp%2Fv2%2Fmedia&parent=203738"}],"wp:term":[{"taxonomy":"category","embeddable":true,"href":"http:\/\/vertienteglobal.com\/index.php?rest_route=%2Fwp%2Fv2%2Fcategories&post=203738"},{"taxonomy":"post_tag","embeddable":true,"href":"http:\/\/vertienteglobal.com\/index.php?rest_route=%2Fwp%2Fv2%2Ftags&post=203738"}],"curies":[{"name":"wp","href":"https:\/\/api.w.org\/{rel}","templated":true}]}}