{"id":203597,"date":"2022-07-30T22:50:00","date_gmt":"2022-07-31T03:50:00","guid":{"rendered":"http:\/\/vertienteglobal.com\/?p=203597"},"modified":"2022-07-31T12:08:25","modified_gmt":"2022-07-31T17:08:25","slug":"te-bloquearon-o-cerraron-tu-cuenta-de-facebook","status":"publish","type":"post","link":"http:\/\/vertienteglobal.com\/?p=203597","title":{"rendered":"\u00bfTe bloquearon o cerraron tu cuenta de Facebook?"},"content":{"rendered":"\n<div class=\"twitterbutton\" style=\"float: right; padding-left: 5px;\"><a href=\"http:\/\/twitter.com\/share\" class=\"twitter-share-button\" data-count=\"horizontal\" data-text=\"\u00bfTe bloquearon o cerraron tu cuenta de Facebook?\" data-via=\"https:\/\/twitter.com\/VertienteGloba1\" data-url=\"http:\/\/vertienteglobal.com\/?p=203597\" data-lang=\"es\" data-related=\"Informaci\u00f3n general:S\u00edguenos para que est\u00e9ss informado\"><\/a><\/div>\n<figure class=\"wp-block-image size-large\"><img loading=\"lazy\" decoding=\"async\" width=\"1024\" height=\"683\" src=\"http:\/\/vertienteglobal.com\/wp-content\/uploads\/2022\/07\/183629.jpg\" alt=\"\" class=\"wp-image-203598\" srcset=\"http:\/\/vertienteglobal.com\/wp-content\/uploads\/2022\/07\/183629.jpg 1024w, http:\/\/vertienteglobal.com\/wp-content\/uploads\/2022\/07\/183629-300x200.jpg 300w, http:\/\/vertienteglobal.com\/wp-content\/uploads\/2022\/07\/183629-150x100.jpg 150w, http:\/\/vertienteglobal.com\/wp-content\/uploads\/2022\/07\/183629-768x512.jpg 768w\" sizes=\"auto, (max-width: 1024px) 100vw, 1024px\" \/><\/figure>\n\n\n\n<p>(Redacci\u00f3n)<\/p>\n\n\n\n<p>Las redes sociales como Facebook abrieron las posibilidades de que todas las personas puedan dar sus opiniones, sus formas de pensar y sentir, existen algunas limitantes en las formas de expresarse de los usuarios con la finalidad de tener una comunidad m\u00e1s amena<\/p>\n\n\n\n<p>Ciudad de M\u00e9xico 30 de julio 2022.-Eres de las personas a las que Facebook les cerr\u00f3 su perfil de la red social por diferentes motivos, no te preocupes, pues a continuaci\u00f3n te contaremos c\u00f3mo puedes volver a habilitar tu cuenta y los diversos motivos por los que Meta te pudo poner en la lista negra de la plataforma.<\/p>\n\n\n\n<p>Aunque las redes sociales como Facebook abrieron las posibilidades de que todas las personas puedan dar sus opiniones, sus formas de pensar y sentir, existen algunas limitantes en las formas de expresarse de los usuarios con la finalidad de tener una comunidad m\u00e1s amena.<\/p>\n\n\n\n<p>Entre las limitantes que pone esta red social para tener una comunidad sin violencia y discriminaci\u00f3n existen varios factores, los cuales existen con la finalidad de erradicar el bullying cibern\u00e9tico.<\/p>\n\n\n\n<p>Entre estas condiciones de comportamientos de la comunidad que no son permitidos, se encuentran:<\/p>\n\n\n\n<p>\u00b7 Publicaci\u00f3n de contenido con temas terroristas<br>\u00b7 Publicaciones que inciten al odio<br>\u00b7 Asesinatos en masa<br>\u00b7 Contenido que incite a la violencia o actos delictivos<br>\u00b7 Contenido para adultos<br>\u00b7 Uso de palabras altisonantes en repetidas ocasiones<br>\u00b7 Comercializar con armas de fuego<\/p>\n\n\n\n<p>Y para poder habilitar nuevamente tu cuenta de Facebook est\u00e1 el de llenar un formulario, en este deber\u00e1s ingresar datos solicitados y posteriormente enviar el documento para su evaluaci\u00f3n directa en Meta o Facebook.<\/p>\n\n\n\n<p>Cabe se\u00f1alar que este proceso es un poco tardado, por lo cual podr\u00eda tardar de entre tres o cinco d\u00edas en saber el estatus de tu perfil.<\/p>\n\n\n\n<p>De igual forma, es importante que no dejes de revisar tu correo electr\u00f3nico que diste de alta con tu perfil de Facebook, pues en \u00e9l llegar\u00e1 la respuesta de la red social.(Fuente:Excelsior)<\/p>\n","protected":false},"excerpt":{"rendered":"<p>(Redacci\u00f3n) Las redes sociales como Facebook abrieron las posibilidades de que todas las personas puedan dar sus opiniones, sus formas de pensar y sentir, existen algunas limitantes en las formas de expresarse de los usuarios con la finalidad de tener una comunidad m\u00e1s amena Ciudad de M\u00e9xico 30 de julio 2022.-Eres de las personas a [&hellip;]<\/p>\n","protected":false},"author":1,"featured_media":203598,"comment_status":"open","ping_status":"open","sticky":false,"template":"","format":"standard","meta":{"footnotes":""},"categories":[8],"tags":[],"class_list":["post-203597","post","type-post","status-publish","format-standard","has-post-thumbnail","hentry","category-pais","entry","has-media"],"jetpack_featured_media_url":"http:\/\/vertienteglobal.com\/wp-content\/uploads\/2022\/07\/183629.jpg","_links":{"self":[{"href":"http:\/\/vertienteglobal.com\/index.php?rest_route=\/wp\/v2\/posts\/203597","targetHints":{"allow":["GET"]}}],"collection":[{"href":"http:\/\/vertienteglobal.com\/index.php?rest_route=\/wp\/v2\/posts"}],"about":[{"href":"http:\/\/vertienteglobal.com\/index.php?rest_route=\/wp\/v2\/types\/post"}],"author":[{"embeddable":true,"href":"http:\/\/vertienteglobal.com\/index.php?rest_route=\/wp\/v2\/users\/1"}],"replies":[{"embeddable":true,"href":"http:\/\/vertienteglobal.com\/index.php?rest_route=%2Fwp%2Fv2%2Fcomments&post=203597"}],"version-history":[{"count":0,"href":"http:\/\/vertienteglobal.com\/index.php?rest_route=\/wp\/v2\/posts\/203597\/revisions"}],"wp:featuredmedia":[{"embeddable":true,"href":"http:\/\/vertienteglobal.com\/index.php?rest_route=\/wp\/v2\/media\/203598"}],"wp:attachment":[{"href":"http:\/\/vertienteglobal.com\/index.php?rest_route=%2Fwp%2Fv2%2Fmedia&parent=203597"}],"wp:term":[{"taxonomy":"category","embeddable":true,"href":"http:\/\/vertienteglobal.com\/index.php?rest_route=%2Fwp%2Fv2%2Fcategories&post=203597"},{"taxonomy":"post_tag","embeddable":true,"href":"http:\/\/vertienteglobal.com\/index.php?rest_route=%2Fwp%2Fv2%2Ftags&post=203597"}],"curies":[{"name":"wp","href":"https:\/\/api.w.org\/{rel}","templated":true}]}}