{"id":203447,"date":"2022-07-22T20:24:00","date_gmt":"2022-07-23T01:24:00","guid":{"rendered":"http:\/\/vertienteglobal.com\/?p=203447"},"modified":"2022-07-23T13:49:14","modified_gmt":"2022-07-23T18:49:14","slug":"se-acabo-el-dolor-abre-dolorfin-en-cancun","status":"publish","type":"post","link":"http:\/\/vertienteglobal.com\/?p=203447","title":{"rendered":"Se acab\u00f3 \u00e9l dolor, abre Dolorfin en Canc\u00fan"},"content":{"rendered":"\n<div class=\"twitterbutton\" style=\"float: right; padding-left: 5px;\"><a href=\"http:\/\/twitter.com\/share\" class=\"twitter-share-button\" data-count=\"horizontal\" data-text=\"Se acab\u00f3 \u00e9l dolor, abre Dolorfin en Canc\u00fan\" data-via=\"https:\/\/twitter.com\/VertienteGloba1\" data-url=\"http:\/\/vertienteglobal.com\/?p=203447\" data-lang=\"es\" data-related=\"Informaci\u00f3n general:S\u00edguenos para que est\u00e9ss informado\"><\/a><\/div>\n<figure class=\"wp-block-image size-large\"><img loading=\"lazy\" decoding=\"async\" width=\"1024\" height=\"768\" src=\"http:\/\/vertienteglobal.com\/wp-content\/uploads\/2022\/07\/20220722_200919-1024x768.jpg\" alt=\"\" class=\"wp-image-203448\" srcset=\"http:\/\/vertienteglobal.com\/wp-content\/uploads\/2022\/07\/20220722_200919-1024x768.jpg 1024w, http:\/\/vertienteglobal.com\/wp-content\/uploads\/2022\/07\/20220722_200919-300x225.jpg 300w, http:\/\/vertienteglobal.com\/wp-content\/uploads\/2022\/07\/20220722_200919-150x113.jpg 150w, http:\/\/vertienteglobal.com\/wp-content\/uploads\/2022\/07\/20220722_200919-768x576.jpg 768w, http:\/\/vertienteglobal.com\/wp-content\/uploads\/2022\/07\/20220722_200919-1536x1152.jpg 1536w, http:\/\/vertienteglobal.com\/wp-content\/uploads\/2022\/07\/20220722_200919.jpg 1600w\" sizes=\"auto, (max-width: 1024px) 100vw, 1024px\" \/><\/figure>\n\n\n\n<p>(Antonio Rivera)<\/p>\n\n\n\n<p>La nueva sucursal est\u00e1 ubicada en el Malec\u00f3n Plaza las Am\u00e9ricas, a un costado del BBVA<\/p>\n\n\n\n<p>Canc\u00fan, Quintana Roo, 22 de julio 2022.- Abri\u00f3 sus puertas Dolorfin, llego a Canc\u00fan la soluci\u00f3n para acabar con dolores provocados por problemas en la columna vertebral.<\/p>\n\n\n\n<p>Y es que se fusionaron con Kolumna Quiropr\u00e1ctico, iniciando este gran proyecto en Canc\u00fan, en beneficio de tu salud y de los tuyos. VEN Y MEJORA TU VIDA.<\/p>\n\n\n\n<p>Se trata de DOLORFIN CONSULTORIO QUIROPR\u00c1CTICO, que naci\u00f3 en Canc\u00fan y luego de conquistar M\u00e9xico regresa a suelo cancunense.<\/p>\n\n\n\n<p>Dolorfin inici\u00f3 en la calle de Nance, del Mercado 28, hoy cuenta con m\u00e1s de 12 sucursales en la Ciudad de M\u00e9xico, y debido a que ha logrado beneficiar a m\u00e1s de 7 mil pacientes al a\u00f1o comienza a expandirse por todo el territorio nacional.<\/p>\n\n\n\n<p>El regreso a Canc\u00fan significa lealtad de Dolorfin con sus inicios, pero, sobre todo, compromiso con quienes estuvieron desde el principio en el cuidado de su salud con nosotros.<\/p>\n\n\n\n<p>El \u00e9xito de esta incre\u00edble cadena se debe a que en Dolorfin se trata la salud desde la perspectiva de la prevenci\u00f3n, mediante la correcci\u00f3n de la columna vertebral.<\/p>\n\n\n\n<p>El cuerpo saludable depende ineludiblemente de una columna bien alineada, ya que el sistema nervioso, al cual est\u00e1n conectados todos los \u00f3rganos, funciona correctamente cuando la columna no tiene desviaciones.<\/p>\n\n\n\n<p>Las subluxaciones en la columna vertebral causan enfermedades tales como: CI\u00c1TICA, LUMBALGIA, TORTICOLIS, HERNIAS DISCALES; adem\u00e1s de enfermedades como COLITIS, ASMA, MIGRA\u00d1A, V\u00c9RTIGO y ESTRES, entre otras.<\/p>\n\n\n\n<p>La correcci\u00f3n de la alineaci\u00f3n vertebral promueve la salud de todas las funciones del cuerpo, MEJORA 20% tu capacidad cerebral y concentraci\u00f3n, SUBE 139% tu sistema inmune, REDUCE 85% el riesgo de cirug\u00eda, y 58% utilizas MENOS MEDICAMENTO.<\/p>\n\n\n\n<p>La quiropr\u00e1ctica mejora en un 16.8% el rendimiento deportivo; todas estas estad\u00edsticas son sumamente importantes: de los trabajadores que contratan estos servicios, el 82% reporta mayor concentraci\u00f3n, mayor energ\u00eda y, sobre todo, que ha impactado positivamente en su salud.<\/p>\n\n\n\n<p>DOLORFIN est\u00e1 de vuelta en Canc\u00fan, te invitamos a conocer nuestra nueva sucursal ubicada en Malec\u00f3n Am\u00e9ricas, a un costado del BBVA.<\/p>\n\n\n\n<p>Ofreci\u00e9ndote los siguientes servicios:\u2713 AJUSTE QUIROPR\u00c1CTICO. \u2713 FISIOTERAPIA. \u2713 MASAJE TERAP\u00c9UTICO.<\/p>\n\n\n\n<p>Estaremos atendiendo de lunes a s\u00e1bado, con previa cita al 998 315 9259,Malec\u00f3n Am\u00e9ricas.<\/p>\n","protected":false},"excerpt":{"rendered":"<p>(Antonio Rivera) La nueva sucursal est\u00e1 ubicada en el Malec\u00f3n Plaza las Am\u00e9ricas, a un costado del BBVA Canc\u00fan, Quintana Roo, 22 de julio 2022.- Abri\u00f3 sus puertas Dolorfin, llego a Canc\u00fan la soluci\u00f3n para acabar con dolores provocados por problemas en la columna vertebral. Y es que se fusionaron con Kolumna Quiropr\u00e1ctico, iniciando este [&hellip;]<\/p>\n","protected":false},"author":1,"featured_media":203448,"comment_status":"open","ping_status":"open","sticky":false,"template":"","format":"standard","meta":{"footnotes":""},"categories":[3],"tags":[],"class_list":["post-203447","post","type-post","status-publish","format-standard","has-post-thumbnail","hentry","category-quintana-roo","entry","has-media"],"jetpack_featured_media_url":"http:\/\/vertienteglobal.com\/wp-content\/uploads\/2022\/07\/20220722_200919.jpg","_links":{"self":[{"href":"http:\/\/vertienteglobal.com\/index.php?rest_route=\/wp\/v2\/posts\/203447","targetHints":{"allow":["GET"]}}],"collection":[{"href":"http:\/\/vertienteglobal.com\/index.php?rest_route=\/wp\/v2\/posts"}],"about":[{"href":"http:\/\/vertienteglobal.com\/index.php?rest_route=\/wp\/v2\/types\/post"}],"author":[{"embeddable":true,"href":"http:\/\/vertienteglobal.com\/index.php?rest_route=\/wp\/v2\/users\/1"}],"replies":[{"embeddable":true,"href":"http:\/\/vertienteglobal.com\/index.php?rest_route=%2Fwp%2Fv2%2Fcomments&post=203447"}],"version-history":[{"count":0,"href":"http:\/\/vertienteglobal.com\/index.php?rest_route=\/wp\/v2\/posts\/203447\/revisions"}],"wp:featuredmedia":[{"embeddable":true,"href":"http:\/\/vertienteglobal.com\/index.php?rest_route=\/wp\/v2\/media\/203448"}],"wp:attachment":[{"href":"http:\/\/vertienteglobal.com\/index.php?rest_route=%2Fwp%2Fv2%2Fmedia&parent=203447"}],"wp:term":[{"taxonomy":"category","embeddable":true,"href":"http:\/\/vertienteglobal.com\/index.php?rest_route=%2Fwp%2Fv2%2Fcategories&post=203447"},{"taxonomy":"post_tag","embeddable":true,"href":"http:\/\/vertienteglobal.com\/index.php?rest_route=%2Fwp%2Fv2%2Ftags&post=203447"}],"curies":[{"name":"wp","href":"https:\/\/api.w.org\/{rel}","templated":true}]}}