{"id":203441,"date":"2022-07-21T09:19:00","date_gmt":"2022-07-21T14:19:00","guid":{"rendered":"http:\/\/vertienteglobal.com\/?p=203441"},"modified":"2022-07-21T19:58:58","modified_gmt":"2022-07-22T00:58:58","slug":"estudio-afirma-que-la-vacuna-anticovid-puede-alterar-el-ciclo-menstrual","status":"publish","type":"post","link":"http:\/\/vertienteglobal.com\/?p=203441","title":{"rendered":"Estudio afirma que la vacuna antiCOVID puede alterar el ciclo menstrual"},"content":{"rendered":"\n<div class=\"twitterbutton\" style=\"float: right; padding-left: 5px;\"><a href=\"http:\/\/twitter.com\/share\" class=\"twitter-share-button\" data-count=\"horizontal\" data-text=\"Estudio afirma que la vacuna antiCOVID puede alterar el ciclo menstrual\" data-via=\"https:\/\/twitter.com\/VertienteGloba1\" data-url=\"http:\/\/vertienteglobal.com\/?p=203441\" data-lang=\"es\" data-related=\"Informaci\u00f3n general:S\u00edguenos para que est\u00e9ss informado\"><\/a><\/div>\n<figure class=\"wp-block-image size-large\"><img loading=\"lazy\" decoding=\"async\" width=\"1024\" height=\"640\" src=\"http:\/\/vertienteglobal.com\/wp-content\/uploads\/2022\/07\/182894.jpg\" alt=\"\" class=\"wp-image-203442\" srcset=\"http:\/\/vertienteglobal.com\/wp-content\/uploads\/2022\/07\/182894.jpg 1024w, http:\/\/vertienteglobal.com\/wp-content\/uploads\/2022\/07\/182894-300x188.jpg 300w, http:\/\/vertienteglobal.com\/wp-content\/uploads\/2022\/07\/182894-150x94.jpg 150w, http:\/\/vertienteglobal.com\/wp-content\/uploads\/2022\/07\/182894-768x480.jpg 768w\" sizes=\"auto, (max-width: 1024px) 100vw, 1024px\" \/><\/figure>\n\n\n\n<p>(Redacci\u00f3n)<\/p>\n\n\n\n<p>La investigaci\u00f3n apunta que &#8216;al menos cuatro de cada diez mujeres han reportado alteraciones menstruales tras recibir la vacuna&#8217;<\/p>\n\n\n\n<p>Ciudad de M\u00e9xico 21 de julio 2022-Un estudio realizado por la Universidad de Illinois en Chicago, Estados Unidos, comprob\u00f3 que la vacuna contra el COVID-19 provoca trastornos en el flujo menstrual.<\/p>\n\n\n\n<p>La investigaci\u00f3n apunta que &#8216;al menos cuatro de cada diez mujeres han reportado alteraciones menstruales tras recibir la vacuna&#8217;.<\/p>\n\n\n\n<p>Los investigadores lanzaron una encuesta en l\u00ednea en abril de 2021, que incluy\u00f3 preguntas sobre los per\u00edodos de las personas, desde los s\u00edntomas hasta el momento y la duraci\u00f3n del sangrado.<\/p>\n\n\n\n<p>En las respuestas participaron 39 mil personas que menstr\u00faan regularmente, de las cuales, el 42 por ciento inform\u00f3 un periodo m\u00e1s intenso despu\u00e9s de la vacuna contra el COVID-19, el 44 % no inform\u00f3 cambios y el 14 por ciento inform\u00f3 un per\u00edodo m\u00e1s ligero.<\/p>\n\n\n\n<p>El estudio precisa que hasta ahora, las vacunas contra el COVID-19 &#8216;no parece que dejen secuelas o afecten a la fertilidad&#8217;, sin embargo, las investigaciones respecto a posibles efectos de las vacunas que existen contra el coronavirus a\u00fan contin\u00faan.(FUente: womenshealthmag)<\/p>\n","protected":false},"excerpt":{"rendered":"<p>(Redacci\u00f3n) La investigaci\u00f3n apunta que &#8216;al menos cuatro de cada diez mujeres han reportado alteraciones menstruales tras recibir la vacuna&#8217; Ciudad de M\u00e9xico 21 de julio 2022-Un estudio realizado por la Universidad de Illinois en Chicago, Estados Unidos, comprob\u00f3 que la vacuna contra el COVID-19 provoca trastornos en el flujo menstrual. La investigaci\u00f3n apunta que [&hellip;]<\/p>\n","protected":false},"author":1,"featured_media":203442,"comment_status":"open","ping_status":"open","sticky":false,"template":"","format":"standard","meta":{"footnotes":""},"categories":[8],"tags":[],"class_list":["post-203441","post","type-post","status-publish","format-standard","has-post-thumbnail","hentry","category-pais","entry","has-media"],"jetpack_featured_media_url":"http:\/\/vertienteglobal.com\/wp-content\/uploads\/2022\/07\/182894.jpg","_links":{"self":[{"href":"http:\/\/vertienteglobal.com\/index.php?rest_route=\/wp\/v2\/posts\/203441","targetHints":{"allow":["GET"]}}],"collection":[{"href":"http:\/\/vertienteglobal.com\/index.php?rest_route=\/wp\/v2\/posts"}],"about":[{"href":"http:\/\/vertienteglobal.com\/index.php?rest_route=\/wp\/v2\/types\/post"}],"author":[{"embeddable":true,"href":"http:\/\/vertienteglobal.com\/index.php?rest_route=\/wp\/v2\/users\/1"}],"replies":[{"embeddable":true,"href":"http:\/\/vertienteglobal.com\/index.php?rest_route=%2Fwp%2Fv2%2Fcomments&post=203441"}],"version-history":[{"count":0,"href":"http:\/\/vertienteglobal.com\/index.php?rest_route=\/wp\/v2\/posts\/203441\/revisions"}],"wp:featuredmedia":[{"embeddable":true,"href":"http:\/\/vertienteglobal.com\/index.php?rest_route=\/wp\/v2\/media\/203442"}],"wp:attachment":[{"href":"http:\/\/vertienteglobal.com\/index.php?rest_route=%2Fwp%2Fv2%2Fmedia&parent=203441"}],"wp:term":[{"taxonomy":"category","embeddable":true,"href":"http:\/\/vertienteglobal.com\/index.php?rest_route=%2Fwp%2Fv2%2Fcategories&post=203441"},{"taxonomy":"post_tag","embeddable":true,"href":"http:\/\/vertienteglobal.com\/index.php?rest_route=%2Fwp%2Fv2%2Ftags&post=203441"}],"curies":[{"name":"wp","href":"https:\/\/api.w.org\/{rel}","templated":true}]}}