{"id":203424,"date":"2022-07-20T21:21:35","date_gmt":"2022-07-21T02:21:35","guid":{"rendered":"http:\/\/vertienteglobal.com\/?p=203424"},"modified":"2022-07-21T19:42:10","modified_gmt":"2022-07-22T00:42:10","slug":"yucatan-promueve-su-riquiza-turistica-en-el-marco-comic-con-de-san-diego","status":"publish","type":"post","link":"http:\/\/vertienteglobal.com\/?p=203424","title":{"rendered":"Yucat\u00e1n promueve su riquiza tur\u00edstica en el marco Comic-Con de San Diego"},"content":{"rendered":"\n<div class=\"twitterbutton\" style=\"float: right; padding-left: 5px;\"><a href=\"http:\/\/twitter.com\/share\" class=\"twitter-share-button\" data-count=\"horizontal\" data-text=\"Yucat\u00e1n promueve su riquiza tur\u00edstica en el marco Comic-Con de San Diego\" data-via=\"https:\/\/twitter.com\/VertienteGloba1\" data-url=\"http:\/\/vertienteglobal.com\/?p=203424\" data-lang=\"es\" data-related=\"Informaci\u00f3n general:S\u00edguenos para que est\u00e9ss informado\"><\/a><\/div>\n<figure class=\"wp-block-image size-large\"><img loading=\"lazy\" decoding=\"async\" width=\"660\" height=\"330\" src=\"http:\/\/vertienteglobal.com\/wp-content\/uploads\/2022\/07\/1-36-660x330-1.jpg\" alt=\"\" class=\"wp-image-203425\" srcset=\"http:\/\/vertienteglobal.com\/wp-content\/uploads\/2022\/07\/1-36-660x330-1.jpg 660w, http:\/\/vertienteglobal.com\/wp-content\/uploads\/2022\/07\/1-36-660x330-1-300x150.jpg 300w, http:\/\/vertienteglobal.com\/wp-content\/uploads\/2022\/07\/1-36-660x330-1-150x75.jpg 150w\" sizes=\"auto, (max-width: 660px) 100vw, 660px\" \/><\/figure>\n\n\n\n<p>(Redacci\u00f3n)<\/p>\n\n\n\n<p>Hasta 135 mil participantes de esta convenci\u00f3n, de 30 pa\u00edses, podr\u00e1n acercarse al Mundo Maya, a trav\u00e9s de los sabores y colores del estado<\/p>\n\n\n\n<p>Donia Way, personaje emblem\u00e1tico de la entidad, ser\u00e1 la embajadora y hero\u00edna, que dignificar\u00e1 y divulgar\u00e1 la cultura de la entidad, a trav\u00e9s de una narrativa gr\u00e1fica<\/p>\n\n\n\n<p>Contin\u00faa la gira de promoci\u00f3n y posicionamiento de la oferta del territorio entre el mercado californiano, uno de los m\u00e1s importantes del mundo<\/p>\n\n\n\n<p>San Diego, California, 20 de julio de 2022.- Como parte de las acciones que ha emprendido el Gobierno de Mauricio Vila Dosal, para el posicionamiento y la recuperaci\u00f3n econ\u00f3mica de Yucat\u00e1n, la Secretar\u00eda de Fomento Tur\u00edstico (Sefotur), con una estrategia innovadora, adaptada a los nuevos mercados, es una de las sorpresas que presentar\u00e1 la Convenci\u00f3n Internacional de C\u00f3mics (Comic-Con) 2022, del 21 al 24 de julio, en Seaport Village de San Diego, California.<\/p>\n\n\n\n<p>Este a\u00f1o representa una oportunidad para promover una imagen positiva, din\u00e1mica y creativa de M\u00e9xico; es por ello que Yucat\u00e1n y Baja California ser\u00e1n, por primera vez, invitados al encuentro, considerado el m\u00e1s grande de su tipo en Estados Unidos y el cuarto del mundo, que esta ocasi\u00f3n, espera a m\u00e1s de 135 mil participantes de 30 naciones, por lo que es ideal para atraer a un mayor n\u00famero de viajeros a nuestro pa\u00eds, que en 2021, fue el segundo m\u00e1s visitado a nivel global.<\/p>\n\n\n\n<p>Sobre la gira de promoci\u00f3n, la titular de la Sefotur, Michelle Fridman Hirsch, expres\u00f3 su alegr\u00eda por el \u00e9xito obtenido y la presencia \u201cque pocos destinos han tenido aqu\u00ed, en el sur de California, puesto que hemos podido conjuntar, en fechas muy cercanas, las actividades presentadas en Puente a M\u00e9xico, el Marat\u00f3n Gastron\u00f3mico y el Comic-Con, con lo que hemos tenido presencia en lugares emblem\u00e1ticos y muy concurridos, por californianos y por visitantes de otras partes del mundo\u201d.<\/p>\n\n\n\n<p>Destac\u00f3 que, con estas estrategias, contin\u00faan fortaleciendo la difusi\u00f3n de la oferta local, para incrementar la atracci\u00f3n de turistas y lograr la meta de recuperar al sector, en cifras pre pandemia, lo antes posible, que se ha alcanzado en algunos indicadores, de manera gradual. Adem\u00e1s, con el fin de dar a conocer toda la riqueza cultural, gastron\u00f3mica y tur\u00edstica, se une Donia Way, personaje emblem\u00e1tico de la regi\u00f3n, para mostrar en esta convenci\u00f3n todo lo que Yucat\u00e1n ofrece.<\/p>\n\n\n\n<p>Habr\u00e1 un mural ilustrado de toda la entidad y la Pen\u00ednsula, de car\u00e1cter l\u00fadico e interactivo, con vi\u00f1etas de los principales atractivos tur\u00edsticos y culturales, que los asistentes podr\u00e1n encontrar en Casa M\u00e9xico, formar parte del mundo m\u00e1gico de Donia Way, acompa\u00f1arla en sus aventuras y su encuentro con el villano Trotolok o tomarse una foto con ella, en un escenario din\u00e1mico, titulado \u201cWelcome to Yucatan, the place you think you knew\u201d.<\/p>\n\n\n\n<p>Donia Way es un personaje ic\u00f3nico de la marca del estado, que funge como embajadora y, ahora, tambi\u00e9n hero\u00edna, que re\u00fane los elementos para divulgar y dignificar la cultura yucateca, rescatar a la concurrencia de la cotidianidad e invitarle a disfrutar un viaje lleno de emociones al territorio. Igual, habr\u00e1 una muestra gastron\u00f3mica y de cerveza artesanal, as\u00ed como give aways con im\u00e1genes de ella y la regi\u00f3n, como playeras, vasos para caf\u00e9, stickers y folletos promocionales en general.<\/p>\n\n\n\n<p>La participaci\u00f3n de nuestra entidad en Casa M\u00e9xico, en el marco de Comic-Con, es la cuarta acci\u00f3n de promoci\u00f3n sumada a Puente a M\u00e9xico; este s\u00e1bado 23, se repetir\u00e1 su presencia en el Farmer\u2019s Market de esta misma ciudad, mientras que la exposici\u00f3n en House of M\u00e9xico, del Balboa Park, se mantiene activa hasta el 25 de septiembre pr\u00f3ximo.<\/p>\n","protected":false},"excerpt":{"rendered":"<p>(Redacci\u00f3n) Hasta 135 mil participantes de esta convenci\u00f3n, de 30 pa\u00edses, podr\u00e1n acercarse al Mundo Maya, a trav\u00e9s de los sabores y colores del estado Donia Way, personaje emblem\u00e1tico de la entidad, ser\u00e1 la embajadora y hero\u00edna, que dignificar\u00e1 y divulgar\u00e1 la cultura de la entidad, a trav\u00e9s de una narrativa gr\u00e1fica Contin\u00faa la gira [&hellip;]<\/p>\n","protected":false},"author":1,"featured_media":203425,"comment_status":"open","ping_status":"open","sticky":false,"template":"","format":"standard","meta":{"footnotes":""},"categories":[2],"tags":[],"class_list":["post-203424","post","type-post","status-publish","format-standard","has-post-thumbnail","hentry","category-yucatan","entry","has-media"],"jetpack_featured_media_url":"http:\/\/vertienteglobal.com\/wp-content\/uploads\/2022\/07\/1-36-660x330-1.jpg","_links":{"self":[{"href":"http:\/\/vertienteglobal.com\/index.php?rest_route=\/wp\/v2\/posts\/203424","targetHints":{"allow":["GET"]}}],"collection":[{"href":"http:\/\/vertienteglobal.com\/index.php?rest_route=\/wp\/v2\/posts"}],"about":[{"href":"http:\/\/vertienteglobal.com\/index.php?rest_route=\/wp\/v2\/types\/post"}],"author":[{"embeddable":true,"href":"http:\/\/vertienteglobal.com\/index.php?rest_route=\/wp\/v2\/users\/1"}],"replies":[{"embeddable":true,"href":"http:\/\/vertienteglobal.com\/index.php?rest_route=%2Fwp%2Fv2%2Fcomments&post=203424"}],"version-history":[{"count":0,"href":"http:\/\/vertienteglobal.com\/index.php?rest_route=\/wp\/v2\/posts\/203424\/revisions"}],"wp:featuredmedia":[{"embeddable":true,"href":"http:\/\/vertienteglobal.com\/index.php?rest_route=\/wp\/v2\/media\/203425"}],"wp:attachment":[{"href":"http:\/\/vertienteglobal.com\/index.php?rest_route=%2Fwp%2Fv2%2Fmedia&parent=203424"}],"wp:term":[{"taxonomy":"category","embeddable":true,"href":"http:\/\/vertienteglobal.com\/index.php?rest_route=%2Fwp%2Fv2%2Fcategories&post=203424"},{"taxonomy":"post_tag","embeddable":true,"href":"http:\/\/vertienteglobal.com\/index.php?rest_route=%2Fwp%2Fv2%2Ftags&post=203424"}],"curies":[{"name":"wp","href":"https:\/\/api.w.org\/{rel}","templated":true}]}}