{"id":203380,"date":"2022-07-21T12:24:00","date_gmt":"2022-07-21T17:24:00","guid":{"rendered":"http:\/\/vertienteglobal.com\/?p=203380"},"modified":"2022-07-21T16:03:53","modified_gmt":"2022-07-21T21:03:53","slug":"inicia-el-operativo-verano-seguro-2022-en-tulum","status":"publish","type":"post","link":"http:\/\/vertienteglobal.com\/?p=203380","title":{"rendered":"Inicia el operativo \u201cVerano Seguro 2022\u201d en Tulum"},"content":{"rendered":"\n<div class=\"twitterbutton\" style=\"float: right; padding-left: 5px;\"><a href=\"http:\/\/twitter.com\/share\" class=\"twitter-share-button\" data-count=\"horizontal\" data-text=\"Inicia el operativo \u201cVerano Seguro 2022\u201d en Tulum\" data-via=\"https:\/\/twitter.com\/VertienteGloba1\" data-url=\"http:\/\/vertienteglobal.com\/?p=203380\" data-lang=\"es\" data-related=\"Informaci\u00f3n general:S\u00edguenos para que est\u00e9ss informado\"><\/a><\/div>\n<figure class=\"wp-block-image size-large\"><img loading=\"lazy\" decoding=\"async\" width=\"1024\" height=\"682\" src=\"http:\/\/vertienteglobal.com\/wp-content\/uploads\/2022\/07\/IMG-20220721-WA0078-1024x682.jpg\" alt=\"\" class=\"wp-image-203381\" srcset=\"http:\/\/vertienteglobal.com\/wp-content\/uploads\/2022\/07\/IMG-20220721-WA0078-1024x682.jpg 1024w, http:\/\/vertienteglobal.com\/wp-content\/uploads\/2022\/07\/IMG-20220721-WA0078-300x200.jpg 300w, http:\/\/vertienteglobal.com\/wp-content\/uploads\/2022\/07\/IMG-20220721-WA0078-150x100.jpg 150w, http:\/\/vertienteglobal.com\/wp-content\/uploads\/2022\/07\/IMG-20220721-WA0078-768x512.jpg 768w, http:\/\/vertienteglobal.com\/wp-content\/uploads\/2022\/07\/IMG-20220721-WA0078.jpg 1280w\" sizes=\"auto, (max-width: 1024px) 100vw, 1024px\" \/><\/figure>\n\n\n\n<p>(Antonio Rivera)<\/p>\n\n\n\n<p>El secretario general Jorge Alberto Portilla M\u00e1nica encabez\u00f3 el acto, en el que reconoci\u00f3 la coordinaci\u00f3n de las autoridades municipales, estatales y nacionales<\/p>\n\n\n\n<p>Tulum, Quintana Roo, 21 de julio 2022.- Las autoridades de los tres \u00f3rdenes de gobierno dieron el banderazo de inicio del operativo \u201cVerano Seguro 2022\u201d en Tulum.<\/p>\n\n\n\n<p>En representaci\u00f3n del presidente municipal Marciano Dzul Caamal , el secretario general Jorge Alberto Portilla M\u00e1nica encabez\u00f3 el acto, en el que reconoci\u00f3 la coordinaci\u00f3n de las autoridades municipales, estatales y nacionales.<\/p>\n\n\n\n<p>\u201cHemos puesto la marca Tulum en el mundo y gracias a ello tenemos muchos visitantes nacionales y extranjeros. Y, por supuesto, de nuestros vecinos de Solidaridad y Felipe Carrillo Puerto, y los diferentes municipios de nuestro estado. Este operativo es para salvaguardar la integridad de todos y cada uno de los paseantes\u201d, expres\u00f3.<\/p>\n\n\n\n<p>El funcionario extendi\u00f3 de parte del edil un reconocimiento por su participaci\u00f3n en este importante operativo a la Guardia Nacional, la Sedena, la Marina, la Coordinaci\u00f3n Estatal de Protecci\u00f3n Civil, la Direcci\u00f3n de Salud, la Direcci\u00f3n de Turismo, la Secretar\u00eda de Seguridad P\u00fablica de Tulum y el H. Cuerpo de Bomberos.<\/p>\n\n\n\n<p>Dijo que a trav\u00e9s de \u201cVerano Seguro 2022\u201d se invitar\u00e1 a los vacacionistas a conducir con cuidado en la carretera 307 que en estos momentos est\u00e1 siendo modernizada, as\u00ed como a evitar combinar bebidas alcoh\u00f3licas con el volante, por el bien de las familias.<\/p>\n\n\n\n<p>Posteriormente ante los medios de comunicaci\u00f3n, la coordinadora de Protecci\u00f3n Civil municipal, Jessica Jaqueline Mart\u00ednez Barrios, refrend\u00f3 que con este operativo participar\u00e1n de manera activa para salvaguardar la integridad f\u00edsica de cada ciudadano.<\/p>\n\n\n\n<p>\u201cVamos a realizar operativos constantes en zonas de riesgo ubicadas en las playas, invitando a los ba\u00f1istas, visitantes, a cumplir con todas las indicaciones que marca Protecci\u00f3n Civil, adem\u00e1s, vamos activar filtros para salvaguardar la integridad f\u00edsica de todos\u201d, dijo.<\/p>\n\n\n\n<p>Participaron en el acto, la representante del coordinador estatal de Protecci\u00f3n Civil Regina Can Contreras y representantes de las fuerzas del orden de los tres niveles de gobierno.<\/p>\n\n\n\n<figure class=\"wp-block-image size-large\"><img loading=\"lazy\" decoding=\"async\" width=\"1024\" height=\"682\" src=\"http:\/\/vertienteglobal.com\/wp-content\/uploads\/2022\/07\/IMG-20220721-WA0071-1024x682.jpg\" alt=\"\" class=\"wp-image-203382\" srcset=\"http:\/\/vertienteglobal.com\/wp-content\/uploads\/2022\/07\/IMG-20220721-WA0071-1024x682.jpg 1024w, http:\/\/vertienteglobal.com\/wp-content\/uploads\/2022\/07\/IMG-20220721-WA0071-300x200.jpg 300w, http:\/\/vertienteglobal.com\/wp-content\/uploads\/2022\/07\/IMG-20220721-WA0071-150x100.jpg 150w, http:\/\/vertienteglobal.com\/wp-content\/uploads\/2022\/07\/IMG-20220721-WA0071-768x512.jpg 768w, http:\/\/vertienteglobal.com\/wp-content\/uploads\/2022\/07\/IMG-20220721-WA0071.jpg 1280w\" sizes=\"auto, (max-width: 1024px) 100vw, 1024px\" \/><\/figure>\n\n\n\n<figure class=\"wp-block-image size-large\"><img loading=\"lazy\" decoding=\"async\" width=\"1024\" height=\"682\" src=\"http:\/\/vertienteglobal.com\/wp-content\/uploads\/2022\/07\/IMG-20220721-WA0075-1024x682.jpg\" alt=\"\" class=\"wp-image-203383\" srcset=\"http:\/\/vertienteglobal.com\/wp-content\/uploads\/2022\/07\/IMG-20220721-WA0075-1024x682.jpg 1024w, http:\/\/vertienteglobal.com\/wp-content\/uploads\/2022\/07\/IMG-20220721-WA0075-300x200.jpg 300w, http:\/\/vertienteglobal.com\/wp-content\/uploads\/2022\/07\/IMG-20220721-WA0075-150x100.jpg 150w, http:\/\/vertienteglobal.com\/wp-content\/uploads\/2022\/07\/IMG-20220721-WA0075-768x512.jpg 768w, http:\/\/vertienteglobal.com\/wp-content\/uploads\/2022\/07\/IMG-20220721-WA0075.jpg 1280w\" sizes=\"auto, (max-width: 1024px) 100vw, 1024px\" \/><\/figure>\n\n\n\n<figure class=\"wp-block-image size-large\"><img loading=\"lazy\" decoding=\"async\" width=\"1024\" height=\"682\" src=\"http:\/\/vertienteglobal.com\/wp-content\/uploads\/2022\/07\/IMG-20220721-WA0077-1024x682.jpg\" alt=\"\" class=\"wp-image-203384\" srcset=\"http:\/\/vertienteglobal.com\/wp-content\/uploads\/2022\/07\/IMG-20220721-WA0077-1024x682.jpg 1024w, http:\/\/vertienteglobal.com\/wp-content\/uploads\/2022\/07\/IMG-20220721-WA0077-300x200.jpg 300w, http:\/\/vertienteglobal.com\/wp-content\/uploads\/2022\/07\/IMG-20220721-WA0077-150x100.jpg 150w, http:\/\/vertienteglobal.com\/wp-content\/uploads\/2022\/07\/IMG-20220721-WA0077-768x512.jpg 768w, http:\/\/vertienteglobal.com\/wp-content\/uploads\/2022\/07\/IMG-20220721-WA0077.jpg 1280w\" sizes=\"auto, (max-width: 1024px) 100vw, 1024px\" \/><\/figure>\n\n\n\n<figure class=\"wp-block-image size-large\"><img loading=\"lazy\" decoding=\"async\" width=\"1024\" height=\"682\" src=\"http:\/\/vertienteglobal.com\/wp-content\/uploads\/2022\/07\/IMG-20220721-WA0073-1024x682.jpg\" alt=\"\" class=\"wp-image-203385\" srcset=\"http:\/\/vertienteglobal.com\/wp-content\/uploads\/2022\/07\/IMG-20220721-WA0073-1024x682.jpg 1024w, http:\/\/vertienteglobal.com\/wp-content\/uploads\/2022\/07\/IMG-20220721-WA0073-300x200.jpg 300w, http:\/\/vertienteglobal.com\/wp-content\/uploads\/2022\/07\/IMG-20220721-WA0073-150x100.jpg 150w, http:\/\/vertienteglobal.com\/wp-content\/uploads\/2022\/07\/IMG-20220721-WA0073-768x512.jpg 768w, http:\/\/vertienteglobal.com\/wp-content\/uploads\/2022\/07\/IMG-20220721-WA0073.jpg 1280w\" sizes=\"auto, (max-width: 1024px) 100vw, 1024px\" \/><\/figure>\n\n\n\n<figure class=\"wp-block-image size-large\"><img loading=\"lazy\" decoding=\"async\" width=\"1024\" height=\"682\" src=\"http:\/\/vertienteglobal.com\/wp-content\/uploads\/2022\/07\/IMG-20220721-WA0076-1024x682.jpg\" alt=\"\" class=\"wp-image-203386\" srcset=\"http:\/\/vertienteglobal.com\/wp-content\/uploads\/2022\/07\/IMG-20220721-WA0076-1024x682.jpg 1024w, http:\/\/vertienteglobal.com\/wp-content\/uploads\/2022\/07\/IMG-20220721-WA0076-300x200.jpg 300w, http:\/\/vertienteglobal.com\/wp-content\/uploads\/2022\/07\/IMG-20220721-WA0076-150x100.jpg 150w, http:\/\/vertienteglobal.com\/wp-content\/uploads\/2022\/07\/IMG-20220721-WA0076-768x512.jpg 768w, http:\/\/vertienteglobal.com\/wp-content\/uploads\/2022\/07\/IMG-20220721-WA0076.jpg 1280w\" sizes=\"auto, (max-width: 1024px) 100vw, 1024px\" \/><\/figure>\n\n\n\n<figure class=\"wp-block-image size-large\"><img loading=\"lazy\" decoding=\"async\" width=\"682\" height=\"1024\" src=\"http:\/\/vertienteglobal.com\/wp-content\/uploads\/2022\/07\/IMG-20220721-WA0072-682x1024.jpg\" alt=\"\" class=\"wp-image-203387\" srcset=\"http:\/\/vertienteglobal.com\/wp-content\/uploads\/2022\/07\/IMG-20220721-WA0072-682x1024.jpg 682w, http:\/\/vertienteglobal.com\/wp-content\/uploads\/2022\/07\/IMG-20220721-WA0072-200x300.jpg 200w, http:\/\/vertienteglobal.com\/wp-content\/uploads\/2022\/07\/IMG-20220721-WA0072-100x150.jpg 100w, http:\/\/vertienteglobal.com\/wp-content\/uploads\/2022\/07\/IMG-20220721-WA0072-768x1152.jpg 768w, http:\/\/vertienteglobal.com\/wp-content\/uploads\/2022\/07\/IMG-20220721-WA0072.jpg 853w\" sizes=\"auto, (max-width: 682px) 100vw, 682px\" \/><\/figure>\n","protected":false},"excerpt":{"rendered":"<p>(Antonio Rivera) El secretario general Jorge Alberto Portilla M\u00e1nica encabez\u00f3 el acto, en el que reconoci\u00f3 la coordinaci\u00f3n de las autoridades municipales, estatales y nacionales Tulum, Quintana Roo, 21 de julio 2022.- Las autoridades de los tres \u00f3rdenes de gobierno dieron el banderazo de inicio del operativo \u201cVerano Seguro 2022\u201d en Tulum. En representaci\u00f3n del [&hellip;]<\/p>\n","protected":false},"author":1,"featured_media":203381,"comment_status":"open","ping_status":"open","sticky":false,"template":"","format":"standard","meta":{"footnotes":""},"categories":[3],"tags":[],"class_list":["post-203380","post","type-post","status-publish","format-standard","has-post-thumbnail","hentry","category-quintana-roo","entry","has-media"],"jetpack_featured_media_url":"http:\/\/vertienteglobal.com\/wp-content\/uploads\/2022\/07\/IMG-20220721-WA0078.jpg","_links":{"self":[{"href":"http:\/\/vertienteglobal.com\/index.php?rest_route=\/wp\/v2\/posts\/203380","targetHints":{"allow":["GET"]}}],"collection":[{"href":"http:\/\/vertienteglobal.com\/index.php?rest_route=\/wp\/v2\/posts"}],"about":[{"href":"http:\/\/vertienteglobal.com\/index.php?rest_route=\/wp\/v2\/types\/post"}],"author":[{"embeddable":true,"href":"http:\/\/vertienteglobal.com\/index.php?rest_route=\/wp\/v2\/users\/1"}],"replies":[{"embeddable":true,"href":"http:\/\/vertienteglobal.com\/index.php?rest_route=%2Fwp%2Fv2%2Fcomments&post=203380"}],"version-history":[{"count":0,"href":"http:\/\/vertienteglobal.com\/index.php?rest_route=\/wp\/v2\/posts\/203380\/revisions"}],"wp:featuredmedia":[{"embeddable":true,"href":"http:\/\/vertienteglobal.com\/index.php?rest_route=\/wp\/v2\/media\/203381"}],"wp:attachment":[{"href":"http:\/\/vertienteglobal.com\/index.php?rest_route=%2Fwp%2Fv2%2Fmedia&parent=203380"}],"wp:term":[{"taxonomy":"category","embeddable":true,"href":"http:\/\/vertienteglobal.com\/index.php?rest_route=%2Fwp%2Fv2%2Fcategories&post=203380"},{"taxonomy":"post_tag","embeddable":true,"href":"http:\/\/vertienteglobal.com\/index.php?rest_route=%2Fwp%2Fv2%2Ftags&post=203380"}],"curies":[{"name":"wp","href":"https:\/\/api.w.org\/{rel}","templated":true}]}}