{"id":203299,"date":"2022-07-14T14:24:00","date_gmt":"2022-07-14T19:24:00","guid":{"rendered":"http:\/\/vertienteglobal.com\/?p=203299"},"modified":"2022-07-14T18:30:58","modified_gmt":"2022-07-14T23:30:58","slug":"continua-trabajo-coordinado-frente-a-importantes-obras-en-cancun","status":"publish","type":"post","link":"http:\/\/vertienteglobal.com\/?p=203299","title":{"rendered":"Contin\u00faa trabajo coordinado frente a importantes obras en Canc\u00fan"},"content":{"rendered":"\n<div class=\"twitterbutton\" style=\"float: right; padding-left: 5px;\"><a href=\"http:\/\/twitter.com\/share\" class=\"twitter-share-button\" data-count=\"horizontal\" data-text=\"Contin\u00faa trabajo coordinado frente a importantes obras en Canc\u00fan\" data-via=\"https:\/\/twitter.com\/VertienteGloba1\" data-url=\"http:\/\/vertienteglobal.com\/?p=203299\" data-lang=\"es\" data-related=\"Informaci\u00f3n general:S\u00edguenos para que est\u00e9ss informado\"><\/a><\/div>\n<figure class=\"wp-block-image size-large\"><img loading=\"lazy\" decoding=\"async\" width=\"1024\" height=\"576\" src=\"http:\/\/vertienteglobal.com\/wp-content\/uploads\/2022\/07\/BYVY2a0n-03.jpg\" alt=\"\" class=\"wp-image-203300\" srcset=\"http:\/\/vertienteglobal.com\/wp-content\/uploads\/2022\/07\/BYVY2a0n-03.jpg 1024w, http:\/\/vertienteglobal.com\/wp-content\/uploads\/2022\/07\/BYVY2a0n-03-300x169.jpg 300w, http:\/\/vertienteglobal.com\/wp-content\/uploads\/2022\/07\/BYVY2a0n-03-150x84.jpg 150w, http:\/\/vertienteglobal.com\/wp-content\/uploads\/2022\/07\/BYVY2a0n-03-768x432.jpg 768w\" sizes=\"auto, (max-width: 1024px) 100vw, 1024px\" \/><\/figure>\n\n\n\n<p>(Redacci\u00f3n)<\/p>\n\n\n\n<p>Titulares de diversas dependencias del Ayuntamiento de Benito Ju\u00e1rez suman esfuerzos para dirigir las acciones informativas, preventivas y de operaci\u00f3n, previo al pronto inicio de trabajos f\u00edsicos tanto de la Colosio como del Puente Vehicular Nichupt\u00e9<\/p>\n\n\n\n<p>Canc\u00fan, Quintana Roo, 14 de julio de 2022.-&nbsp;Autoridades de los tres niveles de gobierno en coordinaci\u00f3n con las empresas encargadas de los trabajos de rehabilitaci\u00f3n del boulevard Luis Donaldo Colosio, as\u00ed como de la modernizaci\u00f3n del entronque del Aeropuerto Internacional de Canc\u00fan y la construcci\u00f3n del Puente Vehicular Nichupt\u00e9 contin\u00faan realizando mesas de trabajo para el an\u00e1lisis y creaci\u00f3n de estrategias para reducir el impacto que podr\u00edan ocasionar estas importante obras para el destino.<\/p>\n\n\n\n<p>En estas sesiones semanales, encabezadas por la Secretar\u00eda de Infraestructura, Comunicaciones y Transporte (SICT), titulares de diversas dependencias del Ayuntamiento de Benito Ju\u00e1rez suman esfuerzos para dirigir las acciones informativas, preventivas y de operaci\u00f3n, previo al pronto inicio de trabajos f\u00edsicos tanto de la Colosio como del Puente Vehicular Nichupt\u00e9.<\/p>\n\n\n\n<p>Por parte del gobierno municipal, durante la \u00faltima reuni\u00f3n, se presentaron los trabajos realizados para dar mantenimiento a las posibles v\u00edas alternas que permitir\u00e1n desahogar la carga vehicular en cuanto comiencen los trabajos de rehabilitaci\u00f3n del Blvd. Colosio y las cuales se dar\u00e1n a conocer por medios oficiales en los pr\u00f3ximos d\u00edas.<\/p>\n\n\n\n<p>Adem\u00e1s, las autoridades reiteraron que el avance de la rehabilitaci\u00f3n de la entrada a Canc\u00fan, se realizar\u00e1 por tramos de 1.5 kil\u00f3metros, comenzando desde la zona sur en direcci\u00f3n al centro de la ciudad.<\/p>\n\n\n\n<p>Cabe se\u00f1alar que adem\u00e1s de los expertos del Gobierno de M\u00e9xico, el Ayuntamiento de Benito Ju\u00e1rez y las empresas CEMEX, ICA y Canteras Peninsulares; tambi\u00e9n las empresas encargadas de brindar servicios de agua, energ\u00eda el\u00e9ctrica, gas, internet, televisi\u00f3n y telefon\u00eda, colaborar en sinergia para que el impacto a la ciudadan\u00eda sea el menor.<\/p>\n\n\n\n<figure class=\"wp-block-image size-large\"><img loading=\"lazy\" decoding=\"async\" width=\"1024\" height=\"576\" src=\"http:\/\/vertienteglobal.com\/wp-content\/uploads\/2022\/07\/GnGPVOHP-01.jpg\" alt=\"\" class=\"wp-image-203301\" srcset=\"http:\/\/vertienteglobal.com\/wp-content\/uploads\/2022\/07\/GnGPVOHP-01.jpg 1024w, http:\/\/vertienteglobal.com\/wp-content\/uploads\/2022\/07\/GnGPVOHP-01-300x169.jpg 300w, http:\/\/vertienteglobal.com\/wp-content\/uploads\/2022\/07\/GnGPVOHP-01-150x84.jpg 150w, http:\/\/vertienteglobal.com\/wp-content\/uploads\/2022\/07\/GnGPVOHP-01-768x432.jpg 768w\" sizes=\"auto, (max-width: 1024px) 100vw, 1024px\" \/><\/figure>\n\n\n\n<figure class=\"wp-block-image size-large\"><img loading=\"lazy\" decoding=\"async\" width=\"1024\" height=\"576\" src=\"http:\/\/vertienteglobal.com\/wp-content\/uploads\/2022\/07\/DRJPyayC-04.jpg\" alt=\"\" class=\"wp-image-203302\" srcset=\"http:\/\/vertienteglobal.com\/wp-content\/uploads\/2022\/07\/DRJPyayC-04.jpg 1024w, http:\/\/vertienteglobal.com\/wp-content\/uploads\/2022\/07\/DRJPyayC-04-300x169.jpg 300w, http:\/\/vertienteglobal.com\/wp-content\/uploads\/2022\/07\/DRJPyayC-04-150x84.jpg 150w, http:\/\/vertienteglobal.com\/wp-content\/uploads\/2022\/07\/DRJPyayC-04-768x432.jpg 768w\" sizes=\"auto, (max-width: 1024px) 100vw, 1024px\" \/><\/figure>\n\n\n\n<figure class=\"wp-block-image size-large\"><img loading=\"lazy\" decoding=\"async\" width=\"1024\" height=\"576\" src=\"http:\/\/vertienteglobal.com\/wp-content\/uploads\/2022\/07\/VoNsVM0z-02.jpg\" alt=\"\" class=\"wp-image-203303\" srcset=\"http:\/\/vertienteglobal.com\/wp-content\/uploads\/2022\/07\/VoNsVM0z-02.jpg 1024w, http:\/\/vertienteglobal.com\/wp-content\/uploads\/2022\/07\/VoNsVM0z-02-300x169.jpg 300w, http:\/\/vertienteglobal.com\/wp-content\/uploads\/2022\/07\/VoNsVM0z-02-150x84.jpg 150w, http:\/\/vertienteglobal.com\/wp-content\/uploads\/2022\/07\/VoNsVM0z-02-768x432.jpg 768w\" sizes=\"auto, (max-width: 1024px) 100vw, 1024px\" \/><\/figure>\n","protected":false},"excerpt":{"rendered":"<p>(Redacci\u00f3n) Titulares de diversas dependencias del Ayuntamiento de Benito Ju\u00e1rez suman esfuerzos para dirigir las acciones informativas, preventivas y de operaci\u00f3n, previo al pronto inicio de trabajos f\u00edsicos tanto de la Colosio como del Puente Vehicular Nichupt\u00e9 Canc\u00fan, Quintana Roo, 14 de julio de 2022.-&nbsp;Autoridades de los tres niveles de gobierno en coordinaci\u00f3n con las [&hellip;]<\/p>\n","protected":false},"author":1,"featured_media":203300,"comment_status":"open","ping_status":"open","sticky":false,"template":"","format":"standard","meta":{"footnotes":""},"categories":[3],"tags":[],"class_list":["post-203299","post","type-post","status-publish","format-standard","has-post-thumbnail","hentry","category-quintana-roo","entry","has-media"],"jetpack_featured_media_url":"http:\/\/vertienteglobal.com\/wp-content\/uploads\/2022\/07\/BYVY2a0n-03.jpg","_links":{"self":[{"href":"http:\/\/vertienteglobal.com\/index.php?rest_route=\/wp\/v2\/posts\/203299","targetHints":{"allow":["GET"]}}],"collection":[{"href":"http:\/\/vertienteglobal.com\/index.php?rest_route=\/wp\/v2\/posts"}],"about":[{"href":"http:\/\/vertienteglobal.com\/index.php?rest_route=\/wp\/v2\/types\/post"}],"author":[{"embeddable":true,"href":"http:\/\/vertienteglobal.com\/index.php?rest_route=\/wp\/v2\/users\/1"}],"replies":[{"embeddable":true,"href":"http:\/\/vertienteglobal.com\/index.php?rest_route=%2Fwp%2Fv2%2Fcomments&post=203299"}],"version-history":[{"count":0,"href":"http:\/\/vertienteglobal.com\/index.php?rest_route=\/wp\/v2\/posts\/203299\/revisions"}],"wp:featuredmedia":[{"embeddable":true,"href":"http:\/\/vertienteglobal.com\/index.php?rest_route=\/wp\/v2\/media\/203300"}],"wp:attachment":[{"href":"http:\/\/vertienteglobal.com\/index.php?rest_route=%2Fwp%2Fv2%2Fmedia&parent=203299"}],"wp:term":[{"taxonomy":"category","embeddable":true,"href":"http:\/\/vertienteglobal.com\/index.php?rest_route=%2Fwp%2Fv2%2Fcategories&post=203299"},{"taxonomy":"post_tag","embeddable":true,"href":"http:\/\/vertienteglobal.com\/index.php?rest_route=%2Fwp%2Fv2%2Ftags&post=203299"}],"curies":[{"name":"wp","href":"https:\/\/api.w.org\/{rel}","templated":true}]}}