{"id":203282,"date":"2022-07-14T12:24:00","date_gmt":"2022-07-14T17:24:00","guid":{"rendered":"http:\/\/vertienteglobal.com\/?p=203282"},"modified":"2022-07-14T13:51:58","modified_gmt":"2022-07-14T18:51:58","slug":"daniel-habif-regresa-a-cancun-como-parte-de-su-gira-mundial","status":"publish","type":"post","link":"http:\/\/vertienteglobal.com\/?p=203282","title":{"rendered":"Daniel Habif regresa a Canc\u00fan como parte de su gira mundial"},"content":{"rendered":"\n<div class=\"twitterbutton\" style=\"float: right; padding-left: 5px;\"><a href=\"http:\/\/twitter.com\/share\" class=\"twitter-share-button\" data-count=\"horizontal\" data-text=\"Daniel Habif regresa a Canc\u00fan como parte de su gira mundial\" data-via=\"https:\/\/twitter.com\/VertienteGloba1\" data-url=\"http:\/\/vertienteglobal.com\/?p=203282\" data-lang=\"es\" data-related=\"Informaci\u00f3n general:S\u00edguenos para que est\u00e9ss informado\"><\/a><\/div>\n<figure class=\"wp-block-image size-large\"><img loading=\"lazy\" decoding=\"async\" width=\"1024\" height=\"1024\" src=\"http:\/\/vertienteglobal.com\/wp-content\/uploads\/2022\/07\/IMG-20220714-WA0063-1024x1024.jpg\" alt=\"\" class=\"wp-image-203283\" srcset=\"http:\/\/vertienteglobal.com\/wp-content\/uploads\/2022\/07\/IMG-20220714-WA0063-1024x1024.jpg 1024w, http:\/\/vertienteglobal.com\/wp-content\/uploads\/2022\/07\/IMG-20220714-WA0063-300x300.jpg 300w, http:\/\/vertienteglobal.com\/wp-content\/uploads\/2022\/07\/IMG-20220714-WA0063-150x150.jpg 150w, http:\/\/vertienteglobal.com\/wp-content\/uploads\/2022\/07\/IMG-20220714-WA0063-768x768.jpg 768w, http:\/\/vertienteglobal.com\/wp-content\/uploads\/2022\/07\/IMG-20220714-WA0063.jpg 1080w\" sizes=\"auto, (max-width: 1024px) 100vw, 1024px\" \/><\/figure>\n\n\n\n<p>(Antonio Rivera)<\/p>\n\n\n\n<p>En una co promoci\u00f3n de \u201cPoti G\u00f3mez Presenta\u201d y \u201cJazo Producciones\u201d en el Oasis Arena de la zona hotelera de Canc\u00fan la sede de esta experiencia \u00fanica que te har\u00e1 despertar<\/p>\n\n\n\n<p>Canc\u00fan, Quintana Roo 14 de julio 2022.- El empresario Poti G\u00f3mez confirma el regreso del Conferencista Internacional el pr\u00f3ximo 6 de Noviembre al Oasis Arena Canc\u00fan.<\/p>\n\n\n\n<p>Daniel Habif, el conferencista mas influyente de Am\u00e9rica, orador y escritor con mas de 500 conferencias y un alcance a billones de personas en sus redes sociales llegar\u00e1 con su nuevo tour \u201cRUGE\u201d a este destino tur\u00edstico.<\/p>\n\n\n\n<p>En una co promoci\u00f3n de \u201cPoti G\u00f3mez Presenta\u201d y \u201cJazo Producciones\u201d en el Oasis Arena de la zona hotelera de Canc\u00fan la sede de esta experiencia \u00fanica que te har\u00e1 despertar.<\/p>\n\n\n\n<p>Cabe resaltar que en Febrero del 2020, Daniel Habif se present\u00f3 en ese mismo escenario con su pasada gira \u2018Inquebrantables\u2019 que logr\u00f3 una gran venta de boletos haciendo un \u201cSold Out\u201d total.<\/p>\n\n\n\n<p>Los boletos ya est\u00e1n a la venta por medio de la plataforma ETicket.com Y en puntos f\u00edsicos de venta; Tiendas Chapur y taquillas de la Plaza de Toros Canc\u00fan.<\/p>\n","protected":false},"excerpt":{"rendered":"<p>(Antonio Rivera) En una co promoci\u00f3n de \u201cPoti G\u00f3mez Presenta\u201d y \u201cJazo Producciones\u201d en el Oasis Arena de la zona hotelera de Canc\u00fan la sede de esta experiencia \u00fanica que te har\u00e1 despertar Canc\u00fan, Quintana Roo 14 de julio 2022.- El empresario Poti G\u00f3mez confirma el regreso del Conferencista Internacional el pr\u00f3ximo 6 de Noviembre [&hellip;]<\/p>\n","protected":false},"author":1,"featured_media":203283,"comment_status":"open","ping_status":"open","sticky":false,"template":"","format":"standard","meta":{"footnotes":""},"categories":[10,3],"tags":[],"class_list":["post-203282","post","type-post","status-publish","format-standard","has-post-thumbnail","hentry","category-espectaculos","category-quintana-roo","entry","has-media"],"jetpack_featured_media_url":"http:\/\/vertienteglobal.com\/wp-content\/uploads\/2022\/07\/IMG-20220714-WA0063.jpg","_links":{"self":[{"href":"http:\/\/vertienteglobal.com\/index.php?rest_route=\/wp\/v2\/posts\/203282","targetHints":{"allow":["GET"]}}],"collection":[{"href":"http:\/\/vertienteglobal.com\/index.php?rest_route=\/wp\/v2\/posts"}],"about":[{"href":"http:\/\/vertienteglobal.com\/index.php?rest_route=\/wp\/v2\/types\/post"}],"author":[{"embeddable":true,"href":"http:\/\/vertienteglobal.com\/index.php?rest_route=\/wp\/v2\/users\/1"}],"replies":[{"embeddable":true,"href":"http:\/\/vertienteglobal.com\/index.php?rest_route=%2Fwp%2Fv2%2Fcomments&post=203282"}],"version-history":[{"count":0,"href":"http:\/\/vertienteglobal.com\/index.php?rest_route=\/wp\/v2\/posts\/203282\/revisions"}],"wp:featuredmedia":[{"embeddable":true,"href":"http:\/\/vertienteglobal.com\/index.php?rest_route=\/wp\/v2\/media\/203283"}],"wp:attachment":[{"href":"http:\/\/vertienteglobal.com\/index.php?rest_route=%2Fwp%2Fv2%2Fmedia&parent=203282"}],"wp:term":[{"taxonomy":"category","embeddable":true,"href":"http:\/\/vertienteglobal.com\/index.php?rest_route=%2Fwp%2Fv2%2Fcategories&post=203282"},{"taxonomy":"post_tag","embeddable":true,"href":"http:\/\/vertienteglobal.com\/index.php?rest_route=%2Fwp%2Fv2%2Ftags&post=203282"}],"curies":[{"name":"wp","href":"https:\/\/api.w.org\/{rel}","templated":true}]}}