{"id":203241,"date":"2022-07-13T18:51:24","date_gmt":"2022-07-13T23:51:24","guid":{"rendered":"http:\/\/vertienteglobal.com\/?p=203241"},"modified":"2022-07-14T11:54:41","modified_gmt":"2022-07-14T16:54:41","slug":"fundacion-danxica-presenta-en-cancun-humedal","status":"publish","type":"post","link":"http:\/\/vertienteglobal.com\/?p=203241","title":{"rendered":"Fundaci\u00f3n Danxica presenta en Canc\u00fan, Humedal"},"content":{"rendered":"\n<div class=\"twitterbutton\" style=\"float: right; padding-left: 5px;\"><a href=\"http:\/\/twitter.com\/share\" class=\"twitter-share-button\" data-count=\"horizontal\" data-text=\"Fundaci\u00f3n Danxica presenta en Canc\u00fan, Humedal\" data-via=\"https:\/\/twitter.com\/VertienteGloba1\" data-url=\"http:\/\/vertienteglobal.com\/?p=203241\" data-lang=\"es\" data-related=\"Informaci\u00f3n general:S\u00edguenos para que est\u00e9ss informado\"><\/a><\/div>\n<figure class=\"wp-block-image size-large\"><img loading=\"lazy\" decoding=\"async\" width=\"1024\" height=\"461\" src=\"http:\/\/vertienteglobal.com\/wp-content\/uploads\/2022\/07\/IMG-20220713-WA0086-1024x461.jpg\" alt=\"\" class=\"wp-image-203242\" srcset=\"http:\/\/vertienteglobal.com\/wp-content\/uploads\/2022\/07\/IMG-20220713-WA0086-1024x461.jpg 1024w, http:\/\/vertienteglobal.com\/wp-content\/uploads\/2022\/07\/IMG-20220713-WA0086-300x135.jpg 300w, http:\/\/vertienteglobal.com\/wp-content\/uploads\/2022\/07\/IMG-20220713-WA0086-150x68.jpg 150w, http:\/\/vertienteglobal.com\/wp-content\/uploads\/2022\/07\/IMG-20220713-WA0086-768x346.jpg 768w, http:\/\/vertienteglobal.com\/wp-content\/uploads\/2022\/07\/IMG-20220713-WA0086-1536x692.jpg 1536w, http:\/\/vertienteglobal.com\/wp-content\/uploads\/2022\/07\/IMG-20220713-WA0086.jpg 1600w\" sizes=\"auto, (max-width: 1024px) 100vw, 1024px\" \/><\/figure>\n\n\n\n<p>(Antonio Rivera)<\/p>\n\n\n\n<p>Pr\u00f3ximo estreno de HUMEDAL 23 de Julio 19 hrs en el Auditorio STOA de Canc\u00fan<\/p>\n\n\n\n<p>Canc\u00fan, Quintana Roo.-Humedal es una obra de danza contempor\u00e1nea que, a trav\u00e9s del movimiento, refleja las emociones de mujeres de diferentes edades, cuerpos, carreras e intereses en proceso de evoluci\u00f3n, transmitiendo la capacidad de encontrar en el interior la capacidad de transformaci\u00f3n y adaptaci\u00f3n.<\/p>\n\n\n\n<p>El t\u00edtulo elegido para esta pieza hace referencia a los humedales end\u00e9micos de Quintana Roo, ecosistemas h\u00edbridos cuyas funciones medioambientales y de supervivencia son fundamentales para el mantenimiento de la vida. Se establece as\u00ed un paralelismo entre estos ecosistemas y la propia existencia humana reflejada en la obra.<\/p>\n\n\n\n<p>Humedal pone en el panorama art\u00edstico internacional a M\u00e9xico a trav\u00e9s del apoyo que IBERESCENA 2022, programa de cooperaci\u00f3n Iberoamericana para las Artes Esc\u00e9nicas, concede a la Fundaci\u00f3n Danxica y su programa MAR (Mujer Arte y Resiliencia). MAR apoya, a trav\u00e9s de una combinaci\u00f3n de terapias, a mujeres en situaci\u00f3n de vulnerabilidad, siendo germen de lo que ser\u00e1 Humedal.<\/p>\n\n\n\n<p>La ayuda que IBERESCENA otorga est\u00e1 destinada a desarrollar una creaci\u00f3n en residencia que desembocar\u00e1 en lo que ya es Humedal, considerando que Iberescena es una de las instancias de apoyo m\u00e1s importante en Iberoam\u00e9rica, es destacable se\u00f1alar que este apoyo se da a los mejores proyectos propuestos a nivel internacional.<\/p>\n\n\n\n<p>Humedal es una idea original de Perla Paola S\u00e1nchez, una inspiraci\u00f3n de movimiento de Agustina Su\u00e1rez Adrover, con m\u00fasica original de Gast\u00f3n Artigas artistas en residencia internacional.<\/p>\n\n\n\n<p>Para el elenco del proyecto se lanz\u00f3 una convocatoria abierta en el estado de Quintana Roo, dando as\u00ed oportunidad a mujeres artistas locales que son las que finalmente protagonizan la obra.<\/p>\n\n\n\n<p>El elenco est\u00e1 conformado por: Abigail Soqui, Paola Cort\u00e9z, Mariath Pons, Adanely Horta y Perla Paola S\u00e1nchez. En la producci\u00f3n hay artistas locales colaborando como Jose Rocha, Manolo Valencia, Erick Sommet, Oscar Lopez.<br>Humedal no dejar\u00e1 indiferente a nadie, constituy\u00e9ndose en una cita obligada al significarse como apuesta y oportunidad por mostrar la riqueza de creaci\u00f3n y el talento local.<\/p>\n\n\n\n<p>Para mayor informaci\u00f3n sobre programas: fundaciondanxica@gmail.com \/ 9981479297<br>@danxicadance. Facebook \/ @danxica internacional Youtube<\/p>\n\n\n\n<figure class=\"wp-block-image size-large\"><img loading=\"lazy\" decoding=\"async\" width=\"1024\" height=\"461\" src=\"http:\/\/vertienteglobal.com\/wp-content\/uploads\/2022\/07\/IMG-20220713-WA0085-1024x461.jpg\" alt=\"\" class=\"wp-image-203243\" srcset=\"http:\/\/vertienteglobal.com\/wp-content\/uploads\/2022\/07\/IMG-20220713-WA0085-1024x461.jpg 1024w, http:\/\/vertienteglobal.com\/wp-content\/uploads\/2022\/07\/IMG-20220713-WA0085-300x135.jpg 300w, http:\/\/vertienteglobal.com\/wp-content\/uploads\/2022\/07\/IMG-20220713-WA0085-150x68.jpg 150w, http:\/\/vertienteglobal.com\/wp-content\/uploads\/2022\/07\/IMG-20220713-WA0085-768x346.jpg 768w, http:\/\/vertienteglobal.com\/wp-content\/uploads\/2022\/07\/IMG-20220713-WA0085-1536x692.jpg 1536w, http:\/\/vertienteglobal.com\/wp-content\/uploads\/2022\/07\/IMG-20220713-WA0085.jpg 1600w\" sizes=\"auto, (max-width: 1024px) 100vw, 1024px\" \/><\/figure>\n","protected":false},"excerpt":{"rendered":"<p>(Antonio Rivera) Pr\u00f3ximo estreno de HUMEDAL 23 de Julio 19 hrs en el Auditorio STOA de Canc\u00fan Canc\u00fan, Quintana Roo.-Humedal es una obra de danza contempor\u00e1nea que, a trav\u00e9s del movimiento, refleja las emociones de mujeres de diferentes edades, cuerpos, carreras e intereses en proceso de evoluci\u00f3n, transmitiendo la capacidad de encontrar en el interior [&hellip;]<\/p>\n","protected":false},"author":1,"featured_media":203243,"comment_status":"open","ping_status":"open","sticky":false,"template":"","format":"standard","meta":{"footnotes":""},"categories":[10,3],"tags":[],"class_list":["post-203241","post","type-post","status-publish","format-standard","has-post-thumbnail","hentry","category-espectaculos","category-quintana-roo","entry","has-media"],"jetpack_featured_media_url":"http:\/\/vertienteglobal.com\/wp-content\/uploads\/2022\/07\/IMG-20220713-WA0085.jpg","_links":{"self":[{"href":"http:\/\/vertienteglobal.com\/index.php?rest_route=\/wp\/v2\/posts\/203241","targetHints":{"allow":["GET"]}}],"collection":[{"href":"http:\/\/vertienteglobal.com\/index.php?rest_route=\/wp\/v2\/posts"}],"about":[{"href":"http:\/\/vertienteglobal.com\/index.php?rest_route=\/wp\/v2\/types\/post"}],"author":[{"embeddable":true,"href":"http:\/\/vertienteglobal.com\/index.php?rest_route=\/wp\/v2\/users\/1"}],"replies":[{"embeddable":true,"href":"http:\/\/vertienteglobal.com\/index.php?rest_route=%2Fwp%2Fv2%2Fcomments&post=203241"}],"version-history":[{"count":0,"href":"http:\/\/vertienteglobal.com\/index.php?rest_route=\/wp\/v2\/posts\/203241\/revisions"}],"wp:featuredmedia":[{"embeddable":true,"href":"http:\/\/vertienteglobal.com\/index.php?rest_route=\/wp\/v2\/media\/203243"}],"wp:attachment":[{"href":"http:\/\/vertienteglobal.com\/index.php?rest_route=%2Fwp%2Fv2%2Fmedia&parent=203241"}],"wp:term":[{"taxonomy":"category","embeddable":true,"href":"http:\/\/vertienteglobal.com\/index.php?rest_route=%2Fwp%2Fv2%2Fcategories&post=203241"},{"taxonomy":"post_tag","embeddable":true,"href":"http:\/\/vertienteglobal.com\/index.php?rest_route=%2Fwp%2Fv2%2Ftags&post=203241"}],"curies":[{"name":"wp","href":"https:\/\/api.w.org\/{rel}","templated":true}]}}