{"id":203231,"date":"2022-07-12T12:42:00","date_gmt":"2022-07-12T17:42:00","guid":{"rendered":"http:\/\/vertienteglobal.com\/?p=203231"},"modified":"2022-07-12T13:27:29","modified_gmt":"2022-07-12T18:27:29","slug":"pronostican-temperaturas-calurosas-para-yucatan","status":"publish","type":"post","link":"http:\/\/vertienteglobal.com\/?p=203231","title":{"rendered":"Pronostican temperaturas calurosas para Yucat\u00e1n"},"content":{"rendered":"\n<div class=\"twitterbutton\" style=\"float: right; padding-left: 5px;\"><a href=\"http:\/\/twitter.com\/share\" class=\"twitter-share-button\" data-count=\"horizontal\" data-text=\"Pronostican temperaturas calurosas para Yucat\u00e1n\" data-via=\"https:\/\/twitter.com\/VertienteGloba1\" data-url=\"http:\/\/vertienteglobal.com\/?p=203231\" data-lang=\"es\" data-related=\"Informaci\u00f3n general:S\u00edguenos para que est\u00e9ss informado\"><\/a><\/div>\n<figure class=\"wp-block-image size-large\"><img loading=\"lazy\" decoding=\"async\" width=\"700\" height=\"471\" src=\"http:\/\/vertienteglobal.com\/wp-content\/uploads\/2022\/07\/calor-merida_12.jpg\" alt=\"\" class=\"wp-image-203232\" srcset=\"http:\/\/vertienteglobal.com\/wp-content\/uploads\/2022\/07\/calor-merida_12.jpg 700w, http:\/\/vertienteglobal.com\/wp-content\/uploads\/2022\/07\/calor-merida_12-300x202.jpg 300w, http:\/\/vertienteglobal.com\/wp-content\/uploads\/2022\/07\/calor-merida_12-150x101.jpg 150w\" sizes=\"auto, (max-width: 700px) 100vw, 700px\" \/><\/figure>\n\n\n\n<p>(Redacci\u00f3n)<\/p>\n\n\n\n<p>Con el paso de los d\u00edas las temperaturas aumentar\u00e1n debido a la Can\u00edcula<\/p>\n\n\n\n<p>M\u00c9RIDA, Yucat\u00e1n., 12 julio 2022.- Este martes 12 de julio, el clima en Yucat\u00e1n ser\u00e1 lluvioso y con calor debido a la llegada de una nueva onda tropical a la Pen\u00ednsula de Yucat\u00e1n.<\/p>\n\n\n\n<p>La onda tropical estar\u00e1 generando incremento de nublados y probabilidad para chubascos en zonas del centro, sur y noroeste de Yucat\u00e1n.<\/p>\n\n\n\n<p>El ambiente ser\u00e1 caluroso a muy caluroso en el d\u00eda y c\u00e1lido en la noche con viento de direcci\u00f3n este-sureste cambiando al noreste de 15 a 25 km\/h y rachas de 40 km\/h en zonas de costa.<\/p>\n\n\n\n<p>Se acerca la can\u00edcula<br>En las \u00faltimas semanas se han presentado lluvias de manera intermitente en la Pen\u00ednsula de Yucat\u00e1n, sin embargo, a partir de esta semana las precipitaciones ir\u00e1n decreciendo y el bochorno ir\u00e1 en aumento.<\/p>\n\n\n\n<p>Esto se da en el marco de un fen\u00f3meno propio de esta \u00e9poca del a\u00f1o conocido como la can\u00edcula, que inicia a mediados de julio y puede durar de 15 a 30 d\u00edas.<\/p>\n\n\n\n<p>Se debe a que de manera temporal comienza a haber un dominio anticicl\u00f3nico en la zona.<\/p>\n\n\n\n<p>Mucha gente cree que la can\u00edcula es la \u00e9poca de mayor calor del a\u00f1o, pero no es as\u00ed. Suele haber m\u00e1s altas temperaturas en abril y mayo.<\/p>\n\n\n\n<p>Otra cosa que hay que aclarar es que en la can\u00edcula no deja de llover por completo, sin que las precipitaciones son bastante aisladas, pero existen.<\/p>\n\n\n\n<p>En todo caso hay que tomar muy en cuenta este fen\u00f3meno, pues en ciertos casos las sensaciones t\u00e9rmicas pueden alcanzar e incluso superar los 50 grados. (Fuente: Novedades Yucat\u00e1n)<\/p>\n","protected":false},"excerpt":{"rendered":"<p>(Redacci\u00f3n) Con el paso de los d\u00edas las temperaturas aumentar\u00e1n debido a la Can\u00edcula M\u00c9RIDA, Yucat\u00e1n., 12 julio 2022.- Este martes 12 de julio, el clima en Yucat\u00e1n ser\u00e1 lluvioso y con calor debido a la llegada de una nueva onda tropical a la Pen\u00ednsula de Yucat\u00e1n. La onda tropical estar\u00e1 generando incremento de nublados [&hellip;]<\/p>\n","protected":false},"author":1,"featured_media":203232,"comment_status":"open","ping_status":"open","sticky":false,"template":"","format":"standard","meta":{"footnotes":""},"categories":[2],"tags":[],"class_list":["post-203231","post","type-post","status-publish","format-standard","has-post-thumbnail","hentry","category-yucatan","entry","has-media"],"jetpack_featured_media_url":"http:\/\/vertienteglobal.com\/wp-content\/uploads\/2022\/07\/calor-merida_12.jpg","_links":{"self":[{"href":"http:\/\/vertienteglobal.com\/index.php?rest_route=\/wp\/v2\/posts\/203231","targetHints":{"allow":["GET"]}}],"collection":[{"href":"http:\/\/vertienteglobal.com\/index.php?rest_route=\/wp\/v2\/posts"}],"about":[{"href":"http:\/\/vertienteglobal.com\/index.php?rest_route=\/wp\/v2\/types\/post"}],"author":[{"embeddable":true,"href":"http:\/\/vertienteglobal.com\/index.php?rest_route=\/wp\/v2\/users\/1"}],"replies":[{"embeddable":true,"href":"http:\/\/vertienteglobal.com\/index.php?rest_route=%2Fwp%2Fv2%2Fcomments&post=203231"}],"version-history":[{"count":0,"href":"http:\/\/vertienteglobal.com\/index.php?rest_route=\/wp\/v2\/posts\/203231\/revisions"}],"wp:featuredmedia":[{"embeddable":true,"href":"http:\/\/vertienteglobal.com\/index.php?rest_route=\/wp\/v2\/media\/203232"}],"wp:attachment":[{"href":"http:\/\/vertienteglobal.com\/index.php?rest_route=%2Fwp%2Fv2%2Fmedia&parent=203231"}],"wp:term":[{"taxonomy":"category","embeddable":true,"href":"http:\/\/vertienteglobal.com\/index.php?rest_route=%2Fwp%2Fv2%2Fcategories&post=203231"},{"taxonomy":"post_tag","embeddable":true,"href":"http:\/\/vertienteglobal.com\/index.php?rest_route=%2Fwp%2Fv2%2Ftags&post=203231"}],"curies":[{"name":"wp","href":"https:\/\/api.w.org\/{rel}","templated":true}]}}