{"id":203097,"date":"2022-07-07T13:54:18","date_gmt":"2022-07-07T18:54:18","guid":{"rendered":"http:\/\/vertienteglobal.com\/?p=203097"},"modified":"2022-07-09T15:55:47","modified_gmt":"2022-07-09T20:55:47","slug":"destinos-emblematicos-del-mundo-maya-se-uniran-con-la-nueva-ruta-merida-flores-de-tag-airlines","status":"publish","type":"post","link":"http:\/\/vertienteglobal.com\/?p=203097","title":{"rendered":"Destinos emblem\u00e1ticos del Mundo Maya se unir\u00e1n, con la nueva ruta M\u00e9rida-Flores de TAG Airlines"},"content":{"rendered":"\n<div class=\"twitterbutton\" style=\"float: right; padding-left: 5px;\"><a href=\"http:\/\/twitter.com\/share\" class=\"twitter-share-button\" data-count=\"horizontal\" data-text=\"Destinos emblem\u00e1ticos del Mundo Maya se unir\u00e1n, con la nueva ruta M\u00e9rida-Flor...\" data-via=\"https:\/\/twitter.com\/VertienteGloba1\" data-url=\"http:\/\/vertienteglobal.com\/?p=203097\" data-lang=\"es\" data-related=\"Informaci\u00f3n general:S\u00edguenos para que est\u00e9ss informado\"><\/a><\/div>\n<figure class=\"wp-block-image size-large\"><img loading=\"lazy\" decoding=\"async\" width=\"660\" height=\"330\" src=\"http:\/\/vertienteglobal.com\/wp-content\/uploads\/2022\/07\/IMG-20220707-WA0025-660x330-1.jpg\" alt=\"\" class=\"wp-image-203098\" srcset=\"http:\/\/vertienteglobal.com\/wp-content\/uploads\/2022\/07\/IMG-20220707-WA0025-660x330-1.jpg 660w, http:\/\/vertienteglobal.com\/wp-content\/uploads\/2022\/07\/IMG-20220707-WA0025-660x330-1-300x150.jpg 300w, http:\/\/vertienteglobal.com\/wp-content\/uploads\/2022\/07\/IMG-20220707-WA0025-660x330-1-150x75.jpg 150w\" sizes=\"auto, (max-width: 660px) 100vw, 660px\" \/><\/figure>\n\n\n\n<p>(Redacci\u00f3n)<\/p>\n\n\n\n<p>Como parte de la promoci\u00f3n del territorio que impulsa el Gobernador Mauricio Vila Dosal, con este nuevo vuelo se unir\u00e1 las zonas arqueol\u00f3gicas m\u00e1s relevantes de esta cultura milenaria, Chich\u00e9n Itz\u00e1 y Tikal<\/p>\n\n\n\n<p>Yucat\u00e1n fortalece su conectividad a\u00e9rea con este importante corredor tur\u00edstico entre M\u00e9xico y Guatemala<\/p>\n\n\n\n<p>M\u00e9rida, Yucat\u00e1n, 7 de julio de 2022.- Resultado del impulso a la conectividad a\u00e9rea y la promoci\u00f3n de Yucat\u00e1n, que realiza el Gobernador Mauricio Vila Dosal, en agosto pr\u00f3ximo, iniciar\u00e1 operaciones la nueva ruta de TAG Airlines entre las ciudades de M\u00e9rida y Flores, Guatemala, que unir\u00e1 las 2 zonas arqueol\u00f3gicas m\u00e1s emblem\u00e1ticas de la civilizaci\u00f3n maya, Chichen Itz\u00e1 y Tikal.<\/p>\n\n\n\n<p>Hay que recordar que, en la reciente edici\u00f3n del Tianguis Tur\u00edstico de M\u00e9xico, celebrada el pasado mayo, en Acapulco, Guerrero, Vila Dosal anunci\u00f3 este vuelo, dentro de las estrategias que la administraci\u00f3n estatal ha implementado para atraer visitantes y los puentes con mercados clave, como este pa\u00eds centroamericano, por la relevancia del Mundo Maya.<\/p>\n\n\n\n<p>Este d\u00eda, se inform\u00f3 que dicho trayecto contar\u00e1 con atractivas tarifas, desde 300 d\u00f3lares por boleto redondo, con salidas del Aeropuerto Internacional de M\u00e9rida los martes, jueves y s\u00e1bados, mientras que los lunes, mi\u00e9rcoles y viernes ser\u00e1 la recepci\u00f3n del vuelo proveniente de Flores.<\/p>\n\n\n\n<p>La noticia llega en un contexto de recuperaci\u00f3n, pero tambi\u00e9n de crecimiento, para este segmento en Yucat\u00e1n. De igual manera, en cuanto a la conectividad a\u00e9rea, en 2022, se tuvo el enero en que m\u00e1s visitantes nacionales ha recibido el estado, desde que se tiene registro, as\u00ed como el mejor marzo de toda la historia, del Aeropuerto de M\u00e9rida, en la llegada de pasajeros.<\/p>\n\n\n\n<p>A nombre de Michelle Fridman Hirsch, titular de la Sefotur, Ra\u00fal Paz Noriega, secretario T\u00e9cnico de la dependencia, expuso que el fortalecimiento de la oferta de vuelos no s\u00f3lo impulsa a la entidad y esta industria, sino tambi\u00e9n la generaci\u00f3n de empleos y el crecimiento de negocios en los 2 puntos.<\/p>\n\n\n\n<p>Record\u00f3 que, desde la reactivaci\u00f3n del sector, en junio de 2020, acorde con el Plan de Recuperaci\u00f3n del territorio, ratificado con la firma de la Alianza para el Turismo del Consejo Consultivo Estatal del ramo, en agosto de 2021, la terminal meridana ha recuperado al 100.1% la disponibilidad de asientos en rutas nacionales e internacionales, con un total de 33,380, en 203 vuelos semanales.<\/p>\n\n\n\n<p>Por su parte, Marcela Toriello, presidenta de TAG Airlines, expres\u00f3 su gratitud ante la disposici\u00f3n de las autoridades yucatecas; tambi\u00e9n, resalt\u00f3 que la ruta unir\u00e1 lo mejor de estos pa\u00edses y asegur\u00f3 que tanto Chichen Itz\u00e1 como Tikal son iconos de esta civilizaci\u00f3n milenaria, que todo turista debe conocer, por lo que son estrat\u00e9gicos en los planes de expansi\u00f3n de la empresa.<\/p>\n\n\n\n<p>Hoy, esta firma mantiene 4 vuelos semanales entre las capitales yucateca y guatemalteca; en 2021, lleg\u00f3 a la Rep\u00fablica y, actualmente, conecta con Canc\u00fan, Tuxtla Guti\u00e9rrez, Tapachula y Oaxaca, con tasas de ocupaci\u00f3n superiores al 90%. No s\u00f3lo es la l\u00ednea bandera de Guatemala, sino tambi\u00e9n del Mundo Maya, y desde hace 6 d\u00e9cadas, tiene un firme compromiso con la conectividad y el desarrollo de la regi\u00f3n.<\/p>\n\n\n\n<p>Opera 27 vuelos diarios en su naci\u00f3n de origen, M\u00e9xico, Honduras, El Salvador y Belice, con una flota de m\u00e1s de 20 aeronaves. Tras su creaci\u00f3n en 1961, esta empresa familiar, pionera del ramo en su pa\u00eds, fue la primera certificada ah\u00ed como Operador A\u00e9reo bajo regulaciones de Aviaci\u00f3n Civil, fund\u00f3 la Asociaci\u00f3n de L\u00edneas A\u00e9reas y presta servicios tanto comerciales como privados, a nivel internacional.<\/p>\n\n\n\n<figure class=\"wp-block-image\"><img decoding=\"async\" src=\"https:\/\/www.yucatanalinstante.com\/wp-content\/uploads\/2022\/07\/IMG-20220707-WA0026-1024x541.jpg\" alt=\"\" class=\"wp-image-383688\"\/><\/figure>\n\n\n\n<p>Recientemente, recibi\u00f3 la certificaci\u00f3n de seguridad operacional ISSA, luego de su participaci\u00f3n en el Programa de las Asociaciones Latinoamericana y del Caribe del Transporte A\u00e9reo (ALTA) e Internacional de Transporte A\u00e9reo (IATA), logro que le permiti\u00f3 integrarse al primer organismo, cuyo fin es facilitar el desarrollo de una oferta m\u00e1s segura, eficiente y amigable con el medio ambiente<\/p>\n","protected":false},"excerpt":{"rendered":"<p>(Redacci\u00f3n) Como parte de la promoci\u00f3n del territorio que impulsa el Gobernador Mauricio Vila Dosal, con este nuevo vuelo se unir\u00e1 las zonas arqueol\u00f3gicas m\u00e1s relevantes de esta cultura milenaria, Chich\u00e9n Itz\u00e1 y Tikal Yucat\u00e1n fortalece su conectividad a\u00e9rea con este importante corredor tur\u00edstico entre M\u00e9xico y Guatemala M\u00e9rida, Yucat\u00e1n, 7 de julio de 2022.- [&hellip;]<\/p>\n","protected":false},"author":1,"featured_media":203098,"comment_status":"open","ping_status":"open","sticky":false,"template":"","format":"standard","meta":{"footnotes":""},"categories":[2],"tags":[],"class_list":["post-203097","post","type-post","status-publish","format-standard","has-post-thumbnail","hentry","category-yucatan","entry","has-media"],"jetpack_featured_media_url":"http:\/\/vertienteglobal.com\/wp-content\/uploads\/2022\/07\/IMG-20220707-WA0025-660x330-1.jpg","_links":{"self":[{"href":"http:\/\/vertienteglobal.com\/index.php?rest_route=\/wp\/v2\/posts\/203097","targetHints":{"allow":["GET"]}}],"collection":[{"href":"http:\/\/vertienteglobal.com\/index.php?rest_route=\/wp\/v2\/posts"}],"about":[{"href":"http:\/\/vertienteglobal.com\/index.php?rest_route=\/wp\/v2\/types\/post"}],"author":[{"embeddable":true,"href":"http:\/\/vertienteglobal.com\/index.php?rest_route=\/wp\/v2\/users\/1"}],"replies":[{"embeddable":true,"href":"http:\/\/vertienteglobal.com\/index.php?rest_route=%2Fwp%2Fv2%2Fcomments&post=203097"}],"version-history":[{"count":0,"href":"http:\/\/vertienteglobal.com\/index.php?rest_route=\/wp\/v2\/posts\/203097\/revisions"}],"wp:featuredmedia":[{"embeddable":true,"href":"http:\/\/vertienteglobal.com\/index.php?rest_route=\/wp\/v2\/media\/203098"}],"wp:attachment":[{"href":"http:\/\/vertienteglobal.com\/index.php?rest_route=%2Fwp%2Fv2%2Fmedia&parent=203097"}],"wp:term":[{"taxonomy":"category","embeddable":true,"href":"http:\/\/vertienteglobal.com\/index.php?rest_route=%2Fwp%2Fv2%2Fcategories&post=203097"},{"taxonomy":"post_tag","embeddable":true,"href":"http:\/\/vertienteglobal.com\/index.php?rest_route=%2Fwp%2Fv2%2Ftags&post=203097"}],"curies":[{"name":"wp","href":"https:\/\/api.w.org\/{rel}","templated":true}]}}