{"id":203071,"date":"2022-07-04T16:51:37","date_gmt":"2022-07-04T21:51:37","guid":{"rendered":"http:\/\/vertienteglobal.com\/?p=203071"},"modified":"2022-07-05T19:25:31","modified_gmt":"2022-07-06T00:25:31","slug":"el-presidente-erik-borges-promociona-el-municipio-de-jose-maria-morelos","status":"publish","type":"post","link":"http:\/\/vertienteglobal.com\/?p=203071","title":{"rendered":"El presidente Erik Borges promociona el Municipio de Jos\u00e9 Mar\u00eda Morelos"},"content":{"rendered":"\n<div class=\"twitterbutton\" style=\"float: right; padding-left: 5px;\"><a href=\"http:\/\/twitter.com\/share\" class=\"twitter-share-button\" data-count=\"horizontal\" data-text=\"El presidente Erik Borges promociona el Municipio de Jos\u00e9 Mar\u00eda Morelos\" data-via=\"https:\/\/twitter.com\/VertienteGloba1\" data-url=\"http:\/\/vertienteglobal.com\/?p=203071\" data-lang=\"es\" data-related=\"Informaci\u00f3n general:S\u00edguenos para que est\u00e9ss informado\"><\/a><\/div>\n<figure class=\"wp-block-image size-large\"><img loading=\"lazy\" decoding=\"async\" width=\"720\" height=\"480\" src=\"http:\/\/vertienteglobal.com\/wp-content\/uploads\/2022\/07\/FB_IMG_1657066956856.jpg\" alt=\"\" class=\"wp-image-203072\" srcset=\"http:\/\/vertienteglobal.com\/wp-content\/uploads\/2022\/07\/FB_IMG_1657066956856.jpg 720w, http:\/\/vertienteglobal.com\/wp-content\/uploads\/2022\/07\/FB_IMG_1657066956856-300x200.jpg 300w, http:\/\/vertienteglobal.com\/wp-content\/uploads\/2022\/07\/FB_IMG_1657066956856-150x100.jpg 150w\" sizes=\"auto, (max-width: 720px) 100vw, 720px\" \/><\/figure>\n\n\n\n<p>(Redacci\u00f3n)<\/p>\n\n\n\n<p>El alcalde Erik Borges Yam coment\u00f3 que los tres niveles de gobierno han empalmado para lograr una verdadera transformaci\u00f3n<\/p>\n\n\n\n<p>Jos\u00e9 Mar\u00eda Morelos, Quintana Roo a 4 de julio de 2022.-El alcalde Erik Borges Yam recibi\u00f3 en su despacho de la presidencia al reportero Roberto Pineda, de la producci\u00f3n de Nothwest National Geographic quienes visitaron el municipio morelense a fin de realizar un cortometraje nacional de contenido pol\u00edtico e hist\u00f3rico.<\/p>\n\n\n\n<p>En la entrevista realizada al presidente municipal , se abordaron entre otros temas de pol\u00edtica, turismo, cultura, reactivaci\u00f3n econ\u00f3mica, medidas sanitarias adoptadas ante la pandemia del Covid-19, econom\u00eda e infraestructura.<\/p>\n\n\n\n<p>Esta investigaci\u00f3n realizada a los gobiernos emanados de MORENA se est\u00e1 realizando en todo el pa\u00eds, y las preguntas gir\u00f3 en torno a diversas tem\u00e1ticas de corte hist\u00f3rico y pol\u00edtico.<\/p>\n\n\n\n<p>Roberto Pineda detall\u00f3 que forman parte del Proyecto Vive Northwest National Geograpic, quien lo interrog\u00f3 con temas de gran inter\u00e9s e importancia para el desarrollo econ\u00f3mico, pol\u00edtico y social del municipio, sobre todo por el pr\u00f3ximo gobierno estatal de Mara Lezama en Quintana Roo y el gobierno federal de Andr\u00e9s Manuel L\u00f3pez Obrador.<\/p>\n\n\n\n<p>El alcalde Erik Borges Yam coment\u00f3 que los tres niveles de gobierno han empalmado para lograr una verdadera transformaci\u00f3n, y es ahora cuando se debe dar continuidad al trabajo iniciado y que vislumbran grandes cambios para los pueblos de la zona maya.<\/p>\n\n\n\n<p>El alcalde resalt\u00f3 la transformaci\u00f3n que est\u00e1 logrando en este municipio maya, donde antes la clase mas humilde fue ignorada, pero con la 4T se atiende los sectores m\u00e1s vulnerables y siempre el pueblo es primero, detall\u00f3 que a s\u00f3lo 9 meses de su gesti\u00f3n han iniciado importantes proyectos para la salud, campo, educaci\u00f3n, seguridad, cultura y deporte.<\/p>\n\n\n\n<p>El corto que se est\u00e1 produciendo ser\u00e1 colocado en el canal 120 de M\u00e9xico as\u00ed como tambi\u00e9n en el Proyecto Vive Northwest National Geographic comisi\u00f3n para medios de comunicaci\u00f3n.<\/p>\n\n\n\n<figure class=\"wp-block-image size-large\"><img loading=\"lazy\" decoding=\"async\" width=\"720\" height=\"480\" src=\"http:\/\/vertienteglobal.com\/wp-content\/uploads\/2022\/07\/FB_IMG_1657066962453.jpg\" alt=\"\" class=\"wp-image-203073\" srcset=\"http:\/\/vertienteglobal.com\/wp-content\/uploads\/2022\/07\/FB_IMG_1657066962453.jpg 720w, http:\/\/vertienteglobal.com\/wp-content\/uploads\/2022\/07\/FB_IMG_1657066962453-300x200.jpg 300w, http:\/\/vertienteglobal.com\/wp-content\/uploads\/2022\/07\/FB_IMG_1657066962453-150x100.jpg 150w\" sizes=\"auto, (max-width: 720px) 100vw, 720px\" \/><\/figure>\n","protected":false},"excerpt":{"rendered":"<p>(Redacci\u00f3n) El alcalde Erik Borges Yam coment\u00f3 que los tres niveles de gobierno han empalmado para lograr una verdadera transformaci\u00f3n Jos\u00e9 Mar\u00eda Morelos, Quintana Roo a 4 de julio de 2022.-El alcalde Erik Borges Yam recibi\u00f3 en su despacho de la presidencia al reportero Roberto Pineda, de la producci\u00f3n de Nothwest National Geographic quienes visitaron [&hellip;]<\/p>\n","protected":false},"author":1,"featured_media":203072,"comment_status":"open","ping_status":"open","sticky":false,"template":"","format":"standard","meta":{"footnotes":""},"categories":[3],"tags":[],"class_list":["post-203071","post","type-post","status-publish","format-standard","has-post-thumbnail","hentry","category-quintana-roo","entry","has-media"],"jetpack_featured_media_url":"http:\/\/vertienteglobal.com\/wp-content\/uploads\/2022\/07\/FB_IMG_1657066956856.jpg","_links":{"self":[{"href":"http:\/\/vertienteglobal.com\/index.php?rest_route=\/wp\/v2\/posts\/203071","targetHints":{"allow":["GET"]}}],"collection":[{"href":"http:\/\/vertienteglobal.com\/index.php?rest_route=\/wp\/v2\/posts"}],"about":[{"href":"http:\/\/vertienteglobal.com\/index.php?rest_route=\/wp\/v2\/types\/post"}],"author":[{"embeddable":true,"href":"http:\/\/vertienteglobal.com\/index.php?rest_route=\/wp\/v2\/users\/1"}],"replies":[{"embeddable":true,"href":"http:\/\/vertienteglobal.com\/index.php?rest_route=%2Fwp%2Fv2%2Fcomments&post=203071"}],"version-history":[{"count":0,"href":"http:\/\/vertienteglobal.com\/index.php?rest_route=\/wp\/v2\/posts\/203071\/revisions"}],"wp:featuredmedia":[{"embeddable":true,"href":"http:\/\/vertienteglobal.com\/index.php?rest_route=\/wp\/v2\/media\/203072"}],"wp:attachment":[{"href":"http:\/\/vertienteglobal.com\/index.php?rest_route=%2Fwp%2Fv2%2Fmedia&parent=203071"}],"wp:term":[{"taxonomy":"category","embeddable":true,"href":"http:\/\/vertienteglobal.com\/index.php?rest_route=%2Fwp%2Fv2%2Fcategories&post=203071"},{"taxonomy":"post_tag","embeddable":true,"href":"http:\/\/vertienteglobal.com\/index.php?rest_route=%2Fwp%2Fv2%2Ftags&post=203071"}],"curies":[{"name":"wp","href":"https:\/\/api.w.org\/{rel}","templated":true}]}}