{"id":202888,"date":"2022-06-28T17:19:00","date_gmt":"2022-06-28T22:19:00","guid":{"rendered":"http:\/\/vertienteglobal.com\/?p=202888"},"modified":"2022-06-28T17:27:00","modified_gmt":"2022-06-28T22:27:00","slug":"tabasco-nuevamente-se-posiciona-como-primer-lugar-en-desempleo","status":"publish","type":"post","link":"http:\/\/vertienteglobal.com\/?p=202888","title":{"rendered":"Tabasco nuevamente se posiciona como primer lugar en desempleo"},"content":{"rendered":"\n<div class=\"twitterbutton\" style=\"float: right; padding-left: 5px;\"><a href=\"http:\/\/twitter.com\/share\" class=\"twitter-share-button\" data-count=\"horizontal\" data-text=\"Tabasco nuevamente se posiciona como primer lugar en desempleo\" data-via=\"https:\/\/twitter.com\/VertienteGloba1\" data-url=\"http:\/\/vertienteglobal.com\/?p=202888\" data-lang=\"es\" data-related=\"Informaci\u00f3n general:S\u00edguenos para que est\u00e9ss informado\"><\/a><\/div>\n<figure class=\"wp-block-image size-large\"><img loading=\"lazy\" decoding=\"async\" width=\"1024\" height=\"681\" src=\"http:\/\/vertienteglobal.com\/wp-content\/uploads\/2022\/06\/181022.jpg\" alt=\"\" class=\"wp-image-202889\" srcset=\"http:\/\/vertienteglobal.com\/wp-content\/uploads\/2022\/06\/181022.jpg 1024w, http:\/\/vertienteglobal.com\/wp-content\/uploads\/2022\/06\/181022-300x200.jpg 300w, http:\/\/vertienteglobal.com\/wp-content\/uploads\/2022\/06\/181022-150x100.jpg 150w, http:\/\/vertienteglobal.com\/wp-content\/uploads\/2022\/06\/181022-768x511.jpg 768w\" sizes=\"auto, (max-width: 1024px) 100vw, 1024px\" \/><\/figure>\n\n\n\n<p>(Redacci\u00f3n)<\/p>\n\n\n\n<p>Tabasco se posicion\u00f3 en el segundo lugar nacional de desempleo, con una tasa de 5.9 por ciento<\/p>\n\n\n\n<p>Ciudad de M\u00e9xico 28 de junio 2022.- La Encuesta Nacional de Ocupaci\u00f3n y Empleo del INEGI, revel\u00f3 que por segundo mes consecutivo este a\u00f1o, Tabasco registr\u00f3 la mayor tasa de desempleo en el pa\u00eds.<\/p>\n\n\n\n<p>Ello porque la tasa de desocupaci\u00f3n pas\u00f3 de 5.1 por ciento en abril a 6 por ciento en mayo.<\/p>\n\n\n\n<p>De manera general, en M\u00e9xico 1 mill\u00f3n 932 mil 114 personas, equivalentes al 3.3 por ciento de la Poblaci\u00f3n Econ\u00f3micamente Activa, se encuentran desempleadas.<\/p>\n\n\n\n<p>En el registro del INEGI se observ\u00f3 que Tabasco present\u00f3 una recuperaci\u00f3n en la ocupaci\u00f3n solo en el mes de marzo, cuando logr\u00f3 salir de los primeros 8 lugares de desempleo, con una tasa de 2.9 por ciento, hasta el momento la m\u00e1s baja para el estado en los cinco meses revisados.<\/p>\n\n\n\n<p>En tanto que en el mes de febrero, Tabasco se posicion\u00f3 en el segundo lugar nacional de desempleo, con una tasa de 5.9 por ciento, luego de que en enero se iniciara el a\u00f1o en primer lugar de desocupaci\u00f3n, con una tasa de 6.3 por ciento.<\/p>\n\n\n\n<p>Pero las cifras de ocupaci\u00f3n han venido a la baja, probablemente por la conclusi\u00f3n de la refiner\u00eda de Dos Bocas.<\/p>\n","protected":false},"excerpt":{"rendered":"<p>(Redacci\u00f3n) Tabasco se posicion\u00f3 en el segundo lugar nacional de desempleo, con una tasa de 5.9 por ciento Ciudad de M\u00e9xico 28 de junio 2022.- La Encuesta Nacional de Ocupaci\u00f3n y Empleo del INEGI, revel\u00f3 que por segundo mes consecutivo este a\u00f1o, Tabasco registr\u00f3 la mayor tasa de desempleo en el pa\u00eds. Ello porque la [&hellip;]<\/p>\n","protected":false},"author":1,"featured_media":202889,"comment_status":"open","ping_status":"open","sticky":false,"template":"","format":"standard","meta":{"footnotes":""},"categories":[8,5],"tags":[],"class_list":["post-202888","post","type-post","status-publish","format-standard","has-post-thumbnail","hentry","category-pais","category-tabasco","entry","has-media"],"jetpack_featured_media_url":"http:\/\/vertienteglobal.com\/wp-content\/uploads\/2022\/06\/181022.jpg","_links":{"self":[{"href":"http:\/\/vertienteglobal.com\/index.php?rest_route=\/wp\/v2\/posts\/202888","targetHints":{"allow":["GET"]}}],"collection":[{"href":"http:\/\/vertienteglobal.com\/index.php?rest_route=\/wp\/v2\/posts"}],"about":[{"href":"http:\/\/vertienteglobal.com\/index.php?rest_route=\/wp\/v2\/types\/post"}],"author":[{"embeddable":true,"href":"http:\/\/vertienteglobal.com\/index.php?rest_route=\/wp\/v2\/users\/1"}],"replies":[{"embeddable":true,"href":"http:\/\/vertienteglobal.com\/index.php?rest_route=%2Fwp%2Fv2%2Fcomments&post=202888"}],"version-history":[{"count":0,"href":"http:\/\/vertienteglobal.com\/index.php?rest_route=\/wp\/v2\/posts\/202888\/revisions"}],"wp:featuredmedia":[{"embeddable":true,"href":"http:\/\/vertienteglobal.com\/index.php?rest_route=\/wp\/v2\/media\/202889"}],"wp:attachment":[{"href":"http:\/\/vertienteglobal.com\/index.php?rest_route=%2Fwp%2Fv2%2Fmedia&parent=202888"}],"wp:term":[{"taxonomy":"category","embeddable":true,"href":"http:\/\/vertienteglobal.com\/index.php?rest_route=%2Fwp%2Fv2%2Fcategories&post=202888"},{"taxonomy":"post_tag","embeddable":true,"href":"http:\/\/vertienteglobal.com\/index.php?rest_route=%2Fwp%2Fv2%2Ftags&post=202888"}],"curies":[{"name":"wp","href":"https:\/\/api.w.org\/{rel}","templated":true}]}}