{"id":202541,"date":"2022-06-19T17:51:00","date_gmt":"2022-06-19T22:51:00","guid":{"rendered":"http:\/\/vertienteglobal.com\/?p=202541"},"modified":"2022-06-19T18:16:19","modified_gmt":"2022-06-19T23:16:19","slug":"conoces-cuando-inicia-el-verano-en-mexico","status":"publish","type":"post","link":"http:\/\/vertienteglobal.com\/?p=202541","title":{"rendered":"\u00bfConoces cu\u00e1ndo inicia el verano en M\u00e9xico?"},"content":{"rendered":"\n<div class=\"twitterbutton\" style=\"float: right; padding-left: 5px;\"><a href=\"http:\/\/twitter.com\/share\" class=\"twitter-share-button\" data-count=\"horizontal\" data-text=\"\u00bfConoces cu\u00e1ndo inicia el verano en M\u00e9xico?\" data-via=\"https:\/\/twitter.com\/VertienteGloba1\" data-url=\"http:\/\/vertienteglobal.com\/?p=202541\" data-lang=\"es\" data-related=\"Informaci\u00f3n general:S\u00edguenos para que est\u00e9ss informado\"><\/a><\/div>\n<figure class=\"wp-block-image size-large\"><img loading=\"lazy\" decoding=\"async\" width=\"982\" height=\"630\" src=\"http:\/\/vertienteglobal.com\/wp-content\/uploads\/2022\/06\/1220686xeu20220619173253-12.jpg\" alt=\"\" class=\"wp-image-202542\" srcset=\"http:\/\/vertienteglobal.com\/wp-content\/uploads\/2022\/06\/1220686xeu20220619173253-12.jpg 982w, http:\/\/vertienteglobal.com\/wp-content\/uploads\/2022\/06\/1220686xeu20220619173253-12-300x192.jpg 300w, http:\/\/vertienteglobal.com\/wp-content\/uploads\/2022\/06\/1220686xeu20220619173253-12-150x96.jpg 150w, http:\/\/vertienteglobal.com\/wp-content\/uploads\/2022\/06\/1220686xeu20220619173253-12-768x493.jpg 768w\" sizes=\"auto, (max-width: 982px) 100vw, 982px\" \/><\/figure>\n\n\n\n<p>(Redacci\u00f3n)<\/p>\n\n\n\n<p>El verano llegar\u00e1 exactamente el pr\u00f3ximo martes 21 de junio a partir de las 04:14 hora del centro de M\u00e9xico, y culminar\u00e1 el 22 de septiembre para dar inicio el oto\u00f1o<\/p>\n\n\n\n<p>Xalapa, Veracruz 19 de junio de 2022.- La primavera est\u00e1 cerca de terminar y con esto llegar\u00e1 el verano, el cual se caracteriza por ser la estaci\u00f3n m\u00e1s c\u00e1lida del a\u00f1o, con d\u00edas m\u00e1s largos y noches m\u00e1s cortas.<\/p>\n\n\n\n<p>Y es que de acuerdo con la Secretar\u00eda de Protecci\u00f3n Civil de Veracruz, el verano llegar\u00e1 exactamente el pr\u00f3ximo martes 21 de junio a partir de las 04:14 hora del centro de M\u00e9xico, y culminar\u00e1 el 22 de septiembre para dar inicio el oto\u00f1o.<\/p>\n\n\n\n<p>Justamente a ese momento en el que se da el cambio de primavera a verano, se le conoce como Solsticio de Verano.<br><\/p>\n","protected":false},"excerpt":{"rendered":"<p>(Redacci\u00f3n) El verano llegar\u00e1 exactamente el pr\u00f3ximo martes 21 de junio a partir de las 04:14 hora del centro de M\u00e9xico, y culminar\u00e1 el 22 de septiembre para dar inicio el oto\u00f1o Xalapa, Veracruz 19 de junio de 2022.- La primavera est\u00e1 cerca de terminar y con esto llegar\u00e1 el verano, el cual se caracteriza [&hellip;]<\/p>\n","protected":false},"author":1,"featured_media":202542,"comment_status":"open","ping_status":"open","sticky":false,"template":"","format":"standard","meta":{"footnotes":""},"categories":[7],"tags":[],"class_list":["post-202541","post","type-post","status-publish","format-standard","has-post-thumbnail","hentry","category-veracruz","entry","has-media"],"jetpack_featured_media_url":"http:\/\/vertienteglobal.com\/wp-content\/uploads\/2022\/06\/1220686xeu20220619173253-12.jpg","_links":{"self":[{"href":"http:\/\/vertienteglobal.com\/index.php?rest_route=\/wp\/v2\/posts\/202541","targetHints":{"allow":["GET"]}}],"collection":[{"href":"http:\/\/vertienteglobal.com\/index.php?rest_route=\/wp\/v2\/posts"}],"about":[{"href":"http:\/\/vertienteglobal.com\/index.php?rest_route=\/wp\/v2\/types\/post"}],"author":[{"embeddable":true,"href":"http:\/\/vertienteglobal.com\/index.php?rest_route=\/wp\/v2\/users\/1"}],"replies":[{"embeddable":true,"href":"http:\/\/vertienteglobal.com\/index.php?rest_route=%2Fwp%2Fv2%2Fcomments&post=202541"}],"version-history":[{"count":0,"href":"http:\/\/vertienteglobal.com\/index.php?rest_route=\/wp\/v2\/posts\/202541\/revisions"}],"wp:featuredmedia":[{"embeddable":true,"href":"http:\/\/vertienteglobal.com\/index.php?rest_route=\/wp\/v2\/media\/202542"}],"wp:attachment":[{"href":"http:\/\/vertienteglobal.com\/index.php?rest_route=%2Fwp%2Fv2%2Fmedia&parent=202541"}],"wp:term":[{"taxonomy":"category","embeddable":true,"href":"http:\/\/vertienteglobal.com\/index.php?rest_route=%2Fwp%2Fv2%2Fcategories&post=202541"},{"taxonomy":"post_tag","embeddable":true,"href":"http:\/\/vertienteglobal.com\/index.php?rest_route=%2Fwp%2Fv2%2Ftags&post=202541"}],"curies":[{"name":"wp","href":"https:\/\/api.w.org\/{rel}","templated":true}]}}