{"id":202523,"date":"2022-06-18T12:50:57","date_gmt":"2022-06-18T17:50:57","guid":{"rendered":"http:\/\/vertienteglobal.com\/?p=202523"},"modified":"2022-06-19T04:55:13","modified_gmt":"2022-06-19T09:55:13","slug":"la-gente-decidio-por-el-cambio-verdadero-agradece-mara-lezama-en-tulum","status":"publish","type":"post","link":"http:\/\/vertienteglobal.com\/?p=202523","title":{"rendered":"La gente decidi\u00f3 por el cambio verdadero, agradece Mara Lezama en Tulum"},"content":{"rendered":"\n<div class=\"twitterbutton\" style=\"float: right; padding-left: 5px;\"><a href=\"http:\/\/twitter.com\/share\" class=\"twitter-share-button\" data-count=\"horizontal\" data-text=\"La gente decidi\u00f3 por el cambio verdadero, agradece Mara Lezama en Tulum\" data-via=\"https:\/\/twitter.com\/VertienteGloba1\" data-url=\"http:\/\/vertienteglobal.com\/?p=202523\" data-lang=\"es\" data-related=\"Informaci\u00f3n general:S\u00edguenos para que est\u00e9ss informado\"><\/a><\/div>\n<figure class=\"wp-block-image size-large\"><img loading=\"lazy\" decoding=\"async\" width=\"1024\" height=\"682\" src=\"http:\/\/vertienteglobal.com\/wp-content\/uploads\/2022\/06\/IMG-20220618-WA0051-1024x682.jpg\" alt=\"\" class=\"wp-image-202524\" srcset=\"http:\/\/vertienteglobal.com\/wp-content\/uploads\/2022\/06\/IMG-20220618-WA0051-1024x682.jpg 1024w, http:\/\/vertienteglobal.com\/wp-content\/uploads\/2022\/06\/IMG-20220618-WA0051-300x200.jpg 300w, http:\/\/vertienteglobal.com\/wp-content\/uploads\/2022\/06\/IMG-20220618-WA0051-150x100.jpg 150w, http:\/\/vertienteglobal.com\/wp-content\/uploads\/2022\/06\/IMG-20220618-WA0051-768x512.jpg 768w, http:\/\/vertienteglobal.com\/wp-content\/uploads\/2022\/06\/IMG-20220618-WA0051-1536x1023.jpg 1536w, http:\/\/vertienteglobal.com\/wp-content\/uploads\/2022\/06\/IMG-20220618-WA0051.jpg 1600w\" sizes=\"auto, (max-width: 1024px) 100vw, 1024px\" \/><\/figure>\n\n\n\n<p>(Antonio Rivera)<\/p>\n\n\n\n<p>La gobernadora electa refrend\u00f3 su gratitud al pueblo de Tulum, \u201cgracias a cada uno de ustedes, a las y los j\u00f3venes, a las mujeres, a los hombres, a los taxistas, a los medios de comunicaci\u00f3n y a todos los que salieron a votar y defendieron la decisi\u00f3n ciudadana\u201d<\/p>\n\n\n\n<p>Tulum, Quintana Roo 18 de junio de 2022.-En un verdadero ambiente de fiesta la gobernadora electa de Quintana Roo, Mara Lezama refrend\u00f3 su compromiso de devolver a los tulumnenses el respaldo que de forma contundente le dieron en las urnas el pasado 5 de junio.<\/p>\n\n\n\n<p>Vamos a trabajar por el bienestar de Tulum con el Nuevo Acuerdo por el Bienestar y Desarrollo de Quintana Roo y el mandato que me dieron en las urnas, expres\u00f3 ante cerca de mil ciudadanos congregados en el domo doble de la Unidad Deportiva de ese municipio.<\/p>\n\n\n\n<p>En un verdadero ambiente de fiesta, la gobernadora electa refrend\u00f3 su gratitud al pueblo de Tulum, \u201cgracias a cada uno de ustedes, a las y los j\u00f3venes, a las mujeres, a los hombres, a los taxistas, a los medios de comunicaci\u00f3n y a todos los que salieron a votar y defendieron la decisi\u00f3n ciudadana\u201d.<\/p>\n\n\n\n<p>Destac\u00f3 la votaci\u00f3n hist\u00f3rica alcanzada en Tulum gracias al trabajo en unidad de todas y todos, \u201cesa es la uni\u00f3n que necesita Quintana Roo, la uni\u00f3n que necesita M\u00e9xico y nuestro pueblo\u201d.<\/p>\n\n\n\n<p>El resultado electoral del 5 de junio continu\u00f3, es muestra que a la Cuarta Transformaci\u00f3n ya nadie la para \u201cno le fallamos al Presidente, Andr\u00e9s Manuel L\u00f3pez Obrador, e hicimos valer en Quintana Roo lo que Morena representa\u201d.<\/p>\n\n\n\n<p>Los que trataron de enga\u00f1ar al pueblo, hoy convertida en oposici\u00f3n est\u00e1 moral y pol\u00edticamente derrumbada, porque ganamos de manera arrolladora, porque la gente decidi\u00f3 por un cambio verdadero, expuso.<\/p>\n\n\n\n<p>Mara Lezama a\u00f1adi\u00f3 que su compromiso es hacer un gobierno igual al del presidente de la Rep\u00fablica, para acabar con la arrogancia del poder, y nunca m\u00e1s tener un gobierno rico y un pueblo pobre.<\/p>\n\n\n\n<p>Finalmente refrend\u00f3 trabajar de la mano con las y los diputados electos ah\u00ed presentes, Silvia Dzul, Marybel Villegas, Mar\u00eda Jos\u00e9 Osorio y Humberto Aldana para generar prosperidad compartida en Tulum y en cada rinc\u00f3n de Quintana Roo.<\/p>\n\n\n\n<figure class=\"wp-block-image size-large\"><img loading=\"lazy\" decoding=\"async\" width=\"1024\" height=\"682\" src=\"http:\/\/vertienteglobal.com\/wp-content\/uploads\/2022\/06\/IMG-20220618-WA0053-1024x682.jpg\" alt=\"\" class=\"wp-image-202525\" srcset=\"http:\/\/vertienteglobal.com\/wp-content\/uploads\/2022\/06\/IMG-20220618-WA0053-1024x682.jpg 1024w, http:\/\/vertienteglobal.com\/wp-content\/uploads\/2022\/06\/IMG-20220618-WA0053-300x200.jpg 300w, http:\/\/vertienteglobal.com\/wp-content\/uploads\/2022\/06\/IMG-20220618-WA0053-150x100.jpg 150w, http:\/\/vertienteglobal.com\/wp-content\/uploads\/2022\/06\/IMG-20220618-WA0053-768x512.jpg 768w, http:\/\/vertienteglobal.com\/wp-content\/uploads\/2022\/06\/IMG-20220618-WA0053-1536x1023.jpg 1536w, http:\/\/vertienteglobal.com\/wp-content\/uploads\/2022\/06\/IMG-20220618-WA0053.jpg 1600w\" sizes=\"auto, (max-width: 1024px) 100vw, 1024px\" \/><\/figure>\n\n\n\n<figure class=\"wp-block-image size-large\"><img loading=\"lazy\" decoding=\"async\" width=\"1024\" height=\"682\" src=\"http:\/\/vertienteglobal.com\/wp-content\/uploads\/2022\/06\/IMG-20220618-WA0050-1024x682.jpg\" alt=\"\" class=\"wp-image-202526\" srcset=\"http:\/\/vertienteglobal.com\/wp-content\/uploads\/2022\/06\/IMG-20220618-WA0050-1024x682.jpg 1024w, http:\/\/vertienteglobal.com\/wp-content\/uploads\/2022\/06\/IMG-20220618-WA0050-300x200.jpg 300w, http:\/\/vertienteglobal.com\/wp-content\/uploads\/2022\/06\/IMG-20220618-WA0050-150x100.jpg 150w, http:\/\/vertienteglobal.com\/wp-content\/uploads\/2022\/06\/IMG-20220618-WA0050-768x512.jpg 768w, http:\/\/vertienteglobal.com\/wp-content\/uploads\/2022\/06\/IMG-20220618-WA0050-1536x1023.jpg 1536w, http:\/\/vertienteglobal.com\/wp-content\/uploads\/2022\/06\/IMG-20220618-WA0050.jpg 1600w\" sizes=\"auto, (max-width: 1024px) 100vw, 1024px\" \/><\/figure>\n\n\n\n<figure class=\"wp-block-image size-large\"><img loading=\"lazy\" decoding=\"async\" width=\"1024\" height=\"682\" src=\"http:\/\/vertienteglobal.com\/wp-content\/uploads\/2022\/06\/IMG-20220618-WA0052-1024x682.jpg\" alt=\"\" class=\"wp-image-202527\" srcset=\"http:\/\/vertienteglobal.com\/wp-content\/uploads\/2022\/06\/IMG-20220618-WA0052-1024x682.jpg 1024w, http:\/\/vertienteglobal.com\/wp-content\/uploads\/2022\/06\/IMG-20220618-WA0052-300x200.jpg 300w, http:\/\/vertienteglobal.com\/wp-content\/uploads\/2022\/06\/IMG-20220618-WA0052-150x100.jpg 150w, http:\/\/vertienteglobal.com\/wp-content\/uploads\/2022\/06\/IMG-20220618-WA0052-768x512.jpg 768w, http:\/\/vertienteglobal.com\/wp-content\/uploads\/2022\/06\/IMG-20220618-WA0052-1536x1023.jpg 1536w, http:\/\/vertienteglobal.com\/wp-content\/uploads\/2022\/06\/IMG-20220618-WA0052.jpg 1600w\" sizes=\"auto, (max-width: 1024px) 100vw, 1024px\" \/><\/figure>\n\n\n\n<figure class=\"wp-block-image size-large\"><img loading=\"lazy\" decoding=\"async\" width=\"1024\" height=\"682\" src=\"http:\/\/vertienteglobal.com\/wp-content\/uploads\/2022\/06\/IMG-20220618-WA0054-1024x682.jpg\" alt=\"\" class=\"wp-image-202528\" srcset=\"http:\/\/vertienteglobal.com\/wp-content\/uploads\/2022\/06\/IMG-20220618-WA0054-1024x682.jpg 1024w, http:\/\/vertienteglobal.com\/wp-content\/uploads\/2022\/06\/IMG-20220618-WA0054-300x200.jpg 300w, http:\/\/vertienteglobal.com\/wp-content\/uploads\/2022\/06\/IMG-20220618-WA0054-150x100.jpg 150w, http:\/\/vertienteglobal.com\/wp-content\/uploads\/2022\/06\/IMG-20220618-WA0054-768x512.jpg 768w, http:\/\/vertienteglobal.com\/wp-content\/uploads\/2022\/06\/IMG-20220618-WA0054-1536x1023.jpg 1536w, http:\/\/vertienteglobal.com\/wp-content\/uploads\/2022\/06\/IMG-20220618-WA0054.jpg 1600w\" sizes=\"auto, (max-width: 1024px) 100vw, 1024px\" \/><\/figure>\n","protected":false},"excerpt":{"rendered":"<p>(Antonio Rivera) La gobernadora electa refrend\u00f3 su gratitud al pueblo de Tulum, \u201cgracias a cada uno de ustedes, a las y los j\u00f3venes, a las mujeres, a los hombres, a los taxistas, a los medios de comunicaci\u00f3n y a todos los que salieron a votar y defendieron la decisi\u00f3n ciudadana\u201d Tulum, Quintana Roo 18 de [&hellip;]<\/p>\n","protected":false},"author":1,"featured_media":202526,"comment_status":"open","ping_status":"open","sticky":false,"template":"","format":"standard","meta":{"footnotes":""},"categories":[3],"tags":[],"class_list":["post-202523","post","type-post","status-publish","format-standard","has-post-thumbnail","hentry","category-quintana-roo","entry","has-media"],"jetpack_featured_media_url":"http:\/\/vertienteglobal.com\/wp-content\/uploads\/2022\/06\/IMG-20220618-WA0050.jpg","_links":{"self":[{"href":"http:\/\/vertienteglobal.com\/index.php?rest_route=\/wp\/v2\/posts\/202523","targetHints":{"allow":["GET"]}}],"collection":[{"href":"http:\/\/vertienteglobal.com\/index.php?rest_route=\/wp\/v2\/posts"}],"about":[{"href":"http:\/\/vertienteglobal.com\/index.php?rest_route=\/wp\/v2\/types\/post"}],"author":[{"embeddable":true,"href":"http:\/\/vertienteglobal.com\/index.php?rest_route=\/wp\/v2\/users\/1"}],"replies":[{"embeddable":true,"href":"http:\/\/vertienteglobal.com\/index.php?rest_route=%2Fwp%2Fv2%2Fcomments&post=202523"}],"version-history":[{"count":0,"href":"http:\/\/vertienteglobal.com\/index.php?rest_route=\/wp\/v2\/posts\/202523\/revisions"}],"wp:featuredmedia":[{"embeddable":true,"href":"http:\/\/vertienteglobal.com\/index.php?rest_route=\/wp\/v2\/media\/202526"}],"wp:attachment":[{"href":"http:\/\/vertienteglobal.com\/index.php?rest_route=%2Fwp%2Fv2%2Fmedia&parent=202523"}],"wp:term":[{"taxonomy":"category","embeddable":true,"href":"http:\/\/vertienteglobal.com\/index.php?rest_route=%2Fwp%2Fv2%2Fcategories&post=202523"},{"taxonomy":"post_tag","embeddable":true,"href":"http:\/\/vertienteglobal.com\/index.php?rest_route=%2Fwp%2Fv2%2Ftags&post=202523"}],"curies":[{"name":"wp","href":"https:\/\/api.w.org\/{rel}","templated":true}]}}