{"id":202470,"date":"2022-06-16T21:24:42","date_gmt":"2022-06-17T02:24:42","guid":{"rendered":"http:\/\/vertienteglobal.com\/?p=202470"},"modified":"2022-06-17T12:17:19","modified_gmt":"2022-06-17T17:17:19","slug":"no-hay-tiempo-para-descansar-mara-lezama","status":"publish","type":"post","link":"http:\/\/vertienteglobal.com\/?p=202470","title":{"rendered":"No hay tiempo para descansar: Mara Lezama"},"content":{"rendered":"\n<div class=\"twitterbutton\" style=\"float: right; padding-left: 5px;\"><a href=\"http:\/\/twitter.com\/share\" class=\"twitter-share-button\" data-count=\"horizontal\" data-text=\"No hay tiempo para descansar: Mara Lezama\" data-via=\"https:\/\/twitter.com\/VertienteGloba1\" data-url=\"http:\/\/vertienteglobal.com\/?p=202470\" data-lang=\"es\" data-related=\"Informaci\u00f3n general:S\u00edguenos para que est\u00e9ss informado\"><\/a><\/div>\n<figure class=\"wp-block-image size-large\"><img loading=\"lazy\" decoding=\"async\" width=\"720\" height=\"419\" src=\"http:\/\/vertienteglobal.com\/wp-content\/uploads\/2022\/06\/FB_IMG_1655486060909.jpg\" alt=\"\" class=\"wp-image-202471\" srcset=\"http:\/\/vertienteglobal.com\/wp-content\/uploads\/2022\/06\/FB_IMG_1655486060909.jpg 720w, http:\/\/vertienteglobal.com\/wp-content\/uploads\/2022\/06\/FB_IMG_1655486060909-300x175.jpg 300w, http:\/\/vertienteglobal.com\/wp-content\/uploads\/2022\/06\/FB_IMG_1655486060909-150x87.jpg 150w\" sizes=\"auto, (max-width: 720px) 100vw, 720px\" \/><\/figure>\n\n\n\n<p>(Antonio Rivera)<\/p>\n\n\n\n<p>De la mano con el gobierno federal, municipal y el congreso llegar\u00e1 la transformaci\u00f3n al Estado<\/p>\n\n\n\n<p>Cozumel, Quintana Roo 16 de junio.- La gobernadora electa de Quintana Roo, Mara Lezama arranc\u00f3 en Cozumel su gira de agradecimiento por el estado tras el resultado en las urnas el pasado 5 de junio, el cual dijo \u201cfue contundente y es un triunfo de todas y de todo el pueblo\u201d.<\/p>\n\n\n\n<p>Mara Lezama agradeci\u00f3 a las y los asistentes a la explanada del palacio municipal el mandato que le otorgaron para instaurar en el estado la Cuarta Transformaci\u00f3n.<\/p>\n\n\n\n<p>\u201cHemos ganado y vamos a trabajar, no hay tiempo para descansar, tenemos que hacer un Plan Estatal de Desarrollo para que la 4T llegue a todos los rincones del estado\u201d expuso.<\/p>\n\n\n\n<p>La gobernadora electa refrend\u00f3 su compromiso \u201cNo les voy a fallar\u201d al tiempo de comprometerse a trabajar bajo los preceptos de la transformaci\u00f3n: No robar, No mentir y no Traicionar al pueblo y de la mano con el presidente, Andr\u00e9s Manuel L\u00f3pez Obrador, los presidentes municipales y el Congreso del Estado para que llegue la prosperidad compartida a Quintana Roo.<\/p>\n\n\n\n<p>Hoy vengo a aqu\u00ed a decirles que, no me va alcanzar la vida para agradecerles lo que han hecho ese 5 de junio, hemos hecho historia juntos y juntas; y entre lo vertiginoso de la campa\u00f1a no dimensi\u00f3nanos la historia que estamos escribiendo, luego de muchos a\u00f1os de gobiernos de apellidos y cacicazgos, y de ser gobernados por hombres.<\/p>\n\n\n\n<p>Afirm\u00f3 que de la mano del gobierno federal y municipal vamos a hacer que crezca esta isla, pero los necesitamos unidos frente a opositores disminuidos, apagados y enojados que van a querer lastimar a los gobierno de Morena.<\/p>\n\n\n\n<p>La gobernadora electa refrend\u00f3 su compromiso con las mujeres \u201cSoy la primera de muchas gobernadoras que llegar\u00e1n a Quintana Roo\u201d dijo al destacar que en Morena las mujeres no somos cuota, somos seres humanos que valemos y hoy seremos mayor\u00eda en el congreso local.<\/p>\n\n\n\n<p>Tambi\u00e9n agradeci\u00f3 a cada uno de los isle\u00f1os que le otorgaron la confianza, y que una vez m\u00e1s salieron a defender y romper canones al decidir por la Cuarta Transformaci\u00f3n pese a la guerra sucia y muchas artima\u00f1as a la vieja usanza.<\/p>\n\n\n\n<p>Vamos a gobernar para ustedes, y con ustedes de la mano vamos a cumplir la palabra que empe\u00f1amos aqu\u00ed en la campa\u00f1a.<\/p>\n\n\n\n<p>Al evento asistieron: Juanita Alonso, presidenta municipal de la isla; los diputados locales electos, Marybel Villegas Canch\u00e9 y Ren\u00e1n S\u00e1nchez Tajonar; el diputado federal, Juan Carrillo Soberanis entre otros.<\/p>\n\n\n\n<figure class=\"wp-block-image size-large\"><img loading=\"lazy\" decoding=\"async\" width=\"720\" height=\"480\" src=\"http:\/\/vertienteglobal.com\/wp-content\/uploads\/2022\/06\/FB_IMG_1655486053677.jpg\" alt=\"\" class=\"wp-image-202472\" srcset=\"http:\/\/vertienteglobal.com\/wp-content\/uploads\/2022\/06\/FB_IMG_1655486053677.jpg 720w, http:\/\/vertienteglobal.com\/wp-content\/uploads\/2022\/06\/FB_IMG_1655486053677-300x200.jpg 300w, http:\/\/vertienteglobal.com\/wp-content\/uploads\/2022\/06\/FB_IMG_1655486053677-150x100.jpg 150w\" sizes=\"auto, (max-width: 720px) 100vw, 720px\" \/><\/figure>\n\n\n\n<figure class=\"wp-block-image size-large\"><img loading=\"lazy\" decoding=\"async\" width=\"720\" height=\"480\" src=\"http:\/\/vertienteglobal.com\/wp-content\/uploads\/2022\/06\/FB_IMG_1655486046955.jpg\" alt=\"\" class=\"wp-image-202473\" srcset=\"http:\/\/vertienteglobal.com\/wp-content\/uploads\/2022\/06\/FB_IMG_1655486046955.jpg 720w, http:\/\/vertienteglobal.com\/wp-content\/uploads\/2022\/06\/FB_IMG_1655486046955-300x200.jpg 300w, http:\/\/vertienteglobal.com\/wp-content\/uploads\/2022\/06\/FB_IMG_1655486046955-150x100.jpg 150w\" sizes=\"auto, (max-width: 720px) 100vw, 720px\" \/><\/figure>\n","protected":false},"excerpt":{"rendered":"<p>(Antonio Rivera) De la mano con el gobierno federal, municipal y el congreso llegar\u00e1 la transformaci\u00f3n al Estado Cozumel, Quintana Roo 16 de junio.- La gobernadora electa de Quintana Roo, Mara Lezama arranc\u00f3 en Cozumel su gira de agradecimiento por el estado tras el resultado en las urnas el pasado 5 de junio, el cual [&hellip;]<\/p>\n","protected":false},"author":1,"featured_media":202473,"comment_status":"open","ping_status":"open","sticky":false,"template":"","format":"standard","meta":{"footnotes":""},"categories":[3],"tags":[],"class_list":["post-202470","post","type-post","status-publish","format-standard","has-post-thumbnail","hentry","category-quintana-roo","entry","has-media"],"jetpack_featured_media_url":"http:\/\/vertienteglobal.com\/wp-content\/uploads\/2022\/06\/FB_IMG_1655486046955.jpg","_links":{"self":[{"href":"http:\/\/vertienteglobal.com\/index.php?rest_route=\/wp\/v2\/posts\/202470","targetHints":{"allow":["GET"]}}],"collection":[{"href":"http:\/\/vertienteglobal.com\/index.php?rest_route=\/wp\/v2\/posts"}],"about":[{"href":"http:\/\/vertienteglobal.com\/index.php?rest_route=\/wp\/v2\/types\/post"}],"author":[{"embeddable":true,"href":"http:\/\/vertienteglobal.com\/index.php?rest_route=\/wp\/v2\/users\/1"}],"replies":[{"embeddable":true,"href":"http:\/\/vertienteglobal.com\/index.php?rest_route=%2Fwp%2Fv2%2Fcomments&post=202470"}],"version-history":[{"count":0,"href":"http:\/\/vertienteglobal.com\/index.php?rest_route=\/wp\/v2\/posts\/202470\/revisions"}],"wp:featuredmedia":[{"embeddable":true,"href":"http:\/\/vertienteglobal.com\/index.php?rest_route=\/wp\/v2\/media\/202473"}],"wp:attachment":[{"href":"http:\/\/vertienteglobal.com\/index.php?rest_route=%2Fwp%2Fv2%2Fmedia&parent=202470"}],"wp:term":[{"taxonomy":"category","embeddable":true,"href":"http:\/\/vertienteglobal.com\/index.php?rest_route=%2Fwp%2Fv2%2Fcategories&post=202470"},{"taxonomy":"post_tag","embeddable":true,"href":"http:\/\/vertienteglobal.com\/index.php?rest_route=%2Fwp%2Fv2%2Ftags&post=202470"}],"curies":[{"name":"wp","href":"https:\/\/api.w.org\/{rel}","templated":true}]}}