{"id":202372,"date":"2022-06-13T19:21:00","date_gmt":"2022-06-14T00:21:00","guid":{"rendered":"http:\/\/vertienteglobal.com\/?p=202372"},"modified":"2022-06-13T19:44:19","modified_gmt":"2022-06-14T00:44:19","slug":"se-preve-la-formacion-de-la-tormenta-tropical-blas-smn","status":"publish","type":"post","link":"http:\/\/vertienteglobal.com\/?p=202372","title":{"rendered":"Se prev\u00e9 la formaci\u00f3n de la tormenta tropical \u201cBlas\u201d: SMN"},"content":{"rendered":"\n<div class=\"twitterbutton\" style=\"float: right; padding-left: 5px;\"><a href=\"http:\/\/twitter.com\/share\" class=\"twitter-share-button\" data-count=\"horizontal\" data-text=\"Se prev\u00e9 la formaci\u00f3n de la tormenta tropical \u201cBlas\u201d: SMN\" data-via=\"https:\/\/twitter.com\/VertienteGloba1\" data-url=\"http:\/\/vertienteglobal.com\/?p=202372\" data-lang=\"es\" data-related=\"Informaci\u00f3n general:S\u00edguenos para que est\u00e9ss informado\"><\/a><\/div>\n<figure class=\"wp-block-image size-large\"><img loading=\"lazy\" decoding=\"async\" width=\"660\" height=\"330\" src=\"http:\/\/vertienteglobal.com\/wp-content\/uploads\/2022\/06\/tormenta-blas-660x330-1.jpg\" alt=\"\" class=\"wp-image-202373\" srcset=\"http:\/\/vertienteglobal.com\/wp-content\/uploads\/2022\/06\/tormenta-blas-660x330-1.jpg 660w, http:\/\/vertienteglobal.com\/wp-content\/uploads\/2022\/06\/tormenta-blas-660x330-1-300x150.jpg 300w, http:\/\/vertienteglobal.com\/wp-content\/uploads\/2022\/06\/tormenta-blas-660x330-1-150x75.jpg 150w\" sizes=\"auto, (max-width: 660px) 100vw, 660px\" \/><\/figure>\n\n\n\n<p>(Redacci\u00f3n)<\/p>\n\n\n\n<p><em><strong>El Servicio Meteorol\u00f3gico Nacional (SMN) inform\u00f3 sobre la posibilidad de que se desarrolle una tormenta tropical llamada \u201cBlas\u201d para los pr\u00f3ximos d\u00edas, pero hasta el momento se descarta que pueda alcanzar categor\u00eda de hurac\u00e1n<\/strong><\/em><\/p>\n\n\n\n<p>Ciudad de M\u00e9xico 13 de junio de 2022.-El Servicio Meteorol\u00f3gico Nacional (SMN) inform\u00f3 sobre la posibilidad de que se desarrolle una tormenta tropical llamada \u201cBlas\u201d para los pr\u00f3ximos d\u00edas, pero hasta el momento se descarta que pueda alcanzar categor\u00eda de hurac\u00e1n.<\/p>\n\n\n\n<p>Se espera que desarrolle fuertes lluvias y en consecuencia se monitorean los r\u00edos y cauces de Guerrero, Jalisco, Colima, Michoac\u00e1n y Oaxaca.<\/p>\n\n\n\n<p>\u201cCon respecto al estado de Oaxaca, s\u00ed se esperan que contin\u00faen las lluvias, de hecho, el canal de baja presi\u00f3n que se tiene a nivel de superficie, se extiende desde lo que es Jalisco hasta Chiapas. En el estado de Oaxaca, se esperan lluvias acumuladas de 150 a 200 mm de precipitaci\u00f3n a partir de hoy y hasta el domingo\u2026<\/p>\n\n\n\n<p>En el caso de Guerrero, la zona m\u00e1s afectada, la que va a jalar la humedad del sistema de las bandas, es principalmente la parte centro y sur, toda esa humedad va a permanecer ah\u00ed desde el d\u00eda de hoy hasta el domingo\u201d, dijo Alejandra M\u00e9ndez Gir\u00f3n, coordinadora General del SMN. (Fuente:Noticieros Televisa)<\/p>\n","protected":false},"excerpt":{"rendered":"<p>(Redacci\u00f3n) El Servicio Meteorol\u00f3gico Nacional (SMN) inform\u00f3 sobre la posibilidad de que se desarrolle una tormenta tropical llamada \u201cBlas\u201d para los pr\u00f3ximos d\u00edas, pero hasta el momento se descarta que pueda alcanzar categor\u00eda de hurac\u00e1n Ciudad de M\u00e9xico 13 de junio de 2022.-El Servicio Meteorol\u00f3gico Nacional (SMN) inform\u00f3 sobre la posibilidad de que se desarrolle [&hellip;]<\/p>\n","protected":false},"author":1,"featured_media":202373,"comment_status":"open","ping_status":"open","sticky":false,"template":"","format":"standard","meta":{"footnotes":""},"categories":[8,3,2],"tags":[],"class_list":["post-202372","post","type-post","status-publish","format-standard","has-post-thumbnail","hentry","category-pais","category-quintana-roo","category-yucatan","entry","has-media"],"jetpack_featured_media_url":"http:\/\/vertienteglobal.com\/wp-content\/uploads\/2022\/06\/tormenta-blas-660x330-1.jpg","_links":{"self":[{"href":"http:\/\/vertienteglobal.com\/index.php?rest_route=\/wp\/v2\/posts\/202372","targetHints":{"allow":["GET"]}}],"collection":[{"href":"http:\/\/vertienteglobal.com\/index.php?rest_route=\/wp\/v2\/posts"}],"about":[{"href":"http:\/\/vertienteglobal.com\/index.php?rest_route=\/wp\/v2\/types\/post"}],"author":[{"embeddable":true,"href":"http:\/\/vertienteglobal.com\/index.php?rest_route=\/wp\/v2\/users\/1"}],"replies":[{"embeddable":true,"href":"http:\/\/vertienteglobal.com\/index.php?rest_route=%2Fwp%2Fv2%2Fcomments&post=202372"}],"version-history":[{"count":0,"href":"http:\/\/vertienteglobal.com\/index.php?rest_route=\/wp\/v2\/posts\/202372\/revisions"}],"wp:featuredmedia":[{"embeddable":true,"href":"http:\/\/vertienteglobal.com\/index.php?rest_route=\/wp\/v2\/media\/202373"}],"wp:attachment":[{"href":"http:\/\/vertienteglobal.com\/index.php?rest_route=%2Fwp%2Fv2%2Fmedia&parent=202372"}],"wp:term":[{"taxonomy":"category","embeddable":true,"href":"http:\/\/vertienteglobal.com\/index.php?rest_route=%2Fwp%2Fv2%2Fcategories&post=202372"},{"taxonomy":"post_tag","embeddable":true,"href":"http:\/\/vertienteglobal.com\/index.php?rest_route=%2Fwp%2Fv2%2Ftags&post=202372"}],"curies":[{"name":"wp","href":"https:\/\/api.w.org\/{rel}","templated":true}]}}