{"id":202347,"date":"2022-06-10T21:52:00","date_gmt":"2022-06-11T02:52:00","guid":{"rendered":"http:\/\/vertienteglobal.com\/?p=202347"},"modified":"2022-06-10T22:58:00","modified_gmt":"2022-06-11T03:58:00","slug":"ayuntamiento-de-tulum-declara-huesped-distinguido-al-alcalde-de-punta-cana","status":"publish","type":"post","link":"http:\/\/vertienteglobal.com\/?p=202347","title":{"rendered":"Ayuntamiento de Tulum declara hu\u00e9sped distinguido al alcalde de Punta Cana"},"content":{"rendered":"\n<div class=\"twitterbutton\" style=\"float: right; padding-left: 5px;\"><a href=\"http:\/\/twitter.com\/share\" class=\"twitter-share-button\" data-count=\"horizontal\" data-text=\"Ayuntamiento de Tulum declara hu\u00e9sped distinguido al alcalde de Punta Cana\" data-via=\"https:\/\/twitter.com\/VertienteGloba1\" data-url=\"http:\/\/vertienteglobal.com\/?p=202347\" data-lang=\"es\" data-related=\"Informaci\u00f3n general:S\u00edguenos para que est\u00e9ss informado\"><\/a><\/div>\n<figure class=\"wp-block-image size-large\"><img loading=\"lazy\" decoding=\"async\" width=\"1024\" height=\"682\" src=\"http:\/\/vertienteglobal.com\/wp-content\/uploads\/2022\/06\/IMG-20220610-WA0101-1024x682.jpg\" alt=\"\" class=\"wp-image-202348\" srcset=\"http:\/\/vertienteglobal.com\/wp-content\/uploads\/2022\/06\/IMG-20220610-WA0101-1024x682.jpg 1024w, http:\/\/vertienteglobal.com\/wp-content\/uploads\/2022\/06\/IMG-20220610-WA0101-300x200.jpg 300w, http:\/\/vertienteglobal.com\/wp-content\/uploads\/2022\/06\/IMG-20220610-WA0101-150x100.jpg 150w, http:\/\/vertienteglobal.com\/wp-content\/uploads\/2022\/06\/IMG-20220610-WA0101-768x512.jpg 768w, http:\/\/vertienteglobal.com\/wp-content\/uploads\/2022\/06\/IMG-20220610-WA0101.jpg 1280w\" sizes=\"auto, (max-width: 1024px) 100vw, 1024px\" \/><\/figure>\n\n\n\n<p>(Antonio Rivera)<\/p>\n\n\n\n<p>El edil tulumnense record\u00f3 que fue en dicho pa\u00eds donde al presidente mexicano Benito Ju\u00e1rez Garc\u00eda se le nombr\u00f3 \u201cBenem\u00e9rito de las Am\u00e9ricas\u201d, lo que motiv\u00f3 a\u00fan m\u00e1s la alianza entre ambas joyas tur\u00edsticas del Caribe<\/p>\n\n\n\n<p>Tulum, Quintana Roo, 10 de junio 2022.- El Ayuntamiento de Tulum aprob\u00f3 reconocer como hu\u00e9spedes distinguidos de este municipio al alcalde del Municipio Tur\u00edstico de Ver\u00f3n Punta Cana, Ram\u00f3n Antonio Ram\u00edrez de la Rosa, y a su distinguida esposa, Wendy G\u00f3mez Ram\u00edrez, en reconocimiento a los lazos de amistad y solidaridad que ambos han sostenido con el pueblo tulumnense.<\/p>\n\n\n\n<p>Durante la D\u00e9cima Cuarta Sesi\u00f3n Extraordinaria de Cabildo, las regidoras y regidores aprobaron la declaratoria y autorizaron al presidente municipal Marciano Dzul Caamal entregar a Ram\u00edrez de la Rosa las llaves de la Ciudad de Tulum, una pieza art\u00edstica conmemorativa elaborada de madera tallada por manos mayas.<\/p>\n\n\n\n<p>\u201cLe queremos entregar esta llave que representa nuestro acuerdo de amistad y de confianza. Yo espero que lo conserve para que se acuerde de este hermoso municipio\u201d, expres\u00f3 Dzul Caamal al reconocer la buena voluntad y la investidura de su hom\u00f3logo dominicano.<\/p>\n\n\n\n<p>Los lazos de amistad entre Tulum y Punta Cana tomaron un nuevo impulso en la presente administraci\u00f3n. El marzo pasado, ambos funcionarios formalizaron el hermanamiento de sus ciudades durante una visita oficial de Dzul Caamal al destino tur\u00edstico m\u00e1s importante de Rep\u00fablica Dominicana.<\/p>\n\n\n\n<p>En esa ocasi\u00f3n, el edil tulumnense record\u00f3 que fue en dicho pa\u00eds donde al presidente mexicano Benito Ju\u00e1rez Garc\u00eda se le nombr\u00f3 \u201cBenem\u00e9rito de las Am\u00e9ricas\u201d, lo que motiv\u00f3 a\u00fan m\u00e1s la alianza entre ambas joyas tur\u00edsticas del Caribe.<\/p>\n\n\n\n<p>Tras la ceremonia protocolaria en que se reconoci\u00f3 a los distinguidos visitantes, Marciano Dzul Caamal y Ram\u00f3n Antonio Ram\u00edrez de la Rosa encabezaron una conferencia de prensa para ofrecer detalles sobre el juego amistoso de s\u00f3ftbol entre las Diablillas de Hondzonot y las Elegidas de Punta Cana, el cual se llevar\u00e1 a cabo en el campo de dicha comunidad, el d\u00eda de ma\u00f1ana 11 de junio, a las 11:00 am<\/p>\n\n\n\n<figure class=\"wp-block-image size-large\"><img loading=\"lazy\" decoding=\"async\" width=\"1024\" height=\"682\" src=\"http:\/\/vertienteglobal.com\/wp-content\/uploads\/2022\/06\/IMG-20220610-WA0105-1024x682.jpg\" alt=\"\" class=\"wp-image-202349\" srcset=\"http:\/\/vertienteglobal.com\/wp-content\/uploads\/2022\/06\/IMG-20220610-WA0105-1024x682.jpg 1024w, http:\/\/vertienteglobal.com\/wp-content\/uploads\/2022\/06\/IMG-20220610-WA0105-300x200.jpg 300w, http:\/\/vertienteglobal.com\/wp-content\/uploads\/2022\/06\/IMG-20220610-WA0105-150x100.jpg 150w, http:\/\/vertienteglobal.com\/wp-content\/uploads\/2022\/06\/IMG-20220610-WA0105-768x512.jpg 768w, http:\/\/vertienteglobal.com\/wp-content\/uploads\/2022\/06\/IMG-20220610-WA0105.jpg 1280w\" sizes=\"auto, (max-width: 1024px) 100vw, 1024px\" \/><\/figure>\n\n\n\n<figure class=\"wp-block-image size-large\"><img loading=\"lazy\" decoding=\"async\" width=\"1024\" height=\"682\" src=\"http:\/\/vertienteglobal.com\/wp-content\/uploads\/2022\/06\/IMG-20220610-WA0106-1024x682.jpg\" alt=\"\" class=\"wp-image-202350\" srcset=\"http:\/\/vertienteglobal.com\/wp-content\/uploads\/2022\/06\/IMG-20220610-WA0106-1024x682.jpg 1024w, http:\/\/vertienteglobal.com\/wp-content\/uploads\/2022\/06\/IMG-20220610-WA0106-300x200.jpg 300w, http:\/\/vertienteglobal.com\/wp-content\/uploads\/2022\/06\/IMG-20220610-WA0106-150x100.jpg 150w, http:\/\/vertienteglobal.com\/wp-content\/uploads\/2022\/06\/IMG-20220610-WA0106-768x512.jpg 768w, http:\/\/vertienteglobal.com\/wp-content\/uploads\/2022\/06\/IMG-20220610-WA0106.jpg 1280w\" sizes=\"auto, (max-width: 1024px) 100vw, 1024px\" \/><\/figure>\n\n\n\n<figure class=\"wp-block-image size-large\"><img loading=\"lazy\" decoding=\"async\" width=\"1024\" height=\"682\" src=\"http:\/\/vertienteglobal.com\/wp-content\/uploads\/2022\/06\/IMG-20220610-WA0107-1024x682.jpg\" alt=\"\" class=\"wp-image-202351\" srcset=\"http:\/\/vertienteglobal.com\/wp-content\/uploads\/2022\/06\/IMG-20220610-WA0107-1024x682.jpg 1024w, http:\/\/vertienteglobal.com\/wp-content\/uploads\/2022\/06\/IMG-20220610-WA0107-300x200.jpg 300w, http:\/\/vertienteglobal.com\/wp-content\/uploads\/2022\/06\/IMG-20220610-WA0107-150x100.jpg 150w, http:\/\/vertienteglobal.com\/wp-content\/uploads\/2022\/06\/IMG-20220610-WA0107-768x512.jpg 768w, http:\/\/vertienteglobal.com\/wp-content\/uploads\/2022\/06\/IMG-20220610-WA0107.jpg 1280w\" sizes=\"auto, (max-width: 1024px) 100vw, 1024px\" \/><\/figure>\n\n\n\n<figure class=\"wp-block-image size-large\"><img loading=\"lazy\" decoding=\"async\" width=\"1024\" height=\"682\" src=\"http:\/\/vertienteglobal.com\/wp-content\/uploads\/2022\/06\/IMG-20220610-WA0108-1024x682.jpg\" alt=\"\" class=\"wp-image-202352\" srcset=\"http:\/\/vertienteglobal.com\/wp-content\/uploads\/2022\/06\/IMG-20220610-WA0108-1024x682.jpg 1024w, http:\/\/vertienteglobal.com\/wp-content\/uploads\/2022\/06\/IMG-20220610-WA0108-300x200.jpg 300w, http:\/\/vertienteglobal.com\/wp-content\/uploads\/2022\/06\/IMG-20220610-WA0108-150x100.jpg 150w, http:\/\/vertienteglobal.com\/wp-content\/uploads\/2022\/06\/IMG-20220610-WA0108-768x512.jpg 768w, http:\/\/vertienteglobal.com\/wp-content\/uploads\/2022\/06\/IMG-20220610-WA0108.jpg 1280w\" sizes=\"auto, (max-width: 1024px) 100vw, 1024px\" \/><\/figure>\n\n\n\n<figure class=\"wp-block-image size-large\"><img loading=\"lazy\" decoding=\"async\" width=\"1024\" height=\"682\" src=\"http:\/\/vertienteglobal.com\/wp-content\/uploads\/2022\/06\/IMG-20220610-WA0114-1024x682.jpg\" alt=\"\" class=\"wp-image-202353\" srcset=\"http:\/\/vertienteglobal.com\/wp-content\/uploads\/2022\/06\/IMG-20220610-WA0114-1024x682.jpg 1024w, http:\/\/vertienteglobal.com\/wp-content\/uploads\/2022\/06\/IMG-20220610-WA0114-300x200.jpg 300w, http:\/\/vertienteglobal.com\/wp-content\/uploads\/2022\/06\/IMG-20220610-WA0114-150x100.jpg 150w, http:\/\/vertienteglobal.com\/wp-content\/uploads\/2022\/06\/IMG-20220610-WA0114-768x512.jpg 768w, http:\/\/vertienteglobal.com\/wp-content\/uploads\/2022\/06\/IMG-20220610-WA0114.jpg 1280w\" sizes=\"auto, (max-width: 1024px) 100vw, 1024px\" \/><\/figure>\n","protected":false},"excerpt":{"rendered":"<p>(Antonio Rivera) El edil tulumnense record\u00f3 que fue en dicho pa\u00eds donde al presidente mexicano Benito Ju\u00e1rez Garc\u00eda se le nombr\u00f3 \u201cBenem\u00e9rito de las Am\u00e9ricas\u201d, lo que motiv\u00f3 a\u00fan m\u00e1s la alianza entre ambas joyas tur\u00edsticas del Caribe Tulum, Quintana Roo, 10 de junio 2022.- El Ayuntamiento de Tulum aprob\u00f3 reconocer como hu\u00e9spedes distinguidos de [&hellip;]<\/p>\n","protected":false},"author":1,"featured_media":202348,"comment_status":"open","ping_status":"open","sticky":false,"template":"","format":"standard","meta":{"footnotes":""},"categories":[3],"tags":[],"class_list":["post-202347","post","type-post","status-publish","format-standard","has-post-thumbnail","hentry","category-quintana-roo","entry","has-media"],"jetpack_featured_media_url":"http:\/\/vertienteglobal.com\/wp-content\/uploads\/2022\/06\/IMG-20220610-WA0101.jpg","_links":{"self":[{"href":"http:\/\/vertienteglobal.com\/index.php?rest_route=\/wp\/v2\/posts\/202347","targetHints":{"allow":["GET"]}}],"collection":[{"href":"http:\/\/vertienteglobal.com\/index.php?rest_route=\/wp\/v2\/posts"}],"about":[{"href":"http:\/\/vertienteglobal.com\/index.php?rest_route=\/wp\/v2\/types\/post"}],"author":[{"embeddable":true,"href":"http:\/\/vertienteglobal.com\/index.php?rest_route=\/wp\/v2\/users\/1"}],"replies":[{"embeddable":true,"href":"http:\/\/vertienteglobal.com\/index.php?rest_route=%2Fwp%2Fv2%2Fcomments&post=202347"}],"version-history":[{"count":0,"href":"http:\/\/vertienteglobal.com\/index.php?rest_route=\/wp\/v2\/posts\/202347\/revisions"}],"wp:featuredmedia":[{"embeddable":true,"href":"http:\/\/vertienteglobal.com\/index.php?rest_route=\/wp\/v2\/media\/202348"}],"wp:attachment":[{"href":"http:\/\/vertienteglobal.com\/index.php?rest_route=%2Fwp%2Fv2%2Fmedia&parent=202347"}],"wp:term":[{"taxonomy":"category","embeddable":true,"href":"http:\/\/vertienteglobal.com\/index.php?rest_route=%2Fwp%2Fv2%2Fcategories&post=202347"},{"taxonomy":"post_tag","embeddable":true,"href":"http:\/\/vertienteglobal.com\/index.php?rest_route=%2Fwp%2Fv2%2Ftags&post=202347"}],"curies":[{"name":"wp","href":"https:\/\/api.w.org\/{rel}","templated":true}]}}