{"id":202340,"date":"2022-06-10T09:33:00","date_gmt":"2022-06-10T14:33:00","guid":{"rendered":"http:\/\/vertienteglobal.com\/?p=202340"},"modified":"2022-06-10T15:42:10","modified_gmt":"2022-06-10T20:42:10","slug":"amlo-ve-presidenciables-al-priista-alejandro-murat-y-al-panista-mauricio-vila","status":"publish","type":"post","link":"http:\/\/vertienteglobal.com\/?p=202340","title":{"rendered":"AMLO ve presidenciables al priista Alejandro Murat y al panista Mauricio Vila"},"content":{"rendered":"\n<div class=\"twitterbutton\" style=\"float: right; padding-left: 5px;\"><a href=\"http:\/\/twitter.com\/share\" class=\"twitter-share-button\" data-count=\"horizontal\" data-text=\"AMLO ve presidenciables al priista Alejandro Murat y al panista Mauricio Vila\" data-via=\"https:\/\/twitter.com\/VertienteGloba1\" data-url=\"http:\/\/vertienteglobal.com\/?p=202340\" data-lang=\"es\" data-related=\"Informaci\u00f3n general:S\u00edguenos para que est\u00e9ss informado\"><\/a><\/div>\n<figure class=\"wp-block-image size-large\"><img loading=\"lazy\" decoding=\"async\" width=\"1009\" height=\"567\" src=\"http:\/\/vertienteglobal.com\/wp-content\/uploads\/2022\/06\/20220610_153604.jpg\" alt=\"\" class=\"wp-image-202341\" srcset=\"http:\/\/vertienteglobal.com\/wp-content\/uploads\/2022\/06\/20220610_153604.jpg 1009w, http:\/\/vertienteglobal.com\/wp-content\/uploads\/2022\/06\/20220610_153604-300x169.jpg 300w, http:\/\/vertienteglobal.com\/wp-content\/uploads\/2022\/06\/20220610_153604-150x84.jpg 150w, http:\/\/vertienteglobal.com\/wp-content\/uploads\/2022\/06\/20220610_153604-768x432.jpg 768w\" sizes=\"auto, (max-width: 1009px) 100vw, 1009px\" \/><\/figure>\n\n\n\n<p>(Redacci\u00f3n)<\/p>\n\n\n\n<p>Dijo: \u00abAd\u00e1n (Augusto L\u00f3pez) es de primera , mi paisano, extraordinario secretario de gobernaci\u00f3n, me ayuda mucho. Claudia (Sheinbaum) es trabajadora, inteligente, honesta. Marcelo Ebrard me est\u00e1 representando en la Cumbre (de las Am\u00e9ricas) con mucha dignidad, defendiendo la pol\u00edtica exterior de Mexico\u00bb<\/p>\n\n\n\n<p>Oaxaca, Oaxaca 10 de junio de 2022.- El presidente de M\u00e9xico, Andr\u00e9s Manuel L\u00f3pez Obrador, se\u00f1al\u00f3 que los gobernadores de Oaxaca, Alejandro Murat y de Yucat\u00e1n, Mauricio Vila, podr\u00edan ser posibles candidatos a la presidencia del pa\u00eds por el PRI y PAN, respectivamente.<\/p>\n\n\n\n<p>Y es que en la conferencia matutina, Lopez Obrador  se\u00f1alo: \u00abQue no haya tapados, todos tienen esa posibilidad de participar, nada m\u00e1s si se tiene una responsabilidad, nada m\u00e1s es cumplir con la gente. Este es un consejo: si se dedican a hacer campa\u00f1a y tienen una responsabilidad, la gente los va a castigar porque el pueblo es mucha pieza, se da cuenta de todo\u201d.<\/p>\n\n\n\n<p>El mandatario tambi\u00e9n fue cuestionado sobre el veh\u00edculo que supuestamente circula en Nuevo Le\u00f3n para promover la imagen del titular de la Secretar\u00eda de Gobernaci\u00f3n (Segob), Ad\u00e1n Augusto L\u00f3pez Hern\u00e1ndez, y sobre esto, dijo desconocer estas acciones.<\/p>\n\n\n\n<p>No obstante, dijo que no debe haber \u201ctapados\u201d para la candidatura presidencial en 2024.<\/p>\n\n\n\n<p>\u201cAd\u00e1n (Augusto L\u00f3pez) es de primera , mi paisano, extraordinario secretario de gobernaci\u00f3n, me ayuda mucho. Claudia (Sheinbaum) es trabajadora, inteligente, honesta. Marcelo Ebrard me est\u00e1 representando en la Cumbre (de las Am\u00e9ricas) con mucha dignidad, defendiendo la pol\u00edtica exterior de Mexico, un pol\u00edtico profesional. Tatiana Clouthier, su tradici\u00f3n pol\u00edtica, hija de uno de los pol\u00edticos opositores m\u00e1s importantes de este pa\u00eds: Manuel Clouthier\u201d, se\u00f1al\u00f3.(Fuente: Forbes)<\/p>\n\n\n\n<figure class=\"wp-block-image size-large\"><img loading=\"lazy\" decoding=\"async\" width=\"1013\" height=\"566\" src=\"http:\/\/vertienteglobal.com\/wp-content\/uploads\/2022\/06\/20220610_153550.jpg\" alt=\"\" class=\"wp-image-202343\" srcset=\"http:\/\/vertienteglobal.com\/wp-content\/uploads\/2022\/06\/20220610_153550.jpg 1013w, http:\/\/vertienteglobal.com\/wp-content\/uploads\/2022\/06\/20220610_153550-300x168.jpg 300w, http:\/\/vertienteglobal.com\/wp-content\/uploads\/2022\/06\/20220610_153550-150x84.jpg 150w, http:\/\/vertienteglobal.com\/wp-content\/uploads\/2022\/06\/20220610_153550-768x429.jpg 768w\" sizes=\"auto, (max-width: 1013px) 100vw, 1013px\" \/><\/figure>\n","protected":false},"excerpt":{"rendered":"<p>(Redacci\u00f3n) Dijo: \u00abAd\u00e1n (Augusto L\u00f3pez) es de primera , mi paisano, extraordinario secretario de gobernaci\u00f3n, me ayuda mucho. Claudia (Sheinbaum) es trabajadora, inteligente, honesta. Marcelo Ebrard me est\u00e1 representando en la Cumbre (de las Am\u00e9ricas) con mucha dignidad, defendiendo la pol\u00edtica exterior de Mexico\u00bb Oaxaca, Oaxaca 10 de junio de 2022.- El presidente de M\u00e9xico, [&hellip;]<\/p>\n","protected":false},"author":1,"featured_media":202343,"comment_status":"open","ping_status":"open","sticky":false,"template":"","format":"standard","meta":{"footnotes":""},"categories":[8],"tags":[],"class_list":["post-202340","post","type-post","status-publish","format-standard","has-post-thumbnail","hentry","category-pais","entry","has-media"],"jetpack_featured_media_url":"http:\/\/vertienteglobal.com\/wp-content\/uploads\/2022\/06\/20220610_153550.jpg","_links":{"self":[{"href":"http:\/\/vertienteglobal.com\/index.php?rest_route=\/wp\/v2\/posts\/202340","targetHints":{"allow":["GET"]}}],"collection":[{"href":"http:\/\/vertienteglobal.com\/index.php?rest_route=\/wp\/v2\/posts"}],"about":[{"href":"http:\/\/vertienteglobal.com\/index.php?rest_route=\/wp\/v2\/types\/post"}],"author":[{"embeddable":true,"href":"http:\/\/vertienteglobal.com\/index.php?rest_route=\/wp\/v2\/users\/1"}],"replies":[{"embeddable":true,"href":"http:\/\/vertienteglobal.com\/index.php?rest_route=%2Fwp%2Fv2%2Fcomments&post=202340"}],"version-history":[{"count":0,"href":"http:\/\/vertienteglobal.com\/index.php?rest_route=\/wp\/v2\/posts\/202340\/revisions"}],"wp:featuredmedia":[{"embeddable":true,"href":"http:\/\/vertienteglobal.com\/index.php?rest_route=\/wp\/v2\/media\/202343"}],"wp:attachment":[{"href":"http:\/\/vertienteglobal.com\/index.php?rest_route=%2Fwp%2Fv2%2Fmedia&parent=202340"}],"wp:term":[{"taxonomy":"category","embeddable":true,"href":"http:\/\/vertienteglobal.com\/index.php?rest_route=%2Fwp%2Fv2%2Fcategories&post=202340"},{"taxonomy":"post_tag","embeddable":true,"href":"http:\/\/vertienteglobal.com\/index.php?rest_route=%2Fwp%2Fv2%2Ftags&post=202340"}],"curies":[{"name":"wp","href":"https:\/\/api.w.org\/{rel}","templated":true}]}}