{"id":202244,"date":"2022-05-26T11:30:00","date_gmt":"2022-05-26T16:30:00","guid":{"rendered":"http:\/\/vertienteglobal.com\/?p=202244"},"modified":"2022-05-26T11:29:58","modified_gmt":"2022-05-26T16:29:58","slug":"whatsapp-permitira-almacenar-mensajes-temporales-en-perfil-de-cada-contacto","status":"publish","type":"post","link":"http:\/\/vertienteglobal.com\/?p=202244","title":{"rendered":"WhatsApp permitir\u00e1 almacenar mensajes temporales en perfil de cada contacto"},"content":{"rendered":"\n<div class=\"twitterbutton\" style=\"float: right; padding-left: 5px;\"><a href=\"http:\/\/twitter.com\/share\" class=\"twitter-share-button\" data-count=\"horizontal\" data-text=\"WhatsApp permitir\u00e1 almacenar mensajes temporales en perfil de cada contacto\" data-via=\"https:\/\/twitter.com\/VertienteGloba1\" data-url=\"http:\/\/vertienteglobal.com\/?p=202244\" data-lang=\"es\" data-related=\"Informaci\u00f3n general:S\u00edguenos para que est\u00e9ss informado\"><\/a><\/div>\n<figure class=\"wp-block-image size-large\"><img loading=\"lazy\" decoding=\"async\" width=\"986\" height=\"683\" src=\"http:\/\/vertienteglobal.com\/wp-content\/uploads\/2022\/05\/1216956xeu202205260739302.jpg\" alt=\"\" class=\"wp-image-202245\" srcset=\"http:\/\/vertienteglobal.com\/wp-content\/uploads\/2022\/05\/1216956xeu202205260739302.jpg 986w, http:\/\/vertienteglobal.com\/wp-content\/uploads\/2022\/05\/1216956xeu202205260739302-300x208.jpg 300w, http:\/\/vertienteglobal.com\/wp-content\/uploads\/2022\/05\/1216956xeu202205260739302-150x104.jpg 150w, http:\/\/vertienteglobal.com\/wp-content\/uploads\/2022\/05\/1216956xeu202205260739302-768x532.jpg 768w\" sizes=\"auto, (max-width: 986px) 100vw, 986px\" \/><\/figure>\n\n\n\n<p>(Redacci\u00f3n)<\/p>\n\n\n\n<p>Actualmente la aplicaci\u00f3n de mensajer\u00eda permite marcar los mensajes como &#8216;Destacados&#8217; con una estrella, de modo que esta se presenta tanto en el mensaje dentro de la propia conversaci\u00f3n como en la informaci\u00f3n de contacto, en &#8216;Mensajes destacados&#8217;<\/p>\n\n\n\n<p>Ciudad de M\u00e9xico 26 de mayo de 2022.-La plataforma de WhatsApp busca introducir un nuevo apartado dentro del perfil de cada contacto para poder acceder directamente a los mensajes temporales almacenados.<\/p>\n\n\n\n<p>La compa\u00f1\u00eda introdujo los mensajes temporales, que se eliminan autom\u00e1ticamente pasado un tiempo, en noviembre de 2020.<\/p>\n\n\n\n<p>En agosto de 2021, implement\u00f3 una medida similar para los archivos multimedia, por la que desaparecen tras verlos una \u00fanica vez.<\/p>\n\n\n\n<p>Actualmente la aplicaci\u00f3n de mensajer\u00eda permite marcar los mensajes como &#8216;Destacados&#8217; con una estrella, de modo que esta se presenta tanto en el mensaje dentro de la propia conversaci\u00f3n como en la informaci\u00f3n de contacto, en &#8216;Mensajes destacados&#8217;.(Fuente: Exc\u00e9lsior)<\/p>\n","protected":false},"excerpt":{"rendered":"<p>(Redacci\u00f3n) Actualmente la aplicaci\u00f3n de mensajer\u00eda permite marcar los mensajes como &#8216;Destacados&#8217; con una estrella, de modo que esta se presenta tanto en el mensaje dentro de la propia conversaci\u00f3n como en la informaci\u00f3n de contacto, en &#8216;Mensajes destacados&#8217; Ciudad de M\u00e9xico 26 de mayo de 2022.-La plataforma de WhatsApp busca introducir un nuevo apartado [&hellip;]<\/p>\n","protected":false},"author":1,"featured_media":202245,"comment_status":"open","ping_status":"open","sticky":false,"template":"","format":"standard","meta":{"footnotes":""},"categories":[8],"tags":[],"class_list":["post-202244","post","type-post","status-publish","format-standard","has-post-thumbnail","hentry","category-pais","entry","has-media"],"jetpack_featured_media_url":"http:\/\/vertienteglobal.com\/wp-content\/uploads\/2022\/05\/1216956xeu202205260739302.jpg","_links":{"self":[{"href":"http:\/\/vertienteglobal.com\/index.php?rest_route=\/wp\/v2\/posts\/202244","targetHints":{"allow":["GET"]}}],"collection":[{"href":"http:\/\/vertienteglobal.com\/index.php?rest_route=\/wp\/v2\/posts"}],"about":[{"href":"http:\/\/vertienteglobal.com\/index.php?rest_route=\/wp\/v2\/types\/post"}],"author":[{"embeddable":true,"href":"http:\/\/vertienteglobal.com\/index.php?rest_route=\/wp\/v2\/users\/1"}],"replies":[{"embeddable":true,"href":"http:\/\/vertienteglobal.com\/index.php?rest_route=%2Fwp%2Fv2%2Fcomments&post=202244"}],"version-history":[{"count":0,"href":"http:\/\/vertienteglobal.com\/index.php?rest_route=\/wp\/v2\/posts\/202244\/revisions"}],"wp:featuredmedia":[{"embeddable":true,"href":"http:\/\/vertienteglobal.com\/index.php?rest_route=\/wp\/v2\/media\/202245"}],"wp:attachment":[{"href":"http:\/\/vertienteglobal.com\/index.php?rest_route=%2Fwp%2Fv2%2Fmedia&parent=202244"}],"wp:term":[{"taxonomy":"category","embeddable":true,"href":"http:\/\/vertienteglobal.com\/index.php?rest_route=%2Fwp%2Fv2%2Fcategories&post=202244"},{"taxonomy":"post_tag","embeddable":true,"href":"http:\/\/vertienteglobal.com\/index.php?rest_route=%2Fwp%2Fv2%2Ftags&post=202244"}],"curies":[{"name":"wp","href":"https:\/\/api.w.org\/{rel}","templated":true}]}}