{"id":202214,"date":"2022-05-25T17:47:00","date_gmt":"2022-05-25T22:47:00","guid":{"rendered":"http:\/\/vertienteglobal.com\/?p=202214"},"modified":"2022-05-25T19:51:40","modified_gmt":"2022-05-26T00:51:40","slug":"sismo-de-magnitud-5-5-se-sintio-en-18-municipios-de-veracruz-pc","status":"publish","type":"post","link":"http:\/\/vertienteglobal.com\/?p=202214","title":{"rendered":"Sismo de magnitud 5.5 se sinti\u00f3 en 18 municipios de Veracruz: PC"},"content":{"rendered":"\n<div class=\"twitterbutton\" style=\"float: right; padding-left: 5px;\"><a href=\"http:\/\/twitter.com\/share\" class=\"twitter-share-button\" data-count=\"horizontal\" data-text=\"Sismo de magnitud 5.5 se sinti\u00f3 en 18 municipios de Veracruz: PC\" data-via=\"https:\/\/twitter.com\/VertienteGloba1\" data-url=\"http:\/\/vertienteglobal.com\/?p=202214\" data-lang=\"es\" data-related=\"Informaci\u00f3n general:S\u00edguenos para que est\u00e9ss informado\"><\/a><\/div>\n<figure class=\"wp-block-image size-large\"><img loading=\"lazy\" decoding=\"async\" width=\"959\" height=\"638\" src=\"http:\/\/vertienteglobal.com\/wp-content\/uploads\/2022\/05\/1216908xeu202205251841352.jpg\" alt=\"\" class=\"wp-image-202215\" srcset=\"http:\/\/vertienteglobal.com\/wp-content\/uploads\/2022\/05\/1216908xeu202205251841352.jpg 959w, http:\/\/vertienteglobal.com\/wp-content\/uploads\/2022\/05\/1216908xeu202205251841352-300x200.jpg 300w, http:\/\/vertienteglobal.com\/wp-content\/uploads\/2022\/05\/1216908xeu202205251841352-150x100.jpg 150w, http:\/\/vertienteglobal.com\/wp-content\/uploads\/2022\/05\/1216908xeu202205251841352-768x511.jpg 768w\" sizes=\"auto, (max-width: 959px) 100vw, 959px\" \/><\/figure>\n\n\n\n<p>(Redacci\u00f3n)<\/p>\n\n\n\n<p>Tambi\u00e9n se realizaron evacuaciones precautorias en Xalapa, en el Ayuntamiento, Rector\u00eda UV, Torre Olmo, Fiscal\u00eda General del Estado, Cl\u00ednica 11 del IMSS, IVEA, CECyTE, Secretar\u00eda de Econom\u00eda, ORFIS, Torre Halc\u00f3n, INVEDEM y el cuartel de polic\u00eda de San Jos\u00e9<\/p>\n\n\n\n<p>Xalapa, Veracruz 25 de mayo de 2022.-La Secretar\u00eda de Protecci\u00f3n Civil del estado inform\u00f3 que el sismo registrado al tarde de este mi\u00e9rcoles, con epicentro en el estado de Oaxaca, se percibi\u00f3 en 18 municipios de Veracruz.<\/p>\n\n\n\n<p>\u00abEn seguimiento al sismo registrado en el estado de Oaxaca, se reporta percepci\u00f3n en 18 municipios de las regiones de Xalapa, C\u00f3rdoba, Orizaba, Huatusco, Tres Valles, y Los Tuxtlas\u00bb.<\/p>\n\n\n\n<p>Agrega que tambi\u00e9n se realizaron evacuaciones precautorias en Xalapa, en el Ayuntamiento, Rector\u00eda UV, Torre Olmo, Fiscal\u00eda General del Estado, Cl\u00ednica 11 del IMSS, IVEA, CECyTE, Secretar\u00eda de Econom\u00eda, ORFIS, Torre Halc\u00f3n, INVEDEM y el cuartel de polic\u00eda de San Jos\u00e9.<\/p>\n\n\n\n<p>Protecci\u00f3n Civil del estado de Veracruz indica que al cierre, \u00abno se reportan personas lesionadas ni afectaciones de ning\u00fan tipo\u00bb<\/p>\n\n\n\n<p>El epicentro del temblor se localiz\u00f3 a 41 kil\u00f3metros al noreste de Crucecita, Oaxaca; se origin\u00f3 a las 16:43 horas y tuvo una profundidad de 12 kil\u00f3metros.(Fuente:SPCVER\/Foto:SPCVER\/JAC)<\/p>\n","protected":false},"excerpt":{"rendered":"<p>(Redacci\u00f3n) Tambi\u00e9n se realizaron evacuaciones precautorias en Xalapa, en el Ayuntamiento, Rector\u00eda UV, Torre Olmo, Fiscal\u00eda General del Estado, Cl\u00ednica 11 del IMSS, IVEA, CECyTE, Secretar\u00eda de Econom\u00eda, ORFIS, Torre Halc\u00f3n, INVEDEM y el cuartel de polic\u00eda de San Jos\u00e9 Xalapa, Veracruz 25 de mayo de 2022.-La Secretar\u00eda de Protecci\u00f3n Civil del estado inform\u00f3 que [&hellip;]<\/p>\n","protected":false},"author":1,"featured_media":202215,"comment_status":"open","ping_status":"open","sticky":false,"template":"","format":"standard","meta":{"footnotes":""},"categories":[7],"tags":[],"class_list":["post-202214","post","type-post","status-publish","format-standard","has-post-thumbnail","hentry","category-veracruz","entry","has-media"],"jetpack_featured_media_url":"http:\/\/vertienteglobal.com\/wp-content\/uploads\/2022\/05\/1216908xeu202205251841352.jpg","_links":{"self":[{"href":"http:\/\/vertienteglobal.com\/index.php?rest_route=\/wp\/v2\/posts\/202214","targetHints":{"allow":["GET"]}}],"collection":[{"href":"http:\/\/vertienteglobal.com\/index.php?rest_route=\/wp\/v2\/posts"}],"about":[{"href":"http:\/\/vertienteglobal.com\/index.php?rest_route=\/wp\/v2\/types\/post"}],"author":[{"embeddable":true,"href":"http:\/\/vertienteglobal.com\/index.php?rest_route=\/wp\/v2\/users\/1"}],"replies":[{"embeddable":true,"href":"http:\/\/vertienteglobal.com\/index.php?rest_route=%2Fwp%2Fv2%2Fcomments&post=202214"}],"version-history":[{"count":0,"href":"http:\/\/vertienteglobal.com\/index.php?rest_route=\/wp\/v2\/posts\/202214\/revisions"}],"wp:featuredmedia":[{"embeddable":true,"href":"http:\/\/vertienteglobal.com\/index.php?rest_route=\/wp\/v2\/media\/202215"}],"wp:attachment":[{"href":"http:\/\/vertienteglobal.com\/index.php?rest_route=%2Fwp%2Fv2%2Fmedia&parent=202214"}],"wp:term":[{"taxonomy":"category","embeddable":true,"href":"http:\/\/vertienteglobal.com\/index.php?rest_route=%2Fwp%2Fv2%2Fcategories&post=202214"},{"taxonomy":"post_tag","embeddable":true,"href":"http:\/\/vertienteglobal.com\/index.php?rest_route=%2Fwp%2Fv2%2Ftags&post=202214"}],"curies":[{"name":"wp","href":"https:\/\/api.w.org\/{rel}","templated":true}]}}