{"id":202037,"date":"2022-05-10T08:51:00","date_gmt":"2022-05-10T13:51:00","guid":{"rendered":"http:\/\/vertienteglobal.com\/?p=202037"},"modified":"2022-05-10T19:16:55","modified_gmt":"2022-05-11T00:16:55","slug":"amlo-felicita-a-las-mamas-y-convierte-mananera-en-festival-por-dia-de-las-madres","status":"publish","type":"post","link":"http:\/\/vertienteglobal.com\/?p=202037","title":{"rendered":"AMLO felicita a las mam\u00e1s y convierte ma\u00f1anera en festival por D\u00eda de las Madres"},"content":{"rendered":"\n<div class=\"twitterbutton\" style=\"float: right; padding-left: 5px;\"><a href=\"http:\/\/twitter.com\/share\" class=\"twitter-share-button\" data-count=\"horizontal\" data-text=\"AMLO felicita a las mam\u00e1s y convierte ma\u00f1anera en festival por D\u00eda de las Mad...\" data-via=\"https:\/\/twitter.com\/VertienteGloba1\" data-url=\"http:\/\/vertienteglobal.com\/?p=202037\" data-lang=\"es\" data-related=\"Informaci\u00f3n general:S\u00edguenos para que est\u00e9ss informado\"><\/a><\/div>\n<figure class=\"wp-block-image size-large\"><img loading=\"lazy\" decoding=\"async\" width=\"660\" height=\"330\" src=\"http:\/\/vertienteglobal.com\/wp-content\/uploads\/2022\/05\/dia-de-las-madres-075245-660x330-1.jpg\" alt=\"\" class=\"wp-image-202038\" srcset=\"http:\/\/vertienteglobal.com\/wp-content\/uploads\/2022\/05\/dia-de-las-madres-075245-660x330-1.jpg 660w, http:\/\/vertienteglobal.com\/wp-content\/uploads\/2022\/05\/dia-de-las-madres-075245-660x330-1-300x150.jpg 300w, http:\/\/vertienteglobal.com\/wp-content\/uploads\/2022\/05\/dia-de-las-madres-075245-660x330-1-150x75.jpg 150w\" sizes=\"auto, (max-width: 660px) 100vw, 660px\" \/><\/figure>\n\n\n\n<p>(Redacci\u00f3n)<\/p>\n\n\n\n<p><em><strong>L\u00f3pez Obrador dedic\u00f3 unas palabras a todas las madres, a las que a\u00fan viven y a las \u2018que ya se nos adelantaron\u2019<\/strong><\/em><\/p>\n\n\n\n<p>Ciudad de M\u00e9xico 10 de mayo de 2022.-El presidente Andr\u00e9s Manuel L\u00f3pez Obrador (AMLO) felicit\u00f3 a todas las mam\u00e1s de M\u00e9xico por el D\u00eda de las Madres, que se celebra hoy, 10 de mayo de 2022, y convirti\u00f3 la conferencia ma\u00f1anera en un festival con m\u00fasica veracruzana.<\/p>\n\n\n\n<p>\u201cAntes que nada nuestras m\u00e1s sinceras y afectuosas, cari\u00f1osas, felicitaciones a las mam\u00e1s, a las que est\u00e1n en nuestro pa\u00eds, a las que est\u00e1n en extranjero, a las que todav\u00eda nos acompa\u00f1an, a las que ya se fueron, se los adelantaron, pero las recordamos siempre con mucho cari\u00f1o\u201d, mencion\u00f3 L\u00f3pez Obrador al iniciar la conferencia ma\u00f1anera.<\/p>\n\n\n\n<p>El presidente felicit\u00f3 a todas las mam\u00e1s, a las que est\u00e1n sufriendo por sus hijos, por los desaparecidos, a las que est\u00e1n enfermas o preocupadas por familiares enfermos, a las mujeres humildes de todas las comunidades y pueblos, a las mujeres trabajadoras.<\/p>\n\n\n\n<p>Al final de la conferencia ma\u00f1anera, el grupo de m\u00fasica veracruzana\u201dVeracruz me llena de orgullo\u201d ofreci\u00f3 un festival para las mam\u00e1s de M\u00e9xico.<\/p>\n\n\n\n<p>El festival musical inici\u00f3 con Las Ma\u00f1anitas, seguido de un selecto repertorio de temas y bailables veracruzanos. (Fuente: Noticieros Televisa)<\/p>\n","protected":false},"excerpt":{"rendered":"<p>(Redacci\u00f3n) L\u00f3pez Obrador dedic\u00f3 unas palabras a todas las madres, a las que a\u00fan viven y a las \u2018que ya se nos adelantaron\u2019 Ciudad de M\u00e9xico 10 de mayo de 2022.-El presidente Andr\u00e9s Manuel L\u00f3pez Obrador (AMLO) felicit\u00f3 a todas las mam\u00e1s de M\u00e9xico por el D\u00eda de las Madres, que se celebra hoy, 10 [&hellip;]<\/p>\n","protected":false},"author":1,"featured_media":202038,"comment_status":"open","ping_status":"open","sticky":false,"template":"","format":"standard","meta":{"footnotes":""},"categories":[8],"tags":[],"class_list":["post-202037","post","type-post","status-publish","format-standard","has-post-thumbnail","hentry","category-pais","entry","has-media"],"jetpack_featured_media_url":"http:\/\/vertienteglobal.com\/wp-content\/uploads\/2022\/05\/dia-de-las-madres-075245-660x330-1.jpg","_links":{"self":[{"href":"http:\/\/vertienteglobal.com\/index.php?rest_route=\/wp\/v2\/posts\/202037","targetHints":{"allow":["GET"]}}],"collection":[{"href":"http:\/\/vertienteglobal.com\/index.php?rest_route=\/wp\/v2\/posts"}],"about":[{"href":"http:\/\/vertienteglobal.com\/index.php?rest_route=\/wp\/v2\/types\/post"}],"author":[{"embeddable":true,"href":"http:\/\/vertienteglobal.com\/index.php?rest_route=\/wp\/v2\/users\/1"}],"replies":[{"embeddable":true,"href":"http:\/\/vertienteglobal.com\/index.php?rest_route=%2Fwp%2Fv2%2Fcomments&post=202037"}],"version-history":[{"count":0,"href":"http:\/\/vertienteglobal.com\/index.php?rest_route=\/wp\/v2\/posts\/202037\/revisions"}],"wp:featuredmedia":[{"embeddable":true,"href":"http:\/\/vertienteglobal.com\/index.php?rest_route=\/wp\/v2\/media\/202038"}],"wp:attachment":[{"href":"http:\/\/vertienteglobal.com\/index.php?rest_route=%2Fwp%2Fv2%2Fmedia&parent=202037"}],"wp:term":[{"taxonomy":"category","embeddable":true,"href":"http:\/\/vertienteglobal.com\/index.php?rest_route=%2Fwp%2Fv2%2Fcategories&post=202037"},{"taxonomy":"post_tag","embeddable":true,"href":"http:\/\/vertienteglobal.com\/index.php?rest_route=%2Fwp%2Fv2%2Ftags&post=202037"}],"curies":[{"name":"wp","href":"https:\/\/api.w.org\/{rel}","templated":true}]}}