{"id":201596,"date":"2022-04-14T16:42:18","date_gmt":"2022-04-14T21:42:18","guid":{"rendered":"http:\/\/vertienteglobal.com\/?p=201596"},"modified":"2022-04-15T17:45:00","modified_gmt":"2022-04-15T22:45:00","slug":"contra-augurios-derrotistas-avanza-nivardo-mena-en-preferencias-electorales","status":"publish","type":"post","link":"http:\/\/vertienteglobal.com\/?p=201596","title":{"rendered":"Contra augurios derrotistas, avanza Nivardo Mena en preferencias electorales"},"content":{"rendered":"\n<div class=\"twitterbutton\" style=\"float: right; padding-left: 5px;\"><a href=\"http:\/\/twitter.com\/share\" class=\"twitter-share-button\" data-count=\"horizontal\" data-text=\"Contra augurios derrotistas, avanza Nivardo Mena en preferencias electorales\" data-via=\"https:\/\/twitter.com\/VertienteGloba1\" data-url=\"http:\/\/vertienteglobal.com\/?p=201596\" data-lang=\"es\" data-related=\"Informaci\u00f3n general:S\u00edguenos para que est\u00e9ss informado\"><\/a><\/div>\n<figure class=\"wp-block-image size-large\"><img loading=\"lazy\" decoding=\"async\" width=\"720\" height=\"540\" src=\"http:\/\/vertienteglobal.com\/wp-content\/uploads\/2022\/04\/FB_IMG_1650062522566.jpg\" alt=\"\" class=\"wp-image-201597\" srcset=\"http:\/\/vertienteglobal.com\/wp-content\/uploads\/2022\/04\/FB_IMG_1650062522566.jpg 720w, http:\/\/vertienteglobal.com\/wp-content\/uploads\/2022\/04\/FB_IMG_1650062522566-300x225.jpg 300w, http:\/\/vertienteglobal.com\/wp-content\/uploads\/2022\/04\/FB_IMG_1650062522566-150x113.jpg 150w\" sizes=\"auto, (max-width: 720px) 100vw, 720px\" \/><\/figure>\n\n\n\n<p>(Redacci\u00f3n)<\/p>\n\n\n\n<p>De los cinco candidatos a la gubernatura es el que tiene mejor imagen de su persona ante la ciudadan\u00eda<\/p>\n\n\n\n<p>Chetumal, Quintana Roo 14 de abril de 2022.- La \u00faltima encuesta levantada v\u00eda telef\u00f3nica el 26 y 28 de marzo pasado a 800 personas quintanarroenses por \u201cDe las Heras Demotecnia\u201d, dio como resultados que el 21% de los entrevistados dijo conocer al candidato del MAS, Josu\u00e9 Nivardo Mena Villanueva, revel\u00f3 el vocero de la campa\u00f1a Filiberto Cuevas Navarrete.<br>El vocero de Nivardo Mena, especific\u00f3 que en cuanto a la intenci\u00f3n del voto, referente a las preferencias del partido, un 3% contest\u00f3 que votar\u00eda por el Movimiento Aut\u00e9ntico Social (MAS), un 6% por el PRI, un 13% por el PAN, 19% por Movimiento Ciudadano (MC) y un 59% por la marca Morena.<\/p>\n\n\n\n<p>Ahora bien, agreg\u00f3, previo al inicio de campa\u00f1a el pasado 3 de abril, \u201cnuestro candidato Josu\u00e9 Nivardo Mena Villanueva llega con 5% de las preferencias electorales, seg\u00fan \u2018la fotograf\u00eda del momento\u2019 tomada por Demotecnia y publicada en su portal demotecnia.com.mx, lo que implica un crecimiento del 2% en solo tres d\u00edas\u201d.<\/p>\n\n\n\n<p>Cuevas Navarrete, encuesta en mano, no deja pasar la oportunidad para destacar que las y los quintanarroenses entrevistados consideran que de los cinco participantes a la gubernatura, Nivardo Mena es el mejor posicionado en cuanto a opini\u00f3n positiva de su persona, pues el 8% dijo tener una opini\u00f3n \u201cmuy buena\u201d y un 51% expres\u00f3 que es \u201cbuena\u201d.<\/p>\n\n\n\n<p>Por otro lado, la encuestadora \u201cCripeso\u201d Servicios de Consultor\u00eda S. C., \u201cnos muestra el avance que ha tenido Nivardo Mena Villanueva, pues seg\u00fan la casa consultora, \u00e9l est\u00e1 arriba del 300% de crecimiento, pues en algunas encuestas pasadas lo colocaban con un 2.5 de preferencia y hoy est\u00e1 con un 9.80 por ciento, 326% m\u00e1s\u201d, enfatiza el vocero y coordinador de la campa\u00f1a, Filiberto Cuevas.<\/p>\n\n\n\n<p>El entrevistado detalla que en cuanto a la opini\u00f3n que tiene la poblaci\u00f3n de los candidatos a gobernador en Quintana Roo, el que tiene menos negativos es Nivardo Mena Villanueva con 28.88%, en tanto que Mara Lezama tiene 39.81%; Leslie Hendricks con 37.78%, Jos\u00e9 Luis Pech con 44.53% y la que tiene m\u00e1s negativos es Laura Fern\u00e1ndez Pi\u00f1a, con 45.76%; esto es coincidente con lo que publica tambi\u00e9n la encuestadora Demotecnia, hace notar Cuevas Navarrete.<\/p>\n\n\n\n<p>\u201cIndudablemente en MAS y los quintanarroenses tienen un candidato con valores morales muy altos, lo demuestran las encuestas, la opini\u00f3n de la gente es muy positiva; por eso los invito a votar este pr\u00f3ximo 5 de junio por uno como nosotros, al que ya han llamado \u2018el candidato del pueblo\u2019 y que ama profundamente a Quintana Roo y a su pr\u00f3jimo\u201d, concluye el vocero Filiberto Cuevas.<\/p>\n\n\n\n<figure class=\"wp-block-image size-large\"><img loading=\"lazy\" decoding=\"async\" width=\"720\" height=\"512\" src=\"http:\/\/vertienteglobal.com\/wp-content\/uploads\/2022\/04\/FB_IMG_1650062511740.jpg\" alt=\"\" class=\"wp-image-201598\" srcset=\"http:\/\/vertienteglobal.com\/wp-content\/uploads\/2022\/04\/FB_IMG_1650062511740.jpg 720w, http:\/\/vertienteglobal.com\/wp-content\/uploads\/2022\/04\/FB_IMG_1650062511740-300x213.jpg 300w, http:\/\/vertienteglobal.com\/wp-content\/uploads\/2022\/04\/FB_IMG_1650062511740-150x107.jpg 150w\" sizes=\"auto, (max-width: 720px) 100vw, 720px\" \/><\/figure>\n","protected":false},"excerpt":{"rendered":"<p>(Redacci\u00f3n) De los cinco candidatos a la gubernatura es el que tiene mejor imagen de su persona ante la ciudadan\u00eda Chetumal, Quintana Roo 14 de abril de 2022.- La \u00faltima encuesta levantada v\u00eda telef\u00f3nica el 26 y 28 de marzo pasado a 800 personas quintanarroenses por \u201cDe las Heras Demotecnia\u201d, dio como resultados que el [&hellip;]<\/p>\n","protected":false},"author":1,"featured_media":201597,"comment_status":"open","ping_status":"open","sticky":false,"template":"","format":"standard","meta":{"footnotes":""},"categories":[3],"tags":[],"class_list":["post-201596","post","type-post","status-publish","format-standard","has-post-thumbnail","hentry","category-quintana-roo","entry","has-media"],"jetpack_featured_media_url":"http:\/\/vertienteglobal.com\/wp-content\/uploads\/2022\/04\/FB_IMG_1650062522566.jpg","_links":{"self":[{"href":"http:\/\/vertienteglobal.com\/index.php?rest_route=\/wp\/v2\/posts\/201596","targetHints":{"allow":["GET"]}}],"collection":[{"href":"http:\/\/vertienteglobal.com\/index.php?rest_route=\/wp\/v2\/posts"}],"about":[{"href":"http:\/\/vertienteglobal.com\/index.php?rest_route=\/wp\/v2\/types\/post"}],"author":[{"embeddable":true,"href":"http:\/\/vertienteglobal.com\/index.php?rest_route=\/wp\/v2\/users\/1"}],"replies":[{"embeddable":true,"href":"http:\/\/vertienteglobal.com\/index.php?rest_route=%2Fwp%2Fv2%2Fcomments&post=201596"}],"version-history":[{"count":0,"href":"http:\/\/vertienteglobal.com\/index.php?rest_route=\/wp\/v2\/posts\/201596\/revisions"}],"wp:featuredmedia":[{"embeddable":true,"href":"http:\/\/vertienteglobal.com\/index.php?rest_route=\/wp\/v2\/media\/201597"}],"wp:attachment":[{"href":"http:\/\/vertienteglobal.com\/index.php?rest_route=%2Fwp%2Fv2%2Fmedia&parent=201596"}],"wp:term":[{"taxonomy":"category","embeddable":true,"href":"http:\/\/vertienteglobal.com\/index.php?rest_route=%2Fwp%2Fv2%2Fcategories&post=201596"},{"taxonomy":"post_tag","embeddable":true,"href":"http:\/\/vertienteglobal.com\/index.php?rest_route=%2Fwp%2Fv2%2Ftags&post=201596"}],"curies":[{"name":"wp","href":"https:\/\/api.w.org\/{rel}","templated":true}]}}