{"id":201343,"date":"2022-04-09T08:24:00","date_gmt":"2022-04-09T13:24:00","guid":{"rendered":"http:\/\/vertienteglobal.com\/?p=201343"},"modified":"2022-04-09T09:29:48","modified_gmt":"2022-04-09T14:29:48","slug":"recomendaciones-para-evitar-contagiarse-de-covid-19-durante-vacaciones-de-semana-santa","status":"publish","type":"post","link":"http:\/\/vertienteglobal.com\/?p=201343","title":{"rendered":"Recomendaciones para evitar contagiarse de COVID-19 durante vacaciones de Semana Santa"},"content":{"rendered":"\n<div class=\"twitterbutton\" style=\"float: right; padding-left: 5px;\"><a href=\"http:\/\/twitter.com\/share\" class=\"twitter-share-button\" data-count=\"horizontal\" data-text=\"Recomendaciones para evitar contagiarse de COVID-19 durante vacaciones de Semana...\" data-via=\"https:\/\/twitter.com\/VertienteGloba1\" data-url=\"http:\/\/vertienteglobal.com\/?p=201343\" data-lang=\"es\" data-related=\"Informaci\u00f3n general:S\u00edguenos para que est\u00e9ss informado\"><\/a><\/div>\n<figure class=\"wp-block-image size-large\"><img loading=\"lazy\" decoding=\"async\" width=\"965\" height=\"604\" src=\"http:\/\/vertienteglobal.com\/wp-content\/uploads\/2022\/04\/1209638xeu202204081438272.jpg\" alt=\"\" class=\"wp-image-201344\" srcset=\"http:\/\/vertienteglobal.com\/wp-content\/uploads\/2022\/04\/1209638xeu202204081438272.jpg 965w, http:\/\/vertienteglobal.com\/wp-content\/uploads\/2022\/04\/1209638xeu202204081438272-300x188.jpg 300w, http:\/\/vertienteglobal.com\/wp-content\/uploads\/2022\/04\/1209638xeu202204081438272-150x94.jpg 150w, http:\/\/vertienteglobal.com\/wp-content\/uploads\/2022\/04\/1209638xeu202204081438272-768x481.jpg 768w\" sizes=\"auto, (max-width: 965px) 100vw, 965px\" \/><\/figure>\n\n\n\n<p>(Redacci\u00f3n)<\/p>\n\n\n\n<p>El especialista explic\u00f3 que el medio de transporte es de vital importancia al momento de viajar<\/p>\n\n\n\n<p>Veracruz, Veracruz 09 de abril de 2022.-Las familias con ni\u00f1os deben de ser muy cuidadosas durante estas vacaciones de Semana Santa, ya que este sector de la poblaci\u00f3n a\u00fan no est\u00e1 vacunada contra COVID-19 y podr\u00eda enfrentar complicaciones, alert\u00f3 el doctor Jorge Baruch, jefe de la cl\u00ednica de atenci\u00f3n preventiva del viajero de la UNAM<\/p>\n\n\n\n<p>Y es que wn entrevista para XEU Noticias, se\u00f1al\u00f3 que adem\u00e1s de las complicaciones, los ni\u00f1os pueden enfrentar secuelas o s\u00edntomas cr\u00f3nicos que pueden disminuir la calidad de vida.<\/p>\n\n\n\n<p>El especialista explic\u00f3 que el medio de transporte es de vital importancia al momento de viajar y recomend\u00f3 lo siguiente:<\/p>\n\n\n\n<p>Usar cubrebocas KN95.<\/p>\n\n\n\n<p>Mantener ventilado el autom\u00f3vil.<\/p>\n\n\n\n<p>Intercalar horarios de comida para evitar que varios viajeros coman al mismo tiempo.<\/p>\n\n\n\n<p>Evitar quitarse el cubrebocas al momento de ir al ba\u00f1o del autob\u00fas o el avi\u00f3n o cualquier ba\u00f1o p\u00fablico.<\/p>\n\n\n\n<p>Advirti\u00f3 que se espera que posterior a la semana santa se registre un repunte en los casos de COVID-19.(Fuente:XeuNoticias)<\/p>\n","protected":false},"excerpt":{"rendered":"<p>(Redacci\u00f3n) El especialista explic\u00f3 que el medio de transporte es de vital importancia al momento de viajar Veracruz, Veracruz 09 de abril de 2022.-Las familias con ni\u00f1os deben de ser muy cuidadosas durante estas vacaciones de Semana Santa, ya que este sector de la poblaci\u00f3n a\u00fan no est\u00e1 vacunada contra COVID-19 y podr\u00eda enfrentar complicaciones, [&hellip;]<\/p>\n","protected":false},"author":1,"featured_media":201344,"comment_status":"open","ping_status":"open","sticky":false,"template":"","format":"standard","meta":{"footnotes":""},"categories":[7],"tags":[],"class_list":["post-201343","post","type-post","status-publish","format-standard","has-post-thumbnail","hentry","category-veracruz","entry","has-media"],"jetpack_featured_media_url":"http:\/\/vertienteglobal.com\/wp-content\/uploads\/2022\/04\/1209638xeu202204081438272.jpg","_links":{"self":[{"href":"http:\/\/vertienteglobal.com\/index.php?rest_route=\/wp\/v2\/posts\/201343","targetHints":{"allow":["GET"]}}],"collection":[{"href":"http:\/\/vertienteglobal.com\/index.php?rest_route=\/wp\/v2\/posts"}],"about":[{"href":"http:\/\/vertienteglobal.com\/index.php?rest_route=\/wp\/v2\/types\/post"}],"author":[{"embeddable":true,"href":"http:\/\/vertienteglobal.com\/index.php?rest_route=\/wp\/v2\/users\/1"}],"replies":[{"embeddable":true,"href":"http:\/\/vertienteglobal.com\/index.php?rest_route=%2Fwp%2Fv2%2Fcomments&post=201343"}],"version-history":[{"count":0,"href":"http:\/\/vertienteglobal.com\/index.php?rest_route=\/wp\/v2\/posts\/201343\/revisions"}],"wp:featuredmedia":[{"embeddable":true,"href":"http:\/\/vertienteglobal.com\/index.php?rest_route=\/wp\/v2\/media\/201344"}],"wp:attachment":[{"href":"http:\/\/vertienteglobal.com\/index.php?rest_route=%2Fwp%2Fv2%2Fmedia&parent=201343"}],"wp:term":[{"taxonomy":"category","embeddable":true,"href":"http:\/\/vertienteglobal.com\/index.php?rest_route=%2Fwp%2Fv2%2Fcategories&post=201343"},{"taxonomy":"post_tag","embeddable":true,"href":"http:\/\/vertienteglobal.com\/index.php?rest_route=%2Fwp%2Fv2%2Ftags&post=201343"}],"curies":[{"name":"wp","href":"https:\/\/api.w.org\/{rel}","templated":true}]}}