{"id":201150,"date":"2022-04-06T08:51:00","date_gmt":"2022-04-06T13:51:00","guid":{"rendered":"http:\/\/vertienteglobal.com\/?p=201150"},"modified":"2022-04-06T17:23:19","modified_gmt":"2022-04-06T22:23:19","slug":"la-mayoria-de-los-ministros-de-la-corte-son-como-abogados-patronales-que-no-representan-al-pueblo-amlo","status":"publish","type":"post","link":"http:\/\/vertienteglobal.com\/?p=201150","title":{"rendered":"La mayor\u00eda de los ministros de la Corte son como abogados patronales que no representan al pueblo: AMLO"},"content":{"rendered":"\n<div class=\"twitterbutton\" style=\"float: right; padding-left: 5px;\"><a href=\"http:\/\/twitter.com\/share\" class=\"twitter-share-button\" data-count=\"horizontal\" data-text=\"La mayor\u00eda de los ministros de la Corte son como abogados patronales que no rep...\" data-via=\"https:\/\/twitter.com\/VertienteGloba1\" data-url=\"http:\/\/vertienteglobal.com\/?p=201150\" data-lang=\"es\" data-related=\"Informaci\u00f3n general:S\u00edguenos para que est\u00e9ss informado\"><\/a><\/div>\n<figure class=\"wp-block-image size-large\"><img loading=\"lazy\" decoding=\"async\" width=\"1024\" height=\"682\" src=\"http:\/\/vertienteglobal.com\/wp-content\/uploads\/2022\/04\/Conferencia_Presidente_7.36.32_AM.jpeg\" alt=\"\" class=\"wp-image-201152\" srcset=\"http:\/\/vertienteglobal.com\/wp-content\/uploads\/2022\/04\/Conferencia_Presidente_7.36.32_AM.jpeg 1024w, http:\/\/vertienteglobal.com\/wp-content\/uploads\/2022\/04\/Conferencia_Presidente_7.36.32_AM-300x200.jpeg 300w, http:\/\/vertienteglobal.com\/wp-content\/uploads\/2022\/04\/Conferencia_Presidente_7.36.32_AM-150x100.jpeg 150w, http:\/\/vertienteglobal.com\/wp-content\/uploads\/2022\/04\/Conferencia_Presidente_7.36.32_AM-768x512.jpeg 768w\" sizes=\"auto, (max-width: 1024px) 100vw, 1024px\" \/><\/figure>\n\n\n\n<p>(Redacci\u00f3n)<\/p>\n\n\n\n<p>\u201cSostengo lo de ayer, es muy lamentable que los ministros de la Corte, no s\u00e9 si todos, la mayor\u00eda y esto pasa en todo el Poder Judicial, son como abogados patronales para decirlo con claridad, no representan al pueblo, representan a las empresas<\/p>\n\n\n\n<p>Ciudad de M\u00e9xico 06 de abril de 2022.-El presidente Andr\u00e9s Manuel L\u00f3pez Obrador asegur\u00f3 que la mayor\u00eda de los ministros de la Suprema Corte de Justicia de la Naci\u00f3n (SCJN) son abogados patronales y no representan al pueblo, sino a las empresas.<\/p>\n\n\n\n<p>\u201cSostengo lo de ayer, es muy lamentable que los ministros de la Corte, no s\u00e9 si todos, la mayor\u00eda y esto pasa en todo el Poder Judicial, son como abogados patronales para decirlo con claridad, no representan al pueblo, representan a las empresas. As\u00ed los formaron, as\u00ed los escogieron durante el periodo neoliberal o neoporfirista. Esa es su concepci\u00f3n, esa es su mentalidad\u201d, dijo en conferencia de prensa ma\u00f1anera.<\/p>\n\n\n\n<p>Asegur\u00f3 que con la decisi\u00f3n del M\u00e1ximo Tribunal de eliminar la prohibici\u00f3n de 10 a\u00f1os para que los funcionarios puedan trabajar en la iniciativa privada tras dejar su cargo se avalaron conductas como las de los expresidentes Ernesto Zedillo y Felipe Calder\u00f3n, que quienes al termino de sus sexenios se fueron a trabajar con empresas beneficiadas en sus gobiernos.<\/p>\n","protected":false},"excerpt":{"rendered":"<p>(Redacci\u00f3n) \u201cSostengo lo de ayer, es muy lamentable que los ministros de la Corte, no s\u00e9 si todos, la mayor\u00eda y esto pasa en todo el Poder Judicial, son como abogados patronales para decirlo con claridad, no representan al pueblo, representan a las empresas Ciudad de M\u00e9xico 06 de abril de 2022.-El presidente Andr\u00e9s Manuel [&hellip;]<\/p>\n","protected":false},"author":1,"featured_media":201152,"comment_status":"open","ping_status":"open","sticky":false,"template":"","format":"standard","meta":{"footnotes":""},"categories":[8],"tags":[],"class_list":["post-201150","post","type-post","status-publish","format-standard","has-post-thumbnail","hentry","category-pais","entry","has-media"],"jetpack_featured_media_url":"http:\/\/vertienteglobal.com\/wp-content\/uploads\/2022\/04\/Conferencia_Presidente_7.36.32_AM.jpeg","_links":{"self":[{"href":"http:\/\/vertienteglobal.com\/index.php?rest_route=\/wp\/v2\/posts\/201150","targetHints":{"allow":["GET"]}}],"collection":[{"href":"http:\/\/vertienteglobal.com\/index.php?rest_route=\/wp\/v2\/posts"}],"about":[{"href":"http:\/\/vertienteglobal.com\/index.php?rest_route=\/wp\/v2\/types\/post"}],"author":[{"embeddable":true,"href":"http:\/\/vertienteglobal.com\/index.php?rest_route=\/wp\/v2\/users\/1"}],"replies":[{"embeddable":true,"href":"http:\/\/vertienteglobal.com\/index.php?rest_route=%2Fwp%2Fv2%2Fcomments&post=201150"}],"version-history":[{"count":0,"href":"http:\/\/vertienteglobal.com\/index.php?rest_route=\/wp\/v2\/posts\/201150\/revisions"}],"wp:featuredmedia":[{"embeddable":true,"href":"http:\/\/vertienteglobal.com\/index.php?rest_route=\/wp\/v2\/media\/201152"}],"wp:attachment":[{"href":"http:\/\/vertienteglobal.com\/index.php?rest_route=%2Fwp%2Fv2%2Fmedia&parent=201150"}],"wp:term":[{"taxonomy":"category","embeddable":true,"href":"http:\/\/vertienteglobal.com\/index.php?rest_route=%2Fwp%2Fv2%2Fcategories&post=201150"},{"taxonomy":"post_tag","embeddable":true,"href":"http:\/\/vertienteglobal.com\/index.php?rest_route=%2Fwp%2Fv2%2Ftags&post=201150"}],"curies":[{"name":"wp","href":"https:\/\/api.w.org\/{rel}","templated":true}]}}