{"id":201135,"date":"2022-04-06T16:02:54","date_gmt":"2022-04-06T21:02:54","guid":{"rendered":"http:\/\/vertienteglobal.com\/?p=201135"},"modified":"2022-04-06T16:04:24","modified_gmt":"2022-04-06T21:04:24","slug":"twitter-confirma-que-anadira-una-opcion-de-editar-mensajes","status":"publish","type":"post","link":"http:\/\/vertienteglobal.com\/?p=201135","title":{"rendered":"Twitter confirma que a\u00f1adir\u00e1 una opci\u00f3n de editar mensajes"},"content":{"rendered":"\n<div class=\"twitterbutton\" style=\"float: right; padding-left: 5px;\"><a href=\"http:\/\/twitter.com\/share\" class=\"twitter-share-button\" data-count=\"horizontal\" data-text=\"Twitter confirma que a\u00f1adir\u00e1 una opci\u00f3n de editar mensajes\" data-via=\"https:\/\/twitter.com\/VertienteGloba1\" data-url=\"http:\/\/vertienteglobal.com\/?p=201135\" data-lang=\"es\" data-related=\"Informaci\u00f3n general:S\u00edguenos para que est\u00e9ss informado\"><\/a><\/div>\n<figure class=\"wp-block-image size-large\"><img loading=\"lazy\" decoding=\"async\" width=\"1024\" height=\"683\" src=\"http:\/\/vertienteglobal.com\/wp-content\/uploads\/2022\/04\/173714.jpg\" alt=\"\" class=\"wp-image-201136\" srcset=\"http:\/\/vertienteglobal.com\/wp-content\/uploads\/2022\/04\/173714.jpg 1024w, http:\/\/vertienteglobal.com\/wp-content\/uploads\/2022\/04\/173714-300x200.jpg 300w, http:\/\/vertienteglobal.com\/wp-content\/uploads\/2022\/04\/173714-150x100.jpg 150w, http:\/\/vertienteglobal.com\/wp-content\/uploads\/2022\/04\/173714-768x512.jpg 768w\" sizes=\"auto, (max-width: 1024px) 100vw, 1024px\" \/><\/figure>\n\n\n\n<p>(Redacci\u00f3n)<\/p>\n\n\n\n<p>El magnate hizo la consulta inmediatamente despu\u00e9s de adquirir el 9,2 % de empresa y de prometer que har\u00e1 \u201cmejoras significativas\u201d en la red social durante los pr\u00f3ximos meses.<\/p>\n\n\n\n<p>Ciudad de M\u00e9xico 06 de abril de 2022.-La red social de Twitter confirm\u00f3 este martes su intenci\u00f3n de a\u00f1adir la opci\u00f3n de editar mensajes ya publicados, aunque comenzar\u00e1 a probar esa funci\u00f3n en su servicio de pago, Twitter Blue, antes de que llegue a todos los usuarios.<\/p>\n\n\n\n<p>\u00abAhora que todo el mundo pregunta\u2026 S\u00ed, hemos estado trabajando en una opci\u00f3n de editar desde el a\u00f1o pasado\u201d, asegur\u00f3 la compa\u00f1\u00eda a trav\u00e9s del perfil de su departamento de comunicaciones.<\/p>\n\n\n\n<p>El mensaje se refer\u00eda a una encuesta que Elon Musk cre\u00f3 en la red social para consultar a sus seguidores si quer\u00edan tener la capacidad de editar los mensajes (tuits) una vez publicados, y en la que m\u00e1s del 70 % afirm\u00f3 que s\u00ed.<\/p>\n\n\n\n<p>El magnate hizo la consulta inmediatamente despu\u00e9s de adquirir el 9,2 % de empresa y de prometer que har\u00e1 \u201cmejoras significativas\u201d en la red social durante los pr\u00f3ximos meses.<\/p>\n\n\n\n<figure class=\"wp-block-embed-twitter wp-block-embed is-type-rich is-provider-twitter\"><div class=\"wp-block-embed__wrapper\">\n<div class=\"oceanwp-oembed-wrap clr\"><blockquote class=\"twitter-tweet\" data-width=\"550\" data-dnt=\"true\"><p lang=\"und\" dir=\"ltr\">\ud83d\udc40 <a href=\"https:\/\/t.co\/I13wE3eLdn\">pic.twitter.com\/I13wE3eLdn<\/a><\/p>&mdash; Twitter Comms (@TwitterComms) <a href=\"https:\/\/twitter.com\/TwitterComms\/status\/1511456466233815041?ref_src=twsrc%5Etfw\">April 5, 2022<\/a><\/blockquote><script async src=\"https:\/\/platform.twitter.com\/widgets.js\" charset=\"utf-8\"><\/script><\/div>\n<\/div><\/figure>\n","protected":false},"excerpt":{"rendered":"<p>(Redacci\u00f3n) El magnate hizo la consulta inmediatamente despu\u00e9s de adquirir el 9,2 % de empresa y de prometer que har\u00e1 \u201cmejoras significativas\u201d en la red social durante los pr\u00f3ximos meses. Ciudad de M\u00e9xico 06 de abril de 2022.-La red social de Twitter confirm\u00f3 este martes su intenci\u00f3n de a\u00f1adir la opci\u00f3n de editar mensajes ya [&hellip;]<\/p>\n","protected":false},"author":1,"featured_media":201136,"comment_status":"open","ping_status":"open","sticky":false,"template":"","format":"standard","meta":{"footnotes":""},"categories":[8],"tags":[],"class_list":["post-201135","post","type-post","status-publish","format-standard","has-post-thumbnail","hentry","category-pais","entry","has-media"],"jetpack_featured_media_url":"http:\/\/vertienteglobal.com\/wp-content\/uploads\/2022\/04\/173714.jpg","_links":{"self":[{"href":"http:\/\/vertienteglobal.com\/index.php?rest_route=\/wp\/v2\/posts\/201135","targetHints":{"allow":["GET"]}}],"collection":[{"href":"http:\/\/vertienteglobal.com\/index.php?rest_route=\/wp\/v2\/posts"}],"about":[{"href":"http:\/\/vertienteglobal.com\/index.php?rest_route=\/wp\/v2\/types\/post"}],"author":[{"embeddable":true,"href":"http:\/\/vertienteglobal.com\/index.php?rest_route=\/wp\/v2\/users\/1"}],"replies":[{"embeddable":true,"href":"http:\/\/vertienteglobal.com\/index.php?rest_route=%2Fwp%2Fv2%2Fcomments&post=201135"}],"version-history":[{"count":0,"href":"http:\/\/vertienteglobal.com\/index.php?rest_route=\/wp\/v2\/posts\/201135\/revisions"}],"wp:featuredmedia":[{"embeddable":true,"href":"http:\/\/vertienteglobal.com\/index.php?rest_route=\/wp\/v2\/media\/201136"}],"wp:attachment":[{"href":"http:\/\/vertienteglobal.com\/index.php?rest_route=%2Fwp%2Fv2%2Fmedia&parent=201135"}],"wp:term":[{"taxonomy":"category","embeddable":true,"href":"http:\/\/vertienteglobal.com\/index.php?rest_route=%2Fwp%2Fv2%2Fcategories&post=201135"},{"taxonomy":"post_tag","embeddable":true,"href":"http:\/\/vertienteglobal.com\/index.php?rest_route=%2Fwp%2Fv2%2Ftags&post=201135"}],"curies":[{"name":"wp","href":"https:\/\/api.w.org\/{rel}","templated":true}]}}