{"id":201088,"date":"2022-04-05T23:36:13","date_gmt":"2022-04-06T04:36:13","guid":{"rendered":"http:\/\/vertienteglobal.com\/?p=201088"},"modified":"2022-04-05T23:36:55","modified_gmt":"2022-04-06T04:36:55","slug":"habra-ley-seca-en-la-cdmx-por-revocacion-de-mandato","status":"publish","type":"post","link":"http:\/\/vertienteglobal.com\/?p=201088","title":{"rendered":"Habr\u00e1 Ley Seca en la CDMX por revocaci\u00f3n de mandato"},"content":{"rendered":"\n<div class=\"twitterbutton\" style=\"float: right; padding-left: 5px;\"><a href=\"http:\/\/twitter.com\/share\" class=\"twitter-share-button\" data-count=\"horizontal\" data-text=\"Habr\u00e1 Ley Seca en la CDMX por revocaci\u00f3n de mandato\" data-via=\"https:\/\/twitter.com\/VertienteGloba1\" data-url=\"http:\/\/vertienteglobal.com\/?p=201088\" data-lang=\"es\" data-related=\"Informaci\u00f3n general:S\u00edguenos para que est\u00e9ss informado\"><\/a><\/div>\n<figure class=\"wp-block-image size-large\"><img loading=\"lazy\" decoding=\"async\" width=\"1024\" height=\"683\" src=\"http:\/\/vertienteglobal.com\/wp-content\/uploads\/2022\/04\/173689.jpg\" alt=\"\" class=\"wp-image-201089\" srcset=\"http:\/\/vertienteglobal.com\/wp-content\/uploads\/2022\/04\/173689.jpg 1024w, http:\/\/vertienteglobal.com\/wp-content\/uploads\/2022\/04\/173689-300x200.jpg 300w, http:\/\/vertienteglobal.com\/wp-content\/uploads\/2022\/04\/173689-150x100.jpg 150w, http:\/\/vertienteglobal.com\/wp-content\/uploads\/2022\/04\/173689-768x512.jpg 768w\" sizes=\"auto, (max-width: 1024px) 100vw, 1024px\" \/><\/figure>\n\n\n\n<p>(Redacci\u00f3n)<\/p>\n\n\n\n<p>Hizo un llamado a la ciudadan\u00eda a que participen en la revocaci\u00f3n de mandato<\/p>\n\n\n\n<p>Ciudad de M\u00e9xico 05 de abril de 2022.-La jefa de Gobierno de la Ciudad de M\u00e9xico, Claudia Sheinbaum, anunci\u00f3 que habr\u00e1 Ley Seca en toda la capital del pa\u00eds este s\u00e1bado y domingo por la consulta de la revocaci\u00f3n de mandato.<\/p>\n\n\n\n<p>Y es que la mandataria capitalina, adelant\u00f3 que este jueves se emitir\u00e1 la suspensi\u00f3n de la venta de bebidas alcoh\u00f3licas para la capital en la Gaceta Oficial, pero probablemente en establecimientos como restaurantes no habr\u00e1 prohibici\u00f3n.<\/p>\n\n\n\n<p>Afirm\u00f3: &#8216;S\u00ed, se va a hacer para la venta y probablemente en los establecimientos, no, en los restaurantes, etc; pero en la venta si va a haber a partir del s\u00e1bado, en la tarde y el domingo&#8217;.<\/p>\n\n\n\n<p>Dej\u00f3 en claro que en las tiendas de conveniencia estar\u00e1 prohibida la venta de bebidas alcoh\u00f3licas.<\/p>\n\n\n\n<p>Respecto al operativo especial para el 10 de abril -d\u00eda de la consulta-, Sheinbaum Pardo dijo que este mi\u00e9rcoles dar\u00e1n a conocer los detalles, pero revel\u00f3 que elementos de la Secretar\u00eda de Seguridad Ciudadana (SSC) ya se encuentran resguardando las boletas para la consulta.<\/p>\n\n\n\n<p>Por \u00faltimo, hizo un llamado a la ciudadan\u00eda a que participen en la revocaci\u00f3n de mandato.(Fuente:24-Horas)<\/p>\n","protected":false},"excerpt":{"rendered":"<p>(Redacci\u00f3n) Hizo un llamado a la ciudadan\u00eda a que participen en la revocaci\u00f3n de mandato Ciudad de M\u00e9xico 05 de abril de 2022.-La jefa de Gobierno de la Ciudad de M\u00e9xico, Claudia Sheinbaum, anunci\u00f3 que habr\u00e1 Ley Seca en toda la capital del pa\u00eds este s\u00e1bado y domingo por la consulta de la revocaci\u00f3n de [&hellip;]<\/p>\n","protected":false},"author":1,"featured_media":201089,"comment_status":"open","ping_status":"open","sticky":false,"template":"","format":"standard","meta":{"footnotes":""},"categories":[8],"tags":[],"class_list":["post-201088","post","type-post","status-publish","format-standard","has-post-thumbnail","hentry","category-pais","entry","has-media"],"jetpack_featured_media_url":"http:\/\/vertienteglobal.com\/wp-content\/uploads\/2022\/04\/173689.jpg","_links":{"self":[{"href":"http:\/\/vertienteglobal.com\/index.php?rest_route=\/wp\/v2\/posts\/201088","targetHints":{"allow":["GET"]}}],"collection":[{"href":"http:\/\/vertienteglobal.com\/index.php?rest_route=\/wp\/v2\/posts"}],"about":[{"href":"http:\/\/vertienteglobal.com\/index.php?rest_route=\/wp\/v2\/types\/post"}],"author":[{"embeddable":true,"href":"http:\/\/vertienteglobal.com\/index.php?rest_route=\/wp\/v2\/users\/1"}],"replies":[{"embeddable":true,"href":"http:\/\/vertienteglobal.com\/index.php?rest_route=%2Fwp%2Fv2%2Fcomments&post=201088"}],"version-history":[{"count":0,"href":"http:\/\/vertienteglobal.com\/index.php?rest_route=\/wp\/v2\/posts\/201088\/revisions"}],"wp:featuredmedia":[{"embeddable":true,"href":"http:\/\/vertienteglobal.com\/index.php?rest_route=\/wp\/v2\/media\/201089"}],"wp:attachment":[{"href":"http:\/\/vertienteglobal.com\/index.php?rest_route=%2Fwp%2Fv2%2Fmedia&parent=201088"}],"wp:term":[{"taxonomy":"category","embeddable":true,"href":"http:\/\/vertienteglobal.com\/index.php?rest_route=%2Fwp%2Fv2%2Fcategories&post=201088"},{"taxonomy":"post_tag","embeddable":true,"href":"http:\/\/vertienteglobal.com\/index.php?rest_route=%2Fwp%2Fv2%2Ftags&post=201088"}],"curies":[{"name":"wp","href":"https:\/\/api.w.org\/{rel}","templated":true}]}}