{"id":201057,"date":"2022-04-05T10:24:00","date_gmt":"2022-04-05T15:24:00","guid":{"rendered":"http:\/\/vertienteglobal.com\/?p=201057"},"modified":"2022-04-05T21:48:07","modified_gmt":"2022-04-06T02:48:07","slug":"son-empresarios-como-eduardo-solis-preciat-de-la-mafia-de-la-corrupcion-gente-sin-escrupulos-amlo","status":"publish","type":"post","link":"http:\/\/vertienteglobal.com\/?p=201057","title":{"rendered":"Son empresarios como Eduardo Solis Preciat de la mafia de la corrupci\u00f3n, \u00abGente sin Escrupulos\u00bb: AMLO"},"content":{"rendered":"\n<div class=\"twitterbutton\" style=\"float: right; padding-left: 5px;\"><a href=\"http:\/\/twitter.com\/share\" class=\"twitter-share-button\" data-count=\"horizontal\" data-text=\"Son empresarios como Eduardo Solis Preciat de la mafia de la corrupci\u00f3n, \u00abGent...\" data-via=\"https:\/\/twitter.com\/VertienteGloba1\" data-url=\"http:\/\/vertienteglobal.com\/?p=201057\" data-lang=\"es\" data-related=\"Informaci\u00f3n general:S\u00edguenos para que est\u00e9ss informado\"><\/a><\/div>\n<figure class=\"wp-block-image size-large\"><img loading=\"lazy\" decoding=\"async\" width=\"1024\" height=\"682\" src=\"http:\/\/vertienteglobal.com\/wp-content\/uploads\/2022\/04\/IMG-20220405-WA0080-1024x682.jpg\" alt=\"\" class=\"wp-image-201058\" srcset=\"http:\/\/vertienteglobal.com\/wp-content\/uploads\/2022\/04\/IMG-20220405-WA0080-1024x682.jpg 1024w, http:\/\/vertienteglobal.com\/wp-content\/uploads\/2022\/04\/IMG-20220405-WA0080-300x200.jpg 300w, http:\/\/vertienteglobal.com\/wp-content\/uploads\/2022\/04\/IMG-20220405-WA0080-150x100.jpg 150w, http:\/\/vertienteglobal.com\/wp-content\/uploads\/2022\/04\/IMG-20220405-WA0080-768x512.jpg 768w, http:\/\/vertienteglobal.com\/wp-content\/uploads\/2022\/04\/IMG-20220405-WA0080.jpg 1280w\" sizes=\"auto, (max-width: 1024px) 100vw, 1024px\" \/><\/figure>\n\n\n\n<p>Ciudad de M\u00e9xico 05 de abril de 2022.- El presidente Andr\u00e9s Manuel L\u00f3pez Obrador, dejo en claro que desde antes de llegar a la presidencia tenia muy presente un objetivo acabar con la mafia de la corrupci\u00f3n, pero sobre todo de esa \u00abgente sin escr\u00fapulos, sin moral de ninguna indole\u00bb.<\/p>\n\n\n\n<p>Y es que en su conferencia ma\u00f1anera, ante la pregunta del reportero del Sol de Yucat\u00e1n y Quintana Roo, en cuanto a los empresarios que patrocinan m\u00e1s de 42 agrupaciones de ecologistas para protestar en contra del tren maya, como el hijo del ex presidente Ernesto Zedillo Junior, adem\u00e1s de Eduardo Albor propietario de Dolphin Discovery, el ex secretario, Romario Arroyo Marroquin, as\u00ed como Eduardo Solis Preciat el \u00abZar del Sascab\u00bb, obedecen a intereses econ\u00f3micos.<\/p>\n\n\n\n<p>L\u00f3pez Obrador, dejo en claro:\u00bbSon intereses, hay dinero para promover estos grupos. Algunos son de verdad ambientalistas, pero no tienen toda la informaci\u00f3n. Otros son oportunistas y otros m\u00e1s son mercenarios, que les pagan y no solo son ambientalistas, son de medios de comunicaci\u00f3n y gente sin escr\u00fapulos, sin moral de ninguna \u00edndole\u201d.<\/p>\n\n\n\n<p>El presidente, se\u00f1al\u00f3: \u00abEstamos evitando ya el saqueo; no s\u00f3lo del sureste, sino en el pa\u00eds en general\u00bb.<\/p>\n\n\n\n<p>Dijo: \u00abYo creo que la principal misi\u00f3n de este gobierno es desterrar la corrupci\u00f3n, acabar con el saqueo; desde la campa\u00f1a lo dec\u00eda, en los actos, hablaba yo de que si me preguntaban cu\u00e1l era nuestro plan y me ped\u00edan que yo lo expusiera de manera breve, aun cuando no hablo de corrido, que yo lo dijera en dos segundos, dec\u00eda yo \u2014ah, y parado en un solo pie\u2014 dec\u00eda yo: Acabar con la corrupci\u00f3n, ese era el plan\u00bb.<\/p>\n\n\n\n<p>Reafirmo que es una obra importante y que va a concluirse en diciembre del a\u00f1o pr\u00f3ximo.<\/p>\n\n\n\n<p>Explico: \u00abF\u00edjense, de toda la experiencia que se produce cuando se trabaja en campo y en beneficio de la gente, \u00bfd\u00f3nde creen ustedes que tenemos m\u00e1s obst\u00e1culos para conseguir el derecho de v\u00eda? Cuando estamos m\u00e1s cerca de las ciudades, cuando ya no son campesinos, ejidatarios ni peque\u00f1os propietarios, cuando ya son empresas inmobiliarias\u00bb.<\/p>\n\n\n\n<p>Coment\u00f3 que algunos, cuando se enteraron de que iba a pasar el Tren Maya, empezaron a comprar terrenos. Y ahora que se est\u00e1n definiendo los trazos a algunos le fallaron porque no va a pasar por ah\u00ed y otros lo que quieren es atracar, robar. No quieren, por ejemplo, aceptar los aval\u00faos y se amparan, porque quieren hacer su agosto. As\u00ed no act\u00faa un campesino. F\u00edjense la importancia de la moral en la gente humilde. La ambici\u00f3n al dinero, c\u00f3mo trastorna, obnubila a la gente\u00bb.<\/p>\n\n\n\n<p>Lopez Obrador se\u00f1al\u00f3 que afortunadamente, y eso tambi\u00e9n debe saberse, la mayor parte del tren se construy\u00f3 sobre la antigua v\u00eda del ferrocarril del sureste. Si todo hubiese sido un trazo nuevo, no salimos. Pero ya puedo decir hoy que debemos de tener pendiente de liberaci\u00f3n del derecho de v\u00eda, de los mil 500 kil\u00f3metros, como 30 hect\u00e1reas, perd\u00f3n, como 30 kil\u00f3metros, como un dos por ciento, ya est\u00e1 todo libre. Y muchas gracias de todo coraz\u00f3n a las comunidades, a los ejidos.<\/p>\n\n\n\n<p>Y ojal\u00e1 y recapaciten los que est\u00e1n pensando que van a ponernos contra la pared, que como faltan esos peque\u00f1os tramos nos van a chantajear y les vamos a dar todo el dinero que piden. Que no se hagan ilusiones.<\/p>\n\n\n\n<p>Porque antes no se recurr\u00eda a la expropiaci\u00f3n p\u00fablica porque para el neoliberal era un sacrilegio poner por delante el inter\u00e9s p\u00fablico; para nosotros no, por encima del inter\u00e9s particular o de grupo est\u00e1 el inter\u00e9s general, el inter\u00e9s de la naci\u00f3n, el inter\u00e9s p\u00fablico. Entonces, nos vamos a procedimientos legales.<\/p>\n\n\n\n<p>Tambi\u00e9n algunos piensan \u2018como les falta poco tiempo y como estos juicios los hacen muy largos\u2019, con t\u00e1cticas dilatorias de abogados huizacheros, piensan que va a hacer indispensable el que nos dobleguemos. Pues no, porque aqu\u00ed vamos a estar pidi\u00e9ndole al Poder Judicial que resuelvan pronto y que act\u00faen, que la justicia tiene que ser pronta, expedita.<\/p>\n\n\n\n<p>Entonces, todo esto es lo relacionado con el Tren Maya, reafirm\u00f3 que son intereses, hay dinero para promover estos grupos. Algunos son de verdad ambientalistas, no tienen toda la informaci\u00f3n, otros s\u00ed son oportunistas y otros m\u00e1s son mercenarios, que les pagan. Y no s\u00f3lo son ambientalistas, son de medios de comunicaci\u00f3n y gente sin escr\u00fapulos morales de ninguna \u00edndole, pero vamos adelante.<\/p>\n\n\n\n<figure class=\"wp-block-embed-twitter wp-block-embed is-type-rich is-provider-twitter\"><div class=\"wp-block-embed__wrapper\">\n<div class=\"oceanwp-oembed-wrap clr\"><blockquote class=\"twitter-tweet\" data-width=\"550\" data-dnt=\"true\"><p lang=\"es\" dir=\"ltr\">Son empresarios sin escr\u00fapulos como Eduardo Solis Preciat, el &quot;Zar del Sascab&quot;, elmodee judical aplicar\u00e1 la ley, se\u00f1al\u00f3 el presidente Andres Manuel <a href=\"https:\/\/twitter.com\/lopezobrador_?ref_src=twsrc%5Etfw\">@lopezobrador_<\/a> <a href=\"https:\/\/t.co\/iFtRgghIKr\">pic.twitter.com\/iFtRgghIKr<\/a><\/p>&mdash; vertienteglobal.com (@VertienteGloba1) <a href=\"https:\/\/twitter.com\/VertienteGloba1\/status\/1511419126115352584?ref_src=twsrc%5Etfw\">April 5, 2022<\/a><\/blockquote><script async src=\"https:\/\/platform.twitter.com\/widgets.js\" charset=\"utf-8\"><\/script><\/div>\n<\/div><\/figure>\n","protected":false},"excerpt":{"rendered":"<p>Ciudad de M\u00e9xico 05 de abril de 2022.- El presidente Andr\u00e9s Manuel L\u00f3pez Obrador, dejo en claro que desde antes de llegar a la presidencia tenia muy presente un objetivo acabar con la mafia de la corrupci\u00f3n, pero sobre todo de esa \u00abgente sin escr\u00fapulos, sin moral de ninguna indole\u00bb. Y es que en su [&hellip;]<\/p>\n","protected":false},"author":1,"featured_media":201058,"comment_status":"open","ping_status":"open","sticky":false,"template":"","format":"standard","meta":{"footnotes":""},"categories":[8,3],"tags":[],"class_list":["post-201057","post","type-post","status-publish","format-standard","has-post-thumbnail","hentry","category-pais","category-quintana-roo","entry","has-media"],"jetpack_featured_media_url":"http:\/\/vertienteglobal.com\/wp-content\/uploads\/2022\/04\/IMG-20220405-WA0080.jpg","_links":{"self":[{"href":"http:\/\/vertienteglobal.com\/index.php?rest_route=\/wp\/v2\/posts\/201057","targetHints":{"allow":["GET"]}}],"collection":[{"href":"http:\/\/vertienteglobal.com\/index.php?rest_route=\/wp\/v2\/posts"}],"about":[{"href":"http:\/\/vertienteglobal.com\/index.php?rest_route=\/wp\/v2\/types\/post"}],"author":[{"embeddable":true,"href":"http:\/\/vertienteglobal.com\/index.php?rest_route=\/wp\/v2\/users\/1"}],"replies":[{"embeddable":true,"href":"http:\/\/vertienteglobal.com\/index.php?rest_route=%2Fwp%2Fv2%2Fcomments&post=201057"}],"version-history":[{"count":0,"href":"http:\/\/vertienteglobal.com\/index.php?rest_route=\/wp\/v2\/posts\/201057\/revisions"}],"wp:featuredmedia":[{"embeddable":true,"href":"http:\/\/vertienteglobal.com\/index.php?rest_route=\/wp\/v2\/media\/201058"}],"wp:attachment":[{"href":"http:\/\/vertienteglobal.com\/index.php?rest_route=%2Fwp%2Fv2%2Fmedia&parent=201057"}],"wp:term":[{"taxonomy":"category","embeddable":true,"href":"http:\/\/vertienteglobal.com\/index.php?rest_route=%2Fwp%2Fv2%2Fcategories&post=201057"},{"taxonomy":"post_tag","embeddable":true,"href":"http:\/\/vertienteglobal.com\/index.php?rest_route=%2Fwp%2Fv2%2Ftags&post=201057"}],"curies":[{"name":"wp","href":"https:\/\/api.w.org\/{rel}","templated":true}]}}