{"id":200944,"date":"2022-04-03T14:09:00","date_gmt":"2022-04-03T19:09:00","guid":{"rendered":"http:\/\/vertienteglobal.com\/?p=200944"},"modified":"2022-04-03T16:44:45","modified_gmt":"2022-04-03T21:44:45","slug":"no-me-pueden-correr-adan-augusto-lopez-reta-al-ine-en-promocion-de-la-revocacion-de-mandato","status":"publish","type":"post","link":"http:\/\/vertienteglobal.com\/?p=200944","title":{"rendered":"No me pueden correr&#8217;: Ad\u00e1n Augusto L\u00f3pez reta al INE en promoci\u00f3n de la Revocaci\u00f3n de Mandato"},"content":{"rendered":"\n<div class=\"twitterbutton\" style=\"float: right; padding-left: 5px;\"><a href=\"http:\/\/twitter.com\/share\" class=\"twitter-share-button\" data-count=\"horizontal\" data-text=\"No me pueden correr&#8217;: Ad\u00e1n Augusto L\u00f3pez reta al INE en promoci\u00f3n de la...\" data-via=\"https:\/\/twitter.com\/VertienteGloba1\" data-url=\"http:\/\/vertienteglobal.com\/?p=200944\" data-lang=\"es\" data-related=\"Informaci\u00f3n general:S\u00edguenos para que est\u00e9ss informado\"><\/a><\/div>\n<figure class=\"wp-block-image size-large\"><img loading=\"lazy\" decoding=\"async\" width=\"1024\" height=\"682\" src=\"http:\/\/vertienteglobal.com\/wp-content\/uploads\/2022\/04\/173439.jpg\" alt=\"\" class=\"wp-image-200945\" srcset=\"http:\/\/vertienteglobal.com\/wp-content\/uploads\/2022\/04\/173439.jpg 1024w, http:\/\/vertienteglobal.com\/wp-content\/uploads\/2022\/04\/173439-300x200.jpg 300w, http:\/\/vertienteglobal.com\/wp-content\/uploads\/2022\/04\/173439-150x100.jpg 150w, http:\/\/vertienteglobal.com\/wp-content\/uploads\/2022\/04\/173439-768x512.jpg 768w\" sizes=\"auto, (max-width: 1024px) 100vw, 1024px\" \/><\/figure>\n\n\n\n<p>(Redacci\u00f3n)<\/p>\n\n\n\n<p>El funcionario federal se\u00f1al\u00f3 que dijo al mandatario que acudir\u00eda a hablar de la iniciativa de reforma constitucional en materia el\u00e9ctrica promovida por el Ejecutivo<\/p>\n\n\n\n<p>Ciudad de M\u00e9xico 3 de abril de 2022.-El secretario de Gobernaci\u00f3n, Ad\u00e1n Augusto L\u00f3pez, asegur\u00f3 que no teme a las sanciones del Instituto Nacional Electoral (INE), luego de que participara este s\u00e1bado en actos de promoci\u00f3n de la consulta de revocaci\u00f3n de mandato que se llevar\u00e1 a cabo el pr\u00f3ximo domingo 10 de abril.<\/p>\n\n\n\n<p>Y es que durante una visita a Sonora, donde form\u00f3 parte de la marcha en defensa del proyecto encabezado por el presidente L\u00f3pez Obrador, el funcionario federal se\u00f1al\u00f3 que dijo al mandatario que acudir\u00eda a hablar de la iniciativa de reforma constitucional en materia el\u00e9ctrica promovida por el Ejecutivo.<\/p>\n\n\n\n<p>\u201cPero la verdad, es que no voy a hablar de la reforma el\u00e9ctrica, vamos a apoyar el movimiento para que el 10 de abril los sonorenses y los mexicanos demostremos al mundo que somos capaces de apoyar al mejor Presidente en la historia moderna del M\u00e9xico\u201d, dijo ante simpatizantes morenistas<\/p>\n\n\n\n<p>Se\u00f1al\u00f3 que el presidente L\u00f3pez Obrador le advirti\u00f3 que tuviese cuidado, no vaya a ser que lo \u201ccorran los del INE\u201d.<\/p>\n\n\n\n<p>\u201cLe dije, mire no me pueden correr, pero supongamos que en uno de sus excesos me corran, pues me voy a parar con Durazo en la esquina de la calle Pino Suarez y Ni\u00f1os H\u00e9roes, a decir que es un honor que me corran por apoyar a Obrador\u201d, coment\u00f3 en alusi\u00f3n al gobernador de Sonora, Alfonso Durazo, quien tambi\u00e9n estuvo presente en la actividad.<\/p>\n\n\n\n<p>Al acto tambi\u00e9n acudi\u00f3 el gobernador de Tabasco, su antecesor Carlos Manuel Merino, as\u00ed como el l\u00edder nacional de Morena, Mario Delgado, otros miembros del partido y funcionarios estatales.<\/p>\n\n\n\n<p>El titular de SEGOB tambi\u00e9n acudi\u00f3 a Coahuila parea hacer promoci\u00f3n de la consulta de revocaci\u00f3n de mandato. (Fuente: AN\/PP)<\/p>\n","protected":false},"excerpt":{"rendered":"<p>(Redacci\u00f3n) El funcionario federal se\u00f1al\u00f3 que dijo al mandatario que acudir\u00eda a hablar de la iniciativa de reforma constitucional en materia el\u00e9ctrica promovida por el Ejecutivo Ciudad de M\u00e9xico 3 de abril de 2022.-El secretario de Gobernaci\u00f3n, Ad\u00e1n Augusto L\u00f3pez, asegur\u00f3 que no teme a las sanciones del Instituto Nacional Electoral (INE), luego de que [&hellip;]<\/p>\n","protected":false},"author":1,"featured_media":200945,"comment_status":"open","ping_status":"open","sticky":false,"template":"","format":"standard","meta":{"footnotes":""},"categories":[8],"tags":[],"class_list":["post-200944","post","type-post","status-publish","format-standard","has-post-thumbnail","hentry","category-pais","entry","has-media"],"jetpack_featured_media_url":"http:\/\/vertienteglobal.com\/wp-content\/uploads\/2022\/04\/173439.jpg","_links":{"self":[{"href":"http:\/\/vertienteglobal.com\/index.php?rest_route=\/wp\/v2\/posts\/200944","targetHints":{"allow":["GET"]}}],"collection":[{"href":"http:\/\/vertienteglobal.com\/index.php?rest_route=\/wp\/v2\/posts"}],"about":[{"href":"http:\/\/vertienteglobal.com\/index.php?rest_route=\/wp\/v2\/types\/post"}],"author":[{"embeddable":true,"href":"http:\/\/vertienteglobal.com\/index.php?rest_route=\/wp\/v2\/users\/1"}],"replies":[{"embeddable":true,"href":"http:\/\/vertienteglobal.com\/index.php?rest_route=%2Fwp%2Fv2%2Fcomments&post=200944"}],"version-history":[{"count":0,"href":"http:\/\/vertienteglobal.com\/index.php?rest_route=\/wp\/v2\/posts\/200944\/revisions"}],"wp:featuredmedia":[{"embeddable":true,"href":"http:\/\/vertienteglobal.com\/index.php?rest_route=\/wp\/v2\/media\/200945"}],"wp:attachment":[{"href":"http:\/\/vertienteglobal.com\/index.php?rest_route=%2Fwp%2Fv2%2Fmedia&parent=200944"}],"wp:term":[{"taxonomy":"category","embeddable":true,"href":"http:\/\/vertienteglobal.com\/index.php?rest_route=%2Fwp%2Fv2%2Fcategories&post=200944"},{"taxonomy":"post_tag","embeddable":true,"href":"http:\/\/vertienteglobal.com\/index.php?rest_route=%2Fwp%2Fv2%2Ftags&post=200944"}],"curies":[{"name":"wp","href":"https:\/\/api.w.org\/{rel}","templated":true}]}}