{"id":200935,"date":"2022-04-03T08:19:00","date_gmt":"2022-04-03T13:19:00","guid":{"rendered":"http:\/\/vertienteglobal.com\/?p=200935"},"modified":"2022-04-03T16:33:03","modified_gmt":"2022-04-03T21:33:03","slug":"pronostican-temperaturas-de-hasta-41-grados-en-yucatan","status":"publish","type":"post","link":"http:\/\/vertienteglobal.com\/?p=200935","title":{"rendered":"Pronostican temperaturas de hasta 41 grados en Yucat\u00e1n"},"content":{"rendered":"\n<div class=\"twitterbutton\" style=\"float: right; padding-left: 5px;\"><a href=\"http:\/\/twitter.com\/share\" class=\"twitter-share-button\" data-count=\"horizontal\" data-text=\"Pronostican temperaturas de hasta 41 grados en Yucat\u00e1n\" data-via=\"https:\/\/twitter.com\/VertienteGloba1\" data-url=\"http:\/\/vertienteglobal.com\/?p=200935\" data-lang=\"es\" data-related=\"Informaci\u00f3n general:S\u00edguenos para que est\u00e9ss informado\"><\/a><\/div>\n<figure class=\"wp-block-image size-large\"><img loading=\"lazy\" decoding=\"async\" width=\"660\" height=\"330\" src=\"http:\/\/vertienteglobal.com\/wp-content\/uploads\/2022\/04\/185_img_int_03_abr_2022_06h_62497a8103b97-660x330-1.jpg\" alt=\"\" class=\"wp-image-200936\" srcset=\"http:\/\/vertienteglobal.com\/wp-content\/uploads\/2022\/04\/185_img_int_03_abr_2022_06h_62497a8103b97-660x330-1.jpg 660w, http:\/\/vertienteglobal.com\/wp-content\/uploads\/2022\/04\/185_img_int_03_abr_2022_06h_62497a8103b97-660x330-1-300x150.jpg 300w, http:\/\/vertienteglobal.com\/wp-content\/uploads\/2022\/04\/185_img_int_03_abr_2022_06h_62497a8103b97-660x330-1-150x75.jpg 150w\" sizes=\"auto, (max-width: 660px) 100vw, 660px\" \/><\/figure>\n\n\n\n<p>(Redacci\u00f3n)<\/p>\n\n\n\n<p>El pron\u00f3stico de temperaturas para la ciudad de M\u00e9rida es en el rango de 39 a 41 \u00b0C como m\u00e1xima y de 21 a 23 \u00b0C la m\u00ednima. Para el interior del estado, la m\u00e1xima ser\u00e1 de\u00a039 a 41\u00a0\u00b0C en el\u00a0Norte- Centro\u00a0y sur\u00a0y de 19 a 21 \u00b0C la m\u00ednima para el\u00a0sur<\/p>\n\n\n\n<p><strong>M\u00c9RIDA, Yucat\u00e1n., 03 de abril 2022.- En las pr\u00f3ximas 24 horas, se prev\u00e9 cielo despejado a parcialmente nublado, con probabilidad de lloviznas. Temperaturas muy calurosas a extremadamente calurosas en el d\u00eda y c\u00e1lidas durante la madrugada y al amanecer.<\/strong>Se prev\u00e9 que el ingreso de aire mar\u00edtimo tropical, favorecer\u00e1 lluvias dispersas en el oriente y noroeste de Yucat\u00e1n, sur de Campeche, as\u00ed como en el norte de Quintana Roo, m\u00e1ximas seguir\u00e1n en rangos de muy calurosas a extremadamente calurosas durante el d\u00eda y c\u00e1lidas al amanecer. Viento del este-sureste cambiando al noroeste a efectos de la vaguada de 15 a 20 km\/h y rachas de 40 km\/h en costas.<\/p>\n\n\n\n<p>El pron\u00f3stico de temperaturas para la ciudad de M\u00e9rida es en el rango de 39 a 41 \u00b0C como m\u00e1xima y de 21 a 23 \u00b0C la m\u00ednima. Para el interior del estado, la m\u00e1xima ser\u00e1 de&nbsp;39 a 41&nbsp;\u00b0C en el&nbsp;Norte- Centro&nbsp;y sur&nbsp;y de 19 a 21 \u00b0C la m\u00ednima para el&nbsp;sur.<\/p>\n\n\n\n<p>Durante el d\u00eda s\u00e1bado en Yucat\u00e1n no se tuvieron lluvias significativas; la temperatura m\u00e1xima fue de 40.0 \u00b0C registrada en Oxkutzcab, mientras que en M\u00e9rida (observatorio) fue de 38.5 \u00b0C; la m\u00ednima fue de 19.0 \u00b0C registrada en Mococha.En lo que va del presente a\u00f1o, la temperatura&nbsp;&nbsp;<strong>m\u00e1s baja<\/strong>&nbsp;es&nbsp;de&nbsp;6.0&nbsp;\u00b0C registrada en Motul el d\u00eda 17 de enero, en tanto que la temperatura&nbsp;&nbsp;<strong>m\u00e1s alta<\/strong>&nbsp;es de 41.0&nbsp;\u00b0C registrada en&nbsp;Chochola&nbsp;el d\u00eda 31 de marzo y la lluvia&nbsp;<strong>m\u00e1xima<\/strong>&nbsp;en 24 horas es de&nbsp;125.2 mil\u00edmetros registrada en El Cuyo el 15 de marzo.<br>Para&nbsp;mayor informaci\u00f3n consultar&nbsp;https:\/\/Twitter.com\/conaguayucatan.<\/p>\n","protected":false},"excerpt":{"rendered":"<p>(Redacci\u00f3n) El pron\u00f3stico de temperaturas para la ciudad de M\u00e9rida es en el rango de 39 a 41 \u00b0C como m\u00e1xima y de 21 a 23 \u00b0C la m\u00ednima. Para el interior del estado, la m\u00e1xima ser\u00e1 de\u00a039 a 41\u00a0\u00b0C en el\u00a0Norte- Centro\u00a0y sur\u00a0y de 19 a 21 \u00b0C la m\u00ednima para el\u00a0sur M\u00c9RIDA, Yucat\u00e1n., [&hellip;]<\/p>\n","protected":false},"author":1,"featured_media":200936,"comment_status":"open","ping_status":"open","sticky":false,"template":"","format":"standard","meta":{"footnotes":""},"categories":[2],"tags":[],"class_list":["post-200935","post","type-post","status-publish","format-standard","has-post-thumbnail","hentry","category-yucatan","entry","has-media"],"jetpack_featured_media_url":"http:\/\/vertienteglobal.com\/wp-content\/uploads\/2022\/04\/185_img_int_03_abr_2022_06h_62497a8103b97-660x330-1.jpg","_links":{"self":[{"href":"http:\/\/vertienteglobal.com\/index.php?rest_route=\/wp\/v2\/posts\/200935","targetHints":{"allow":["GET"]}}],"collection":[{"href":"http:\/\/vertienteglobal.com\/index.php?rest_route=\/wp\/v2\/posts"}],"about":[{"href":"http:\/\/vertienteglobal.com\/index.php?rest_route=\/wp\/v2\/types\/post"}],"author":[{"embeddable":true,"href":"http:\/\/vertienteglobal.com\/index.php?rest_route=\/wp\/v2\/users\/1"}],"replies":[{"embeddable":true,"href":"http:\/\/vertienteglobal.com\/index.php?rest_route=%2Fwp%2Fv2%2Fcomments&post=200935"}],"version-history":[{"count":0,"href":"http:\/\/vertienteglobal.com\/index.php?rest_route=\/wp\/v2\/posts\/200935\/revisions"}],"wp:featuredmedia":[{"embeddable":true,"href":"http:\/\/vertienteglobal.com\/index.php?rest_route=\/wp\/v2\/media\/200936"}],"wp:attachment":[{"href":"http:\/\/vertienteglobal.com\/index.php?rest_route=%2Fwp%2Fv2%2Fmedia&parent=200935"}],"wp:term":[{"taxonomy":"category","embeddable":true,"href":"http:\/\/vertienteglobal.com\/index.php?rest_route=%2Fwp%2Fv2%2Fcategories&post=200935"},{"taxonomy":"post_tag","embeddable":true,"href":"http:\/\/vertienteglobal.com\/index.php?rest_route=%2Fwp%2Fv2%2Ftags&post=200935"}],"curies":[{"name":"wp","href":"https:\/\/api.w.org\/{rel}","templated":true}]}}